{"id":102471,"date":"2019-11-17T13:28:00","date_gmt":"2019-11-17T16:28:00","guid":{"rendered":"http:\/\/www.hoymercedes.com.ar\/principal\/?p=102471"},"modified":"2019-11-17T14:29:56","modified_gmt":"2019-11-17T17:29:56","slug":"realizaron-charla-sobre-diabetes-en-la-camara-economica","status":"publish","type":"post","link":"https:\/\/www.hoymercedes.com.ar\/principal\/2019\/11\/17\/realizaron-charla-sobre-diabetes-en-la-camara-economica\/","title":{"rendered":"Realizaron charla sobre Diabetes en la C\u00e1mara Econ\u00f3mica"},"content":{"rendered":"\n<p><em>La disertaci\u00f3n estuvo a cargo de la nutricionista Micaela Blanco en el D\u00eda Mundial de la Diabetes<\/em>&#8211; <\/p>\n\n\n\n<figure class=\"wp-block-image size-large\"><img loading=\"lazy\" decoding=\"async\" width=\"800\" height=\"600\" data-attachment-id=\"102472\" data-permalink=\"https:\/\/www.hoymercedes.com.ar\/principal\/2019\/11\/17\/realizaron-charla-sobre-diabetes-en-la-camara-economica\/2019-cem-diabetes\/#main\" data-orig-file=\"https:\/\/www.hoymercedes.com.ar\/principal\/wp-content\/uploads\/2019\/11\/2019-CEM-diabetes.jpg\" data-orig-size=\"800,600\" data-comments-opened=\"0\" data-image-meta=\"{&quot;aperture&quot;:&quot;2&quot;,&quot;credit&quot;:&quot;&quot;,&quot;camera&quot;:&quot;Moto G (5S) Plus&quot;,&quot;caption&quot;:&quot;&quot;,&quot;created_timestamp&quot;:&quot;1573761231&quot;,&quot;copyright&quot;:&quot;&quot;,&quot;focal_length&quot;:&quot;3.59&quot;,&quot;iso&quot;:&quot;715&quot;,&quot;shutter_speed&quot;:&quot;0.04&quot;,&quot;title&quot;:&quot;&quot;,&quot;orientation&quot;:&quot;1&quot;}\" data-image-title=\"2019 CEM diabetes\" data-image-description=\"\" data-image-caption=\"\" data-large-file=\"https:\/\/www.hoymercedes.com.ar\/principal\/wp-content\/uploads\/2019\/11\/2019-CEM-diabetes.jpg\" src=\"https:\/\/www.hoymercedes.com.ar\/principal\/wp-content\/uploads\/2019\/11\/2019-CEM-diabetes.jpg\" alt=\"\" class=\"wp-image-102472\" srcset=\"https:\/\/www.hoymercedes.com.ar\/principal\/wp-content\/uploads\/2019\/11\/2019-CEM-diabetes.jpg 800w, https:\/\/www.hoymercedes.com.ar\/principal\/wp-content\/uploads\/2019\/11\/2019-CEM-diabetes-630x473.jpg 630w, https:\/\/www.hoymercedes.com.ar\/principal\/wp-content\/uploads\/2019\/11\/2019-CEM-diabetes-150x113.jpg 150w\" sizes=\"auto, (max-width: 800px) 100vw, 800px\" \/><\/figure>\n\n\n\n<p>En el marco\ndel D\u00eda Mundial de la Diabetes, la C\u00e1mara Econ\u00f3mica Mercedina llev\u00f3 adelante\nuna jornada abierta sobre el tema. La Licenciada en Nutrici\u00f3n Micaela Blanco\nfue invitada por las Mujeres CEM para que desarrollase en tema entre los\ninteresados que se hicieron presentes en la tarde del \u00faltimo jueves. <\/p>\n\n\n\n<p>La sala de\ncharlas de la CEM se vio colmada ante la convocatoria e invitaci\u00f3n que sum\u00f3 un\nagasajo con frutas y jugos sin az\u00facar para instar a los presentes a tener una\nalimentaci\u00f3n saludable. En su exposici\u00f3n, la Lic. Bianco busc\u00f3 conocer al\nauditorio consult\u00e1ndoles, en primera instancia, si sufr\u00edan la patolog\u00eda, tema\ncentral de la charla. Algunos de los presentes respondieron afirmativamente, y\nesto le permiti\u00f3 a la nutricionista enfatizar en las preguntas y problem\u00e1ticas\nde los presentes. <\/p>\n\n\n\n<p>A lo largo\ndel desarrollo de la charla, la Lic. Blanco explic\u00f3 qu\u00e9 es la diabetes, y\nenfatiz\u00f3 en los tipos de diabetes, en los alimentos que influyen en la\nproducci\u00f3n de insulina en el cuerpo humano, los factores de riesgos, los\ns\u00edntomas y c\u00f3mo se produce, la prevenci\u00f3n, los sustitutos del az\u00facar y los\nendulzantes naturales, entre otras cuestiones que fueron surgiendo a lo largo\nde la charla y las preguntas de los presentes. <\/p>\n\n\n\n<p>Desde la\nC\u00e1mara Econ\u00f3mica y las Mujeres CEM agradecieron a la nutricionista que volvi\u00f3 a\nresponder a la convocatoria e inquietud de la instituci\u00f3n y a las personas que\nse hicieron presentes para conocer y prevenir una patolog\u00eda que afecta a uno de\ncada diez argentinos. <\/p>\n","protected":false},"excerpt":{"rendered":"<p>La disertaci\u00f3n estuvo a cargo de la nutricionista Micaela Blanco en el D\u00eda Mundial de la Diabetes&#8211; En el marco &#8230; <a title=\"Realizaron charla sobre Diabetes en la C\u00e1mara Econ\u00f3mica\" class=\"read-more\" href=\"https:\/\/www.hoymercedes.com.ar\/principal\/2019\/11\/17\/realizaron-charla-sobre-diabetes-en-la-camara-economica\/\" aria-label=\"Leer m\u00e1s sobre Realizaron charla sobre Diabetes en la C\u00e1mara Econ\u00f3mica\">Leer m\u00e1s<\/a><\/p>\n","protected":false},"author":1,"featured_media":102472,"comment_status":"closed","ping_status":"open","sticky":false,"template":"","format":"standard","meta":{"_monsterinsights_skip_tracking":false,"_monsterinsights_sitenote_active":false,"_monsterinsights_sitenote_note":"","_monsterinsights_sitenote_category":0,"jetpack_post_was_ever_published":false,"_jetpack_newsletter_access":"","_jetpack_dont_email_post_to_subs":false,"_jetpack_newsletter_tier_id":0,"_jetpack_memberships_contains_paywalled_content":false,"_jetpack_memberships_contains_paid_content":false,"footnotes":"","jetpack_publicize_message":"","jetpack_publicize_feature_enabled":true,"jetpack_social_post_already_shared":true,"jetpack_social_options":{"image_generator_settings":{"template":"highway","default_image_id":0,"font":"","enabled":false},"version":2},"_wpas_customize_per_network":false},"categories":[8],"tags":[682,6540,10170,134],"class_list":["post-102471","post","type-post","status-publish","format-standard","has-post-thumbnail","hentry","category-sociedad","tag-cem","tag-charla","tag-diabetes","tag-salud","generate-columns","tablet-grid-50","mobile-grid-100","grid-parent","grid-50"],"jetpack_publicize_connections":[],"jetpack_featured_media_url":"https:\/\/www.hoymercedes.com.ar\/principal\/wp-content\/uploads\/2019\/11\/2019-CEM-diabetes.jpg","wps_subtitle":"En la tarde del jueves","jetpack_sharing_enabled":true,"_links":{"self":[{"href":"https:\/\/www.hoymercedes.com.ar\/principal\/wp-json\/wp\/v2\/posts\/102471","targetHints":{"allow":["GET"]}}],"collection":[{"href":"https:\/\/www.hoymercedes.com.ar\/principal\/wp-json\/wp\/v2\/posts"}],"about":[{"href":"https:\/\/www.hoymercedes.com.ar\/principal\/wp-json\/wp\/v2\/types\/post"}],"author":[{"embeddable":true,"href":"https:\/\/www.hoymercedes.com.ar\/principal\/wp-json\/wp\/v2\/users\/1"}],"replies":[{"embeddable":true,"href":"https:\/\/www.hoymercedes.com.ar\/principal\/wp-json\/wp\/v2\/comments?post=102471"}],"version-history":[{"count":0,"href":"https:\/\/www.hoymercedes.com.ar\/principal\/wp-json\/wp\/v2\/posts\/102471\/revisions"}],"wp:featuredmedia":[{"embeddable":true,"href":"https:\/\/www.hoymercedes.com.ar\/principal\/wp-json\/wp\/v2\/media\/102472"}],"wp:attachment":[{"href":"https:\/\/www.hoymercedes.com.ar\/principal\/wp-json\/wp\/v2\/media?parent=102471"}],"wp:term":[{"taxonomy":"category","embeddable":true,"href":"https:\/\/www.hoymercedes.com.ar\/principal\/wp-json\/wp\/v2\/categories?post=102471"},{"taxonomy":"post_tag","embeddable":true,"href":"https:\/\/www.hoymercedes.com.ar\/principal\/wp-json\/wp\/v2\/tags?post=102471"}],"curies":[{"name":"wp","href":"https:\/\/api.w.org\/{rel}","templated":true}]}}