{"id":102527,"date":"2019-11-18T03:04:48","date_gmt":"2019-11-18T06:04:48","guid":{"rendered":"http:\/\/www.hoymercedes.com.ar\/principal\/?p=102527"},"modified":"2019-11-18T14:46:08","modified_gmt":"2019-11-18T17:46:08","slug":"multitudinario-cierre-de-la-4-fiesta-de-la-tradicion","status":"publish","type":"post","link":"https:\/\/www.hoymercedes.com.ar\/principal\/2019\/11\/18\/multitudinario-cierre-de-la-4-fiesta-de-la-tradicion\/","title":{"rendered":"Multitudinario cierre de la 4\u00b0 Fiesta de la Tradici\u00f3n"},"content":{"rendered":"\n<p>La Fiesta de la Tradici\u00f3n fue un\ngran \u00e9xito de convocatoria. Con nuestra historia y ra\u00edces como eje se vivieron\ntres jornadas con grandes artistas y actividades. Inici\u00f3 el viernes con pe\u00f1a\npara continuar s\u00e1bado y domingo con una variada grilla de entretenimientos y\nm\u00fasica. \u201cEstamos muy felices. La fiesta ha sido espectacular desde el primer\nmomento, exponiendo lo mejor de nuestra cultura, tradici\u00f3n, historia, con\nsolidaridad y generando propuestas para toda la familia\u201d, coment\u00f3 el intendente\nUstarroz. <\/p>\n\n\n\n<figure class=\"wp-block-image size-large\"><img loading=\"lazy\" decoding=\"async\" width=\"948\" height=\"632\" data-attachment-id=\"102528\" data-permalink=\"https:\/\/www.hoymercedes.com.ar\/principal\/2019\/11\/18\/multitudinario-cierre-de-la-4-fiesta-de-la-tradicion\/dsc_0362\/#main\" data-orig-file=\"https:\/\/www.hoymercedes.com.ar\/principal\/wp-content\/uploads\/2019\/11\/DSC_0362.jpg\" data-orig-size=\"948,632\" data-comments-opened=\"0\" data-image-meta=\"{&quot;aperture&quot;:&quot;0&quot;,&quot;credit&quot;:&quot;&quot;,&quot;camera&quot;:&quot;&quot;,&quot;caption&quot;:&quot;&quot;,&quot;created_timestamp&quot;:&quot;0&quot;,&quot;copyright&quot;:&quot;&quot;,&quot;focal_length&quot;:&quot;0&quot;,&quot;iso&quot;:&quot;0&quot;,&quot;shutter_speed&quot;:&quot;0&quot;,&quot;title&quot;:&quot;&quot;,&quot;orientation&quot;:&quot;0&quot;}\" data-image-title=\"DSC_0362\" data-image-description=\"\" data-image-caption=\"\" data-large-file=\"https:\/\/www.hoymercedes.com.ar\/principal\/wp-content\/uploads\/2019\/11\/DSC_0362.jpg\" src=\"https:\/\/www.hoymercedes.com.ar\/principal\/wp-content\/uploads\/2019\/11\/DSC_0362.jpg\" alt=\"\" class=\"wp-image-102528\" srcset=\"https:\/\/www.hoymercedes.com.ar\/principal\/wp-content\/uploads\/2019\/11\/DSC_0362.jpg 948w, https:\/\/www.hoymercedes.com.ar\/principal\/wp-content\/uploads\/2019\/11\/DSC_0362-630x420.jpg 630w, https:\/\/www.hoymercedes.com.ar\/principal\/wp-content\/uploads\/2019\/11\/DSC_0362-150x100.jpg 150w\" sizes=\"auto, (max-width: 948px) 100vw, 948px\" \/><figcaption>Cierre a todo ritmo con Kino<\/figcaption><\/figure>\n\n\n\n<p><strong>Tres jornadas<\/strong><\/p>\n\n\n\n<p>La fiesta inici\u00f3 el viernes con\nuna \u201cpe\u00f1a\u201d, para continuar el s\u00e1bado y domingo en el Parque Municipal y La\nTrocha. Desfile gaucho, destrezas criollas, folklore, cumbia, artesanos,\ncantinas, almuerzo criollo, homenajes, sorteos, todos los condimentos tuvo este\ngran encuentro campero.<\/p>\n\n\n\n<figure class=\"wp-block-image size-large\"><img loading=\"lazy\" decoding=\"async\" width=\"1024\" height=\"576\" data-attachment-id=\"102529\" data-permalink=\"https:\/\/www.hoymercedes.com.ar\/principal\/2019\/11\/18\/multitudinario-cierre-de-la-4-fiesta-de-la-tradicion\/12-9\/#main\" data-orig-file=\"https:\/\/www.hoymercedes.com.ar\/principal\/wp-content\/uploads\/2019\/11\/12.jpeg\" data-orig-size=\"1280,720\" data-comments-opened=\"0\" data-image-meta=\"{&quot;aperture&quot;:&quot;0&quot;,&quot;credit&quot;:&quot;&quot;,&quot;camera&quot;:&quot;&quot;,&quot;caption&quot;:&quot;&quot;,&quot;created_timestamp&quot;:&quot;0&quot;,&quot;copyright&quot;:&quot;&quot;,&quot;focal_length&quot;:&quot;0&quot;,&quot;iso&quot;:&quot;0&quot;,&quot;shutter_speed&quot;:&quot;0&quot;,&quot;title&quot;:&quot;&quot;,&quot;orientation&quot;:&quot;0&quot;}\" data-image-title=\"12\" data-image-description=\"\" data-image-caption=\"\" data-large-file=\"https:\/\/www.hoymercedes.com.ar\/principal\/wp-content\/uploads\/2019\/11\/12-1024x576.jpeg\" src=\"https:\/\/www.hoymercedes.com.ar\/principal\/wp-content\/uploads\/2019\/11\/12-1024x576.jpeg\" alt=\"\" class=\"wp-image-102529\" srcset=\"https:\/\/www.hoymercedes.com.ar\/principal\/wp-content\/uploads\/2019\/11\/12-1024x576.jpeg 1024w, https:\/\/www.hoymercedes.com.ar\/principal\/wp-content\/uploads\/2019\/11\/12-630x354.jpeg 630w, https:\/\/www.hoymercedes.com.ar\/principal\/wp-content\/uploads\/2019\/11\/12-150x84.jpeg 150w, https:\/\/www.hoymercedes.com.ar\/principal\/wp-content\/uploads\/2019\/11\/12.jpeg 1280w\" sizes=\"auto, (max-width: 1024px) 100vw, 1024px\" \/><figcaption>Gran asistencia de p\u00fablico<\/figcaption><\/figure>\n\n\n\n<p><strong>Crecimiento<\/strong><\/p>\n\n\n\n<p>Guillemos Vola, desde Amigos\nPe\u00f1eros, afirmo que \u201ces una fiesta que inici\u00f3 all\u00e1 por el 2016 y crece a\u00f1o a\na\u00f1o. Hoy se ve colmado el Parque y tenemos una satisfacci\u00f3n enorme de toda la\ncomisi\u00f3n que ama nuestra cultura, el folklore, y desde esta comisi\u00f3n que\ntrabaja tanto y apoya a los artistas locales, c\u00f3mo tambi\u00e9n lo hace el\nmunicipio, hay que recalcarlo\u201d y destac\u00f3 que \u201cpensamos en ellos, en los\nballets, en la paisanada, y surgi\u00f3 esto que el intendente recogi\u00f3 la propuesta\ny gracias al apoyo de su gesti\u00f3n, del gabinete, de todos los empleados municipales\nque son fundamentales. Por eso estamos s\u00faper contentos\u201d y cont\u00f3 que \u201choy hubo\n25 tropillas, m\u00e1s de 30 centros tradicionalistas de la ciudad y la zona, que nos\ndan palabras de aliento y empuje por esta fiesta por la cual trabajamos mucho\u201d\nafirm\u00f3 quien es un referente de la cultura campera y de la Comisi\u00f3n de Amigos\nPe\u00f1eros mencionando que \u201cel intendente es un intendente gaucho, que es estar al\nlado de la gente, as\u00ed que gracias\u201d<\/p>\n\n\n\n<figure class=\"wp-block-image size-large\"><img loading=\"lazy\" decoding=\"async\" width=\"948\" height=\"632\" data-attachment-id=\"102530\" data-permalink=\"https:\/\/www.hoymercedes.com.ar\/principal\/2019\/11\/18\/multitudinario-cierre-de-la-4-fiesta-de-la-tradicion\/dsc_0292-2\/#main\" data-orig-file=\"https:\/\/www.hoymercedes.com.ar\/principal\/wp-content\/uploads\/2019\/11\/DSC_0292.jpg\" data-orig-size=\"948,632\" data-comments-opened=\"0\" data-image-meta=\"{&quot;aperture&quot;:&quot;0&quot;,&quot;credit&quot;:&quot;&quot;,&quot;camera&quot;:&quot;&quot;,&quot;caption&quot;:&quot;&quot;,&quot;created_timestamp&quot;:&quot;0&quot;,&quot;copyright&quot;:&quot;&quot;,&quot;focal_length&quot;:&quot;0&quot;,&quot;iso&quot;:&quot;0&quot;,&quot;shutter_speed&quot;:&quot;0&quot;,&quot;title&quot;:&quot;&quot;,&quot;orientation&quot;:&quot;0&quot;}\" data-image-title=\"DSC_0292\" data-image-description=\"\" data-image-caption=\"\" data-large-file=\"https:\/\/www.hoymercedes.com.ar\/principal\/wp-content\/uploads\/2019\/11\/DSC_0292.jpg\" src=\"https:\/\/www.hoymercedes.com.ar\/principal\/wp-content\/uploads\/2019\/11\/DSC_0292.jpg\" alt=\"\" class=\"wp-image-102530\" srcset=\"https:\/\/www.hoymercedes.com.ar\/principal\/wp-content\/uploads\/2019\/11\/DSC_0292.jpg 948w, https:\/\/www.hoymercedes.com.ar\/principal\/wp-content\/uploads\/2019\/11\/DSC_0292-630x420.jpg 630w, https:\/\/www.hoymercedes.com.ar\/principal\/wp-content\/uploads\/2019\/11\/DSC_0292-150x100.jpg 150w\" sizes=\"auto, (max-width: 948px) 100vw, 948px\" \/><figcaption>Intendente Ustarroz junto a Amigos Pe\u00f1eros<\/figcaption><\/figure>\n\n\n\n<p><strong>Agradecimientos<\/strong><\/p>\n\n\n\n<p>Por su parte, el jefe comunal,\nDr. Juan Ignacio Ustarroz pidi\u00f3 \u201cun gran aplauso para los Amigos Pe\u00f1eros que\ndesde hace tanto tiempo vienen trabajando y lo hacen durante todo el a\u00f1o para\nque esta realidad sea lo que es, un gran \u00e9xito de encuentro familiar\u201d coment\u00f3 y\nexpres\u00f3 que \u201cgracias a los trabajadores municipales que son fundamentales y a\nlos presentes\u201d mencionando que \u201cnuestra ciudad tiene muchas fiestas populares y\nes un acierto, porque siempre vienen much\u00edsimas personas, siendo adem\u00e1s una\nposibilidad para muchos de trabajar y para encontrarnos, disfrutar de la\ncultura, la historia, la tradici\u00f3n y valores. Gracias a los artistas y este\ngran grupo que son los Amigos Pe\u00f1eros\u201d sin olvidar de felicitar \u201ca las\ninstituciones con las cantinas solidarias, a cada uno que puso su granito de\narena\u201d<\/p>\n\n\n\n<figure class=\"wp-block-image size-large\"><img loading=\"lazy\" decoding=\"async\" width=\"948\" height=\"632\" data-attachment-id=\"102531\" data-permalink=\"https:\/\/www.hoymercedes.com.ar\/principal\/2019\/11\/18\/multitudinario-cierre-de-la-4-fiesta-de-la-tradicion\/dsc_0154-2\/#main\" data-orig-file=\"https:\/\/www.hoymercedes.com.ar\/principal\/wp-content\/uploads\/2019\/11\/DSC_0154.jpg\" data-orig-size=\"948,632\" data-comments-opened=\"0\" data-image-meta=\"{&quot;aperture&quot;:&quot;0&quot;,&quot;credit&quot;:&quot;&quot;,&quot;camera&quot;:&quot;&quot;,&quot;caption&quot;:&quot;&quot;,&quot;created_timestamp&quot;:&quot;0&quot;,&quot;copyright&quot;:&quot;&quot;,&quot;focal_length&quot;:&quot;0&quot;,&quot;iso&quot;:&quot;0&quot;,&quot;shutter_speed&quot;:&quot;0&quot;,&quot;title&quot;:&quot;&quot;,&quot;orientation&quot;:&quot;0&quot;}\" data-image-title=\"DSC_0154\" data-image-description=\"\" data-image-caption=\"\" data-large-file=\"https:\/\/www.hoymercedes.com.ar\/principal\/wp-content\/uploads\/2019\/11\/DSC_0154.jpg\" src=\"https:\/\/www.hoymercedes.com.ar\/principal\/wp-content\/uploads\/2019\/11\/DSC_0154.jpg\" alt=\"\" class=\"wp-image-102531\" srcset=\"https:\/\/www.hoymercedes.com.ar\/principal\/wp-content\/uploads\/2019\/11\/DSC_0154.jpg 948w, https:\/\/www.hoymercedes.com.ar\/principal\/wp-content\/uploads\/2019\/11\/DSC_0154-630x420.jpg 630w, https:\/\/www.hoymercedes.com.ar\/principal\/wp-content\/uploads\/2019\/11\/DSC_0154-150x100.jpg 150w\" sizes=\"auto, (max-width: 948px) 100vw, 948px\" \/><figcaption>Exposici\u00f3n campera<\/figcaption><\/figure>\n\n\n\n<p>Juan Pablo L\u00f3pez Baggio, coment\u00f3\nque \u201cestamos muy emocionados. Cada d\u00eda fue una fiesta, pero sin duda este\ndomingo fue maravilloso por los miles presentes que nos regalaron un marco inolvidable\u201d\ny afirm\u00f3 que \u201ces posible gracias al trabajo de los pe\u00f1eros, de los\ntrabajadores, los aristas, los puesteros, cada uno que puso su granito de arena\npara que los mercedinos y las familias tengamos esta fiesta impecable\u201d <\/p>\n\n\n\n<figure class=\"wp-block-image size-large\"><img loading=\"lazy\" decoding=\"async\" width=\"948\" height=\"632\" data-attachment-id=\"102532\" data-permalink=\"https:\/\/www.hoymercedes.com.ar\/principal\/2019\/11\/18\/multitudinario-cierre-de-la-4-fiesta-de-la-tradicion\/dsc_0341\/#main\" data-orig-file=\"https:\/\/www.hoymercedes.com.ar\/principal\/wp-content\/uploads\/2019\/11\/DSC_0341.jpg\" data-orig-size=\"948,632\" data-comments-opened=\"0\" data-image-meta=\"{&quot;aperture&quot;:&quot;0&quot;,&quot;credit&quot;:&quot;&quot;,&quot;camera&quot;:&quot;&quot;,&quot;caption&quot;:&quot;&quot;,&quot;created_timestamp&quot;:&quot;0&quot;,&quot;copyright&quot;:&quot;&quot;,&quot;focal_length&quot;:&quot;0&quot;,&quot;iso&quot;:&quot;0&quot;,&quot;shutter_speed&quot;:&quot;0&quot;,&quot;title&quot;:&quot;&quot;,&quot;orientation&quot;:&quot;0&quot;}\" data-image-title=\"DSC_0341\" data-image-description=\"\" data-image-caption=\"\" data-large-file=\"https:\/\/www.hoymercedes.com.ar\/principal\/wp-content\/uploads\/2019\/11\/DSC_0341.jpg\" src=\"https:\/\/www.hoymercedes.com.ar\/principal\/wp-content\/uploads\/2019\/11\/DSC_0341.jpg\" alt=\"\" class=\"wp-image-102532\" srcset=\"https:\/\/www.hoymercedes.com.ar\/principal\/wp-content\/uploads\/2019\/11\/DSC_0341.jpg 948w, https:\/\/www.hoymercedes.com.ar\/principal\/wp-content\/uploads\/2019\/11\/DSC_0341-630x420.jpg 630w, https:\/\/www.hoymercedes.com.ar\/principal\/wp-content\/uploads\/2019\/11\/DSC_0341-150x100.jpg 150w\" sizes=\"auto, (max-width: 948px) 100vw, 948px\" \/><figcaption>Fiesta y encuentro familiar <\/figcaption><\/figure>\n\n\n\n<p><strong>Multitud<\/strong><\/p>\n\n\n\n<p>El domingo, el cierre, fue con un\nmarco de p\u00fablico enorme, donde miles de mercedinos y visitantes disfrutaron de\ncada espect\u00e1culo y el cierre a todo ritmo tropical con el cantante Kino,\ngenerando en el Parque nuevamente una pista de baile y canto generalizada con\nun clima y predio ideal. <\/p>\n\n\n\n<figure class=\"wp-block-image size-large\"><img loading=\"lazy\" decoding=\"async\" width=\"948\" height=\"632\" data-attachment-id=\"102533\" data-permalink=\"https:\/\/www.hoymercedes.com.ar\/principal\/2019\/11\/18\/multitudinario-cierre-de-la-4-fiesta-de-la-tradicion\/dsc_0210\/#main\" data-orig-file=\"https:\/\/www.hoymercedes.com.ar\/principal\/wp-content\/uploads\/2019\/11\/DSC_0210.jpg\" data-orig-size=\"948,632\" data-comments-opened=\"0\" data-image-meta=\"{&quot;aperture&quot;:&quot;0&quot;,&quot;credit&quot;:&quot;&quot;,&quot;camera&quot;:&quot;&quot;,&quot;caption&quot;:&quot;&quot;,&quot;created_timestamp&quot;:&quot;0&quot;,&quot;copyright&quot;:&quot;&quot;,&quot;focal_length&quot;:&quot;0&quot;,&quot;iso&quot;:&quot;0&quot;,&quot;shutter_speed&quot;:&quot;0&quot;,&quot;title&quot;:&quot;&quot;,&quot;orientation&quot;:&quot;0&quot;}\" data-image-title=\"DSC_0210\" data-image-description=\"\" data-image-caption=\"\" data-large-file=\"https:\/\/www.hoymercedes.com.ar\/principal\/wp-content\/uploads\/2019\/11\/DSC_0210.jpg\" src=\"https:\/\/www.hoymercedes.com.ar\/principal\/wp-content\/uploads\/2019\/11\/DSC_0210.jpg\" alt=\"\" class=\"wp-image-102533\" srcset=\"https:\/\/www.hoymercedes.com.ar\/principal\/wp-content\/uploads\/2019\/11\/DSC_0210.jpg 948w, https:\/\/www.hoymercedes.com.ar\/principal\/wp-content\/uploads\/2019\/11\/DSC_0210-630x420.jpg 630w, https:\/\/www.hoymercedes.com.ar\/principal\/wp-content\/uploads\/2019\/11\/DSC_0210-150x100.jpg 150w\" sizes=\"auto, (max-width: 948px) 100vw, 948px\" \/><figcaption>Organizaciones gauchas tambi\u00e9n presentes<\/figcaption><\/figure>\n\n\n\n<p><strong>Artistas<\/strong><\/p>\n\n\n\n<p>Las tres jornadas contaron con una variada grilla compuesta por Estilo Malambo, los payadores de Jes\u00fas Mar\u00eda Nicol\u00e1s Membriani y Calos Marchesini el viernes. El s\u00e1bado se disfrut\u00f3 de Herederos de mi tierra, Fernando Pazos y la Yunta, Ballet Almafuerte, Gonzalo Jes\u00fas, Pasi\u00f3n gaucha, Semilla agreste, El bagual, Sachapampa, Ballet virgencita de Luj\u00e1n, Los L\u00f3pez Heredia, Juanjo Abreg\u00fa, Candela Mazza mientras que el domingo inici\u00f3 con el desfile gaucho y el baile de los ballets participantes, para luego seguir con Ayek\u00e1n, Sebasti\u00e1n Giovanetone, Pehuamayen, Pablo Aschero, Ballet Nuestra se\u00f1ora de las Mercedes, Oscar Rosello, Ballet municipal, Nico Cercola, Marcelo Miraglia y el cierre de Kino.<\/p>\n\n\n\n<figure class=\"wp-block-image size-large\"><img loading=\"lazy\" decoding=\"async\" width=\"948\" height=\"632\" data-attachment-id=\"102534\" data-permalink=\"https:\/\/www.hoymercedes.com.ar\/principal\/2019\/11\/18\/multitudinario-cierre-de-la-4-fiesta-de-la-tradicion\/dsc_0164\/#main\" data-orig-file=\"https:\/\/www.hoymercedes.com.ar\/principal\/wp-content\/uploads\/2019\/11\/DSC_0164.jpg\" data-orig-size=\"948,632\" data-comments-opened=\"0\" data-image-meta=\"{&quot;aperture&quot;:&quot;0&quot;,&quot;credit&quot;:&quot;&quot;,&quot;camera&quot;:&quot;&quot;,&quot;caption&quot;:&quot;&quot;,&quot;created_timestamp&quot;:&quot;0&quot;,&quot;copyright&quot;:&quot;&quot;,&quot;focal_length&quot;:&quot;0&quot;,&quot;iso&quot;:&quot;0&quot;,&quot;shutter_speed&quot;:&quot;0&quot;,&quot;title&quot;:&quot;&quot;,&quot;orientation&quot;:&quot;0&quot;}\" data-image-title=\"DSC_0164\" data-image-description=\"\" data-image-caption=\"\" data-large-file=\"https:\/\/www.hoymercedes.com.ar\/principal\/wp-content\/uploads\/2019\/11\/DSC_0164.jpg\" src=\"https:\/\/www.hoymercedes.com.ar\/principal\/wp-content\/uploads\/2019\/11\/DSC_0164.jpg\" alt=\"\" class=\"wp-image-102534\" srcset=\"https:\/\/www.hoymercedes.com.ar\/principal\/wp-content\/uploads\/2019\/11\/DSC_0164.jpg 948w, https:\/\/www.hoymercedes.com.ar\/principal\/wp-content\/uploads\/2019\/11\/DSC_0164-630x420.jpg 630w, https:\/\/www.hoymercedes.com.ar\/principal\/wp-content\/uploads\/2019\/11\/DSC_0164-150x100.jpg 150w\" sizes=\"auto, (max-width: 948px) 100vw, 948px\" \/><figcaption>Hubo artesanos y cantinas solidarias<\/figcaption><\/figure>\n\n\n\n<figure class=\"wp-block-image size-large\"><img loading=\"lazy\" decoding=\"async\" width=\"948\" height=\"632\" data-attachment-id=\"102535\" data-permalink=\"https:\/\/www.hoymercedes.com.ar\/principal\/2019\/11\/18\/multitudinario-cierre-de-la-4-fiesta-de-la-tradicion\/dsc_0243\/#main\" data-orig-file=\"https:\/\/www.hoymercedes.com.ar\/principal\/wp-content\/uploads\/2019\/11\/DSC_0243.jpg\" data-orig-size=\"948,632\" data-comments-opened=\"0\" data-image-meta=\"{&quot;aperture&quot;:&quot;0&quot;,&quot;credit&quot;:&quot;&quot;,&quot;camera&quot;:&quot;&quot;,&quot;caption&quot;:&quot;&quot;,&quot;created_timestamp&quot;:&quot;0&quot;,&quot;copyright&quot;:&quot;&quot;,&quot;focal_length&quot;:&quot;0&quot;,&quot;iso&quot;:&quot;0&quot;,&quot;shutter_speed&quot;:&quot;0&quot;,&quot;title&quot;:&quot;&quot;,&quot;orientation&quot;:&quot;0&quot;}\" data-image-title=\"DSC_0243\" data-image-description=\"\" data-image-caption=\"\" data-large-file=\"https:\/\/www.hoymercedes.com.ar\/principal\/wp-content\/uploads\/2019\/11\/DSC_0243.jpg\" src=\"https:\/\/www.hoymercedes.com.ar\/principal\/wp-content\/uploads\/2019\/11\/DSC_0243.jpg\" alt=\"\" class=\"wp-image-102535\" srcset=\"https:\/\/www.hoymercedes.com.ar\/principal\/wp-content\/uploads\/2019\/11\/DSC_0243.jpg 948w, https:\/\/www.hoymercedes.com.ar\/principal\/wp-content\/uploads\/2019\/11\/DSC_0243-630x420.jpg 630w, https:\/\/www.hoymercedes.com.ar\/principal\/wp-content\/uploads\/2019\/11\/DSC_0243-150x100.jpg 150w\" sizes=\"auto, (max-width: 948px) 100vw, 948px\" \/><figcaption>Hubo premios a quienes efectuaron destrazas<br><\/figcaption><\/figure>\n\n\n\n<p>Info: Dir.Cultura<\/p>\n","protected":false},"excerpt":{"rendered":"<p>La Fiesta de la Tradici\u00f3n fue un gran \u00e9xito de convocatoria. Con nuestra historia y ra\u00edces como eje se vivieron &#8230; <a title=\"Multitudinario cierre de la 4\u00b0 Fiesta de la Tradici\u00f3n\" class=\"read-more\" href=\"https:\/\/www.hoymercedes.com.ar\/principal\/2019\/11\/18\/multitudinario-cierre-de-la-4-fiesta-de-la-tradicion\/\" aria-label=\"Leer m\u00e1s sobre Multitudinario cierre de la 4\u00b0 Fiesta de la Tradici\u00f3n\">Leer m\u00e1s<\/a><\/p>\n","protected":false},"author":1,"featured_media":102528,"comment_status":"closed","ping_status":"open","sticky":false,"template":"","format":"standard","meta":{"_monsterinsights_skip_tracking":false,"_monsterinsights_sitenote_active":false,"_monsterinsights_sitenote_note":"","_monsterinsights_sitenote_category":0,"jetpack_post_was_ever_published":false,"_jetpack_newsletter_access":"","_jetpack_dont_email_post_to_subs":false,"_jetpack_newsletter_tier_id":0,"_jetpack_memberships_contains_paywalled_content":false,"_jetpack_memberships_contains_paid_content":false,"footnotes":"","jetpack_publicize_message":"","jetpack_publicize_feature_enabled":true,"jetpack_social_post_already_shared":true,"jetpack_social_options":{"image_generator_settings":{"template":"highway","default_image_id":0,"font":"","enabled":false},"version":2},"_wpas_customize_per_network":false},"categories":[30],"tags":[6412,244,424],"class_list":["post-102527","post","type-post","status-publish","format-standard","has-post-thumbnail","hentry","category-municipio","tag-fiesta-de-la-tradicion","tag-municipio-2","tag-ustarroz","generate-columns","tablet-grid-50","mobile-grid-100","grid-parent","grid-50"],"jetpack_publicize_connections":[],"jetpack_featured_media_url":"https:\/\/www.hoymercedes.com.ar\/principal\/wp-content\/uploads\/2019\/11\/DSC_0362.jpg","wps_subtitle":"Fiestas Mercedinas","jetpack_sharing_enabled":true,"_links":{"self":[{"href":"https:\/\/www.hoymercedes.com.ar\/principal\/wp-json\/wp\/v2\/posts\/102527","targetHints":{"allow":["GET"]}}],"collection":[{"href":"https:\/\/www.hoymercedes.com.ar\/principal\/wp-json\/wp\/v2\/posts"}],"about":[{"href":"https:\/\/www.hoymercedes.com.ar\/principal\/wp-json\/wp\/v2\/types\/post"}],"author":[{"embeddable":true,"href":"https:\/\/www.hoymercedes.com.ar\/principal\/wp-json\/wp\/v2\/users\/1"}],"replies":[{"embeddable":true,"href":"https:\/\/www.hoymercedes.com.ar\/principal\/wp-json\/wp\/v2\/comments?post=102527"}],"version-history":[{"count":0,"href":"https:\/\/www.hoymercedes.com.ar\/principal\/wp-json\/wp\/v2\/posts\/102527\/revisions"}],"wp:featuredmedia":[{"embeddable":true,"href":"https:\/\/www.hoymercedes.com.ar\/principal\/wp-json\/wp\/v2\/media\/102528"}],"wp:attachment":[{"href":"https:\/\/www.hoymercedes.com.ar\/principal\/wp-json\/wp\/v2\/media?parent=102527"}],"wp:term":[{"taxonomy":"category","embeddable":true,"href":"https:\/\/www.hoymercedes.com.ar\/principal\/wp-json\/wp\/v2\/categories?post=102527"},{"taxonomy":"post_tag","embeddable":true,"href":"https:\/\/www.hoymercedes.com.ar\/principal\/wp-json\/wp\/v2\/tags?post=102527"}],"curies":[{"name":"wp","href":"https:\/\/api.w.org\/{rel}","templated":true}]}}