{"id":102543,"date":"2019-11-20T08:32:23","date_gmt":"2019-11-20T11:32:23","guid":{"rendered":"http:\/\/www.hoymercedes.com.ar\/principal\/?p=102543"},"modified":"2019-11-20T08:32:31","modified_gmt":"2019-11-20T11:32:31","slug":"homenaje-a-victimas-de-siniestros-viales-en-el-dia-mundial","status":"publish","type":"post","link":"https:\/\/www.hoymercedes.com.ar\/principal\/2019\/11\/20\/homenaje-a-victimas-de-siniestros-viales-en-el-dia-mundial\/","title":{"rendered":"Homenaje a v\u00edctimas de siniestros viales en el d\u00eda mundial"},"content":{"rendered":"\n<p><em>El monumento que recuerda a la v\u00edctimas de siniestros viales en la Plaza San Luis fue el epicentro del acto central que record\u00f3 a los fallecidos tr\u00e1gicamente.  <\/em><\/p>\n\n\n\n<figure class=\"wp-block-image size-large\"><img loading=\"lazy\" decoding=\"async\" width=\"800\" height=\"533\" data-attachment-id=\"102588\" data-permalink=\"https:\/\/www.hoymercedes.com.ar\/principal\/19-siniestros-viales-2\/\" data-orig-file=\"https:\/\/www.hoymercedes.com.ar\/principal\/wp-content\/uploads\/2019\/11\/19-siniestros-viales-2.jpg\" data-orig-size=\"800,533\" data-comments-opened=\"0\" data-image-meta=\"{&quot;aperture&quot;:&quot;0&quot;,&quot;credit&quot;:&quot;&quot;,&quot;camera&quot;:&quot;&quot;,&quot;caption&quot;:&quot;&quot;,&quot;created_timestamp&quot;:&quot;0&quot;,&quot;copyright&quot;:&quot;&quot;,&quot;focal_length&quot;:&quot;0&quot;,&quot;iso&quot;:&quot;0&quot;,&quot;shutter_speed&quot;:&quot;0&quot;,&quot;title&quot;:&quot;&quot;,&quot;orientation&quot;:&quot;0&quot;}\" data-image-title=\"19 siniestros viales 2\" data-image-description=\"\" data-image-caption=\"\" data-large-file=\"https:\/\/www.hoymercedes.com.ar\/principal\/wp-content\/uploads\/2019\/11\/19-siniestros-viales-2.jpg\" src=\"https:\/\/www.hoymercedes.com.ar\/principal\/wp-content\/uploads\/2019\/11\/19-siniestros-viales-2.jpg\" alt=\"\" class=\"wp-image-102588\"\/><\/figure>\n\n\n\n<p>El tercer domingo de\nnoviembre, a nivel internacional se recuerda a las v\u00edctimas fatales en\nsiniestros viales. Motivados por esta fecha es que el Grupo Estrellas\nAmarillas, familiares de v\u00edctimas de hechos en el tr\u00e1nsito y el Municipio de\nMercedes es que realizaron entre el s\u00e1bado y domingo dos acciones que\nrecordaron a mercedinos fallecidos en choques vehiculares. <\/p>\n\n\n\n<p>Mientras el s\u00e1bado por la\ntarde, los asistentes se dieron cita a la vera del r\u00edo Luj\u00e1n, promediando la\nma\u00f1ana del domingo, el encuentro fue en la Plaza San Luis, cerca de la esquina\nde 22 y 15, donde se encuentra la escultura inaugurada en junio pasado que\nrepresenta el vac\u00edo que sienten las familias al perder a un ser querido de\nmanera repentina producto de la imprudencia y el incumplimiento de las leyes de\ntr\u00e1nsito. <\/p>\n\n\n\n<p>All\u00ed, a los pies de la escultura dise\u00f1ada por Jorge Blanco, el Municipio, Estrellas Amarillas y Tecpremer colocaron ofrendas florales con el amarillo como color predominante. Las palabras ante los presentes estuvieron a cargo de una de las representantes del Grupo Estrellas Amarillas Mercedes, Ana Torres. <\/p>\n\n\n\n<figure class=\"wp-block-image size-large\"><img loading=\"lazy\" decoding=\"async\" width=\"800\" height=\"534\" data-attachment-id=\"102590\" data-permalink=\"https:\/\/www.hoymercedes.com.ar\/principal\/19-siniestros-viales-4\/\" data-orig-file=\"https:\/\/www.hoymercedes.com.ar\/principal\/wp-content\/uploads\/2019\/11\/19-siniestros-viales-4.jpg\" data-orig-size=\"800,534\" data-comments-opened=\"0\" data-image-meta=\"{&quot;aperture&quot;:&quot;0&quot;,&quot;credit&quot;:&quot;&quot;,&quot;camera&quot;:&quot;&quot;,&quot;caption&quot;:&quot;&quot;,&quot;created_timestamp&quot;:&quot;0&quot;,&quot;copyright&quot;:&quot;&quot;,&quot;focal_length&quot;:&quot;0&quot;,&quot;iso&quot;:&quot;0&quot;,&quot;shutter_speed&quot;:&quot;0&quot;,&quot;title&quot;:&quot;&quot;,&quot;orientation&quot;:&quot;0&quot;}\" data-image-title=\"19 siniestros viales 4\" data-image-description=\"\" data-image-caption=\"\" data-large-file=\"https:\/\/www.hoymercedes.com.ar\/principal\/wp-content\/uploads\/2019\/11\/19-siniestros-viales-4.jpg\" src=\"https:\/\/www.hoymercedes.com.ar\/principal\/wp-content\/uploads\/2019\/11\/19-siniestros-viales-4.jpg\" alt=\"\" class=\"wp-image-102590\"\/><\/figure>\n\n\n\n<p>\u201cDesde el viernes, como\nfamiliares de v\u00edctimas de siniestros viales estamos haciendo diferentes\nacciones, unidos a todas las acciones que hay en todo el pa\u00eds. El viernes\nestuvimos en un Congreso en San Mart\u00edn. Siempre llevando nuestra palabra,\nnuestro testimonio. Ac\u00e1 hacemos mucho, los familiares, el municipio, pero somos\nconscientes que hace falta mucho m\u00e1s. En nuestra ciudad y en todo el pa\u00eds.\nMueren 20 personas por d\u00eda por siniestros viales. Se hizo una caminata\nalrededor del Obelisco el viernes acompa\u00f1ando a todos los familiares de todo el\npa\u00eds\u201d, expres\u00f3 Ana para previamente agradecer a las instituciones que colaboran\ncon el grupo y a instar a m\u00e1s vecinos a sumarse a la prevenci\u00f3n de siniestros\nviales. <\/p>\n\n\n\n<p>Tambi\u00e9n tomaron la palabra la\ncoordinadora de tr\u00e1nsito, Nancy Okos, y el Intendente Municipal Juan Ignacio\nUstarroz. En su intervenci\u00f3n, el Jefe Comunal destac\u00f3 que \u201cel acto de amor\u201d de\nlos familiares es central para el cuidado de todos los vecinos. \u201cParece simple\nporque es cumplir con las normas, pero nos falta camino por recorrer. En ese\ncamino, las voces de las familias y las estrellas son las que nos dan fuerza y\nnos iluminan. Sabemos que una de las materias pendientes tiene que ver con la\nseguridad vial y la complejidad que tiene. Uno cree que nunca le va a tocar y\ndesde ah\u00ed se genera el nivel de inconsciencia y de falta de respeto por la vida\ndel otro y por la vida propia\u201d, resalt\u00f3 Ustarroz y agradeci\u00f3 al Grupo por\nimpulsar las propuestas preventivas. <\/p>\n\n\n\n<p>A trav\u00e9s de un decreto\nmunicipal se estableci\u00f3 que el Municipio de Mercedes adhiere a la fecha tal\ncomo se hace a nivel internacional y se promueve para que todos los a\u00f1os se\nrealicen acciones de concientizaci\u00f3n sobre la seguridad vial y recuerde a las\nv\u00edctimas fatales por siniestros viales. <\/p>\n\n\n\n<p>Entre los presentes se encontraban los Bomberos Voluntarios, el Jefe de Gabinete Mat\u00edas Dematei y la Subsecretaria de Seguridad Clara Zunino. <\/p>\n\n\n\n<figure class=\"wp-block-image size-large\"><img loading=\"lazy\" decoding=\"async\" width=\"800\" height=\"600\" data-attachment-id=\"102589\" data-permalink=\"https:\/\/www.hoymercedes.com.ar\/principal\/19-siniestros-viales-3\/\" data-orig-file=\"https:\/\/www.hoymercedes.com.ar\/principal\/wp-content\/uploads\/2019\/11\/19-siniestros-viales-3.jpg\" data-orig-size=\"800,600\" data-comments-opened=\"0\" data-image-meta=\"{&quot;aperture&quot;:&quot;0&quot;,&quot;credit&quot;:&quot;&quot;,&quot;camera&quot;:&quot;&quot;,&quot;caption&quot;:&quot;&quot;,&quot;created_timestamp&quot;:&quot;0&quot;,&quot;copyright&quot;:&quot;&quot;,&quot;focal_length&quot;:&quot;0&quot;,&quot;iso&quot;:&quot;0&quot;,&quot;shutter_speed&quot;:&quot;0&quot;,&quot;title&quot;:&quot;&quot;,&quot;orientation&quot;:&quot;0&quot;}\" data-image-title=\"19 siniestros viales 3\" data-image-description=\"\" data-image-caption=\"\" data-large-file=\"https:\/\/www.hoymercedes.com.ar\/principal\/wp-content\/uploads\/2019\/11\/19-siniestros-viales-3.jpg\" src=\"https:\/\/www.hoymercedes.com.ar\/principal\/wp-content\/uploads\/2019\/11\/19-siniestros-viales-3.jpg\" alt=\"\" class=\"wp-image-102589\"\/><\/figure>\n\n\n\n<p>Poema de Quique Rivero<\/p>\n\n\n\n<p>Hay una estrella amarilla. <br> por las calles de mi pueblo. <br> una vida se ha perdido <br> el dolor brilla en el suelo <br> en la jungla de cemento <br> el transito se aglutina <br> la muerte est\u00e1 al acecho <br> a la vuelta de la esquina. <br> el espacio quedo chico <br> los cambios se aceleraron. <br> el diablo corre a la par. <br> y dios quedo rezagado <br> no hay prevenci\u00f3n que alcance <br> la conciencia est\u00e1 alterada. <br> no hay dimensi\u00f3n del peligro <br> la vida no vale nada <br> cada vez hay m\u00e1s estrellas <br> son tantas que yo veo <br> que el alma se me estremece. <br> cuanto dolor sin consuelo. <br> cuando veas una estrella. <br> mirala con atenci\u00f3n\u2026\u2026\u2026\u2026. <br> no siempre le pasa al otro <br> y el otro podes ser vos \u2026<\/p>\n\n\n\n<figure class=\"wp-block-image size-large\"><img loading=\"lazy\" decoding=\"async\" width=\"800\" height=\"599\" data-attachment-id=\"102587\" data-permalink=\"https:\/\/www.hoymercedes.com.ar\/principal\/19-siniestros-viales-1\/\" data-orig-file=\"https:\/\/www.hoymercedes.com.ar\/principal\/wp-content\/uploads\/2019\/11\/19-siniestros-viales-1.jpg\" data-orig-size=\"800,599\" data-comments-opened=\"0\" data-image-meta=\"{&quot;aperture&quot;:&quot;0&quot;,&quot;credit&quot;:&quot;&quot;,&quot;camera&quot;:&quot;&quot;,&quot;caption&quot;:&quot;&quot;,&quot;created_timestamp&quot;:&quot;0&quot;,&quot;copyright&quot;:&quot;&quot;,&quot;focal_length&quot;:&quot;0&quot;,&quot;iso&quot;:&quot;0&quot;,&quot;shutter_speed&quot;:&quot;0&quot;,&quot;title&quot;:&quot;&quot;,&quot;orientation&quot;:&quot;0&quot;}\" data-image-title=\"19 siniestros viales 1\" data-image-description=\"\" data-image-caption=\"\" data-large-file=\"https:\/\/www.hoymercedes.com.ar\/principal\/wp-content\/uploads\/2019\/11\/19-siniestros-viales-1.jpg\" src=\"https:\/\/www.hoymercedes.com.ar\/principal\/wp-content\/uploads\/2019\/11\/19-siniestros-viales-1.jpg\" alt=\"\" class=\"wp-image-102587\"\/><\/figure>\n","protected":false},"excerpt":{"rendered":"<p>El monumento que recuerda a la v\u00edctimas de siniestros viales en la Plaza San Luis fue el epicentro del acto &#8230; <a title=\"Homenaje a v\u00edctimas de siniestros viales en el d\u00eda mundial\" class=\"read-more\" href=\"https:\/\/www.hoymercedes.com.ar\/principal\/2019\/11\/20\/homenaje-a-victimas-de-siniestros-viales-en-el-dia-mundial\/\" aria-label=\"Leer m\u00e1s sobre Homenaje a v\u00edctimas de siniestros viales en el d\u00eda mundial\">Leer m\u00e1s<\/a><\/p>\n","protected":false},"author":1,"featured_media":102587,"comment_status":"closed","ping_status":"open","sticky":false,"template":"","format":"standard","meta":{"_monsterinsights_skip_tracking":false,"_monsterinsights_sitenote_active":false,"_monsterinsights_sitenote_note":"","_monsterinsights_sitenote_category":0,"jetpack_post_was_ever_published":false,"_jetpack_newsletter_access":"","_jetpack_dont_email_post_to_subs":false,"_jetpack_newsletter_tier_id":0,"_jetpack_memberships_contains_paywalled_content":false,"_jetpack_memberships_contains_paid_content":false,"footnotes":"","jetpack_publicize_message":"","jetpack_publicize_feature_enabled":true,"jetpack_social_post_already_shared":true,"jetpack_social_options":{"image_generator_settings":{"template":"highway","default_image_id":0,"font":"","enabled":false},"version":2},"_wpas_customize_per_network":false},"categories":[8],"tags":[],"class_list":["post-102543","post","type-post","status-publish","format-standard","has-post-thumbnail","hentry","category-sociedad","generate-columns","tablet-grid-50","mobile-grid-100","grid-parent","grid-50"],"jetpack_publicize_connections":[],"jetpack_featured_media_url":"https:\/\/www.hoymercedes.com.ar\/principal\/wp-content\/uploads\/2019\/11\/19-siniestros-viales-1.jpg","wps_subtitle":"En la ma\u00f1ana del domingo","jetpack_sharing_enabled":true,"_links":{"self":[{"href":"https:\/\/www.hoymercedes.com.ar\/principal\/wp-json\/wp\/v2\/posts\/102543","targetHints":{"allow":["GET"]}}],"collection":[{"href":"https:\/\/www.hoymercedes.com.ar\/principal\/wp-json\/wp\/v2\/posts"}],"about":[{"href":"https:\/\/www.hoymercedes.com.ar\/principal\/wp-json\/wp\/v2\/types\/post"}],"author":[{"embeddable":true,"href":"https:\/\/www.hoymercedes.com.ar\/principal\/wp-json\/wp\/v2\/users\/1"}],"replies":[{"embeddable":true,"href":"https:\/\/www.hoymercedes.com.ar\/principal\/wp-json\/wp\/v2\/comments?post=102543"}],"version-history":[{"count":0,"href":"https:\/\/www.hoymercedes.com.ar\/principal\/wp-json\/wp\/v2\/posts\/102543\/revisions"}],"wp:featuredmedia":[{"embeddable":true,"href":"https:\/\/www.hoymercedes.com.ar\/principal\/wp-json\/wp\/v2\/media\/102587"}],"wp:attachment":[{"href":"https:\/\/www.hoymercedes.com.ar\/principal\/wp-json\/wp\/v2\/media?parent=102543"}],"wp:term":[{"taxonomy":"category","embeddable":true,"href":"https:\/\/www.hoymercedes.com.ar\/principal\/wp-json\/wp\/v2\/categories?post=102543"},{"taxonomy":"post_tag","embeddable":true,"href":"https:\/\/www.hoymercedes.com.ar\/principal\/wp-json\/wp\/v2\/tags?post=102543"}],"curies":[{"name":"wp","href":"https:\/\/api.w.org\/{rel}","templated":true}]}}