{"id":102548,"date":"2019-11-18T12:07:14","date_gmt":"2019-11-18T15:07:14","guid":{"rendered":"http:\/\/www.hoymercedes.com.ar\/principal\/?p=102548"},"modified":"2019-11-18T14:45:21","modified_gmt":"2019-11-18T17:45:21","slug":"taller-de-arte-picasso-expone-en-sapec","status":"publish","type":"post","link":"https:\/\/www.hoymercedes.com.ar\/principal\/2019\/11\/18\/taller-de-arte-picasso-expone-en-sapec\/","title":{"rendered":"Taller de Arte Picasso expone en SAPEC"},"content":{"rendered":"\n<p>Tal como lo hicieron en otra oportunidad, el Taller de Arte Picasso que dirige la artista pl\u00e1stica Natalia Ochoa, har\u00e1 su muestra final en los pasillos de la Sala de Atenci\u00f3n de Personas con Enfermedades Cr\u00f3nicas (SAPEC) del Hospital Blas L. Dubarry. <\/p>\n\n\n\n<p>La propuesta de usar el arte como veh\u00edculo sanador se repite. Los alumnos del taller presentar\u00e1n sus trabajos en pintura, dibujo, restauraci\u00f3n, aplicando t\u00e9cnicas, colores, formas y texturas diferentes. <\/p>\n\n\n\n<p>\u201cNos inspiramos en muchas cosas para crear. Volcamos nuestros sentimientos para volar. Cada persona tiene un mundo  dentro de s\u00ed misma, tiene m\u00faltiples significados, apreciaciones. Cada pincelada, cada desbaste, cada trazo, cada color, cada composici\u00f3n, es importante, es por eso, que es valorado hasta el \u00faltimo detalle de la obra. Nos inspiramos en diferentes cosas de la vida, la familia, el amor, el desamor, la nostalgia, los viajes, los recuerdos, la percepci\u00f3n juega un rol importante en la inspiraci\u00f3n y creaci\u00f3n de una obra, explicaron desde el Taller de Ochoa.<\/p>\n\n\n\n<p>Hace seis a\u00f1os que exponen en diferentes espacios del Dubarry como oncolog\u00eda, maternidad, pediatr\u00eda, guardia y nuevamente en el SAPEC donde adem\u00e1s donan algunas de las obras que decoran el espacio que est\u00e1 pronto a cumplir dos a\u00f1os. <\/p>\n\n\n\n<p>La profesora Natalia Ochoa ser\u00e1 una de las expositoras acompa\u00f1adas de sus alumnos. Entre ellos, Norma Bra\u00f1as, Mario Grignoli, Andrea Piperno, Mercedes Rapallini, Graciela Apa, Graciela Pisoni, Susana Del Buono, Nora Rodr\u00edguez, Mar\u00eda Marta Gonz\u00e1lez, Bea Zunino, Ana Mar\u00eda Moreno, Marcela Pozzuoli, Viviane Osmarin y Mauricio Garc\u00eda.<\/p>\n\n\n\n<figure class=\"wp-block-image size-large\"><img loading=\"lazy\" decoding=\"async\" width=\"600\" height=\"824\" data-attachment-id=\"102549\" data-permalink=\"https:\/\/www.hoymercedes.com.ar\/principal\/2019\/11\/18\/taller-de-arte-picasso-expone-en-sapec\/muestra-sapec-600x824\/#main\" data-orig-file=\"https:\/\/www.hoymercedes.com.ar\/principal\/wp-content\/uploads\/2019\/11\/muestra-sapec-600x824.jpg\" data-orig-size=\"600,824\" data-comments-opened=\"0\" data-image-meta=\"{&quot;aperture&quot;:&quot;0&quot;,&quot;credit&quot;:&quot;&quot;,&quot;camera&quot;:&quot;&quot;,&quot;caption&quot;:&quot;&quot;,&quot;created_timestamp&quot;:&quot;0&quot;,&quot;copyright&quot;:&quot;&quot;,&quot;focal_length&quot;:&quot;0&quot;,&quot;iso&quot;:&quot;0&quot;,&quot;shutter_speed&quot;:&quot;0&quot;,&quot;title&quot;:&quot;&quot;,&quot;orientation&quot;:&quot;0&quot;}\" data-image-title=\"muestra sapec-600&amp;#215;824\" data-image-description=\"\" data-image-caption=\"\" data-large-file=\"https:\/\/www.hoymercedes.com.ar\/principal\/wp-content\/uploads\/2019\/11\/muestra-sapec-600x824.jpg\" src=\"https:\/\/www.hoymercedes.com.ar\/principal\/wp-content\/uploads\/2019\/11\/muestra-sapec-600x824.jpg\" alt=\"\" class=\"wp-image-102549\" srcset=\"https:\/\/www.hoymercedes.com.ar\/principal\/wp-content\/uploads\/2019\/11\/muestra-sapec-600x824.jpg 600w, https:\/\/www.hoymercedes.com.ar\/principal\/wp-content\/uploads\/2019\/11\/muestra-sapec-600x824-451x620.jpg 451w, https:\/\/www.hoymercedes.com.ar\/principal\/wp-content\/uploads\/2019\/11\/muestra-sapec-600x824-109x150.jpg 109w\" sizes=\"auto, (max-width: 600px) 100vw, 600px\" \/><\/figure>\n","protected":false},"excerpt":{"rendered":"<p>Tal como lo hicieron en otra oportunidad, el Taller de Arte Picasso que dirige la artista pl\u00e1stica Natalia Ochoa, har\u00e1 &#8230; <a title=\"Taller de Arte Picasso expone en SAPEC\" class=\"read-more\" href=\"https:\/\/www.hoymercedes.com.ar\/principal\/2019\/11\/18\/taller-de-arte-picasso-expone-en-sapec\/\" aria-label=\"Leer m\u00e1s sobre Taller de Arte Picasso expone en SAPEC\">Leer m\u00e1s<\/a><\/p>\n","protected":false},"author":1,"featured_media":102549,"comment_status":"closed","ping_status":"open","sticky":false,"template":"","format":"standard","meta":{"_monsterinsights_skip_tracking":false,"_monsterinsights_sitenote_active":false,"_monsterinsights_sitenote_note":"","_monsterinsights_sitenote_category":0,"jetpack_post_was_ever_published":false,"_jetpack_newsletter_access":"","_jetpack_dont_email_post_to_subs":false,"_jetpack_newsletter_tier_id":0,"_jetpack_memberships_contains_paywalled_content":false,"_jetpack_memberships_contains_paid_content":false,"footnotes":"","jetpack_publicize_message":"","jetpack_publicize_feature_enabled":true,"jetpack_social_post_already_shared":true,"jetpack_social_options":{"image_generator_settings":{"template":"highway","default_image_id":0,"font":"","enabled":false},"version":2},"_wpas_customize_per_network":false},"categories":[104],"tags":[7805,134,13798,15930],"class_list":["post-102548","post","type-post","status-publish","format-standard","has-post-thumbnail","hentry","category-cultura","tag-cultura","tag-salud","tag-sapec","tag-taller-picasso","generate-columns","tablet-grid-50","mobile-grid-100","grid-parent","grid-50"],"jetpack_publicize_connections":[],"jetpack_featured_media_url":"https:\/\/www.hoymercedes.com.ar\/principal\/wp-content\/uploads\/2019\/11\/muestra-sapec-600x824.jpg","wps_subtitle":"Desde el 22 de noviembre \ufeff","jetpack_sharing_enabled":true,"_links":{"self":[{"href":"https:\/\/www.hoymercedes.com.ar\/principal\/wp-json\/wp\/v2\/posts\/102548","targetHints":{"allow":["GET"]}}],"collection":[{"href":"https:\/\/www.hoymercedes.com.ar\/principal\/wp-json\/wp\/v2\/posts"}],"about":[{"href":"https:\/\/www.hoymercedes.com.ar\/principal\/wp-json\/wp\/v2\/types\/post"}],"author":[{"embeddable":true,"href":"https:\/\/www.hoymercedes.com.ar\/principal\/wp-json\/wp\/v2\/users\/1"}],"replies":[{"embeddable":true,"href":"https:\/\/www.hoymercedes.com.ar\/principal\/wp-json\/wp\/v2\/comments?post=102548"}],"version-history":[{"count":0,"href":"https:\/\/www.hoymercedes.com.ar\/principal\/wp-json\/wp\/v2\/posts\/102548\/revisions"}],"wp:featuredmedia":[{"embeddable":true,"href":"https:\/\/www.hoymercedes.com.ar\/principal\/wp-json\/wp\/v2\/media\/102549"}],"wp:attachment":[{"href":"https:\/\/www.hoymercedes.com.ar\/principal\/wp-json\/wp\/v2\/media?parent=102548"}],"wp:term":[{"taxonomy":"category","embeddable":true,"href":"https:\/\/www.hoymercedes.com.ar\/principal\/wp-json\/wp\/v2\/categories?post=102548"},{"taxonomy":"post_tag","embeddable":true,"href":"https:\/\/www.hoymercedes.com.ar\/principal\/wp-json\/wp\/v2\/tags?post=102548"}],"curies":[{"name":"wp","href":"https:\/\/api.w.org\/{rel}","templated":true}]}}