{"id":102574,"date":"2019-11-18T17:01:00","date_gmt":"2019-11-18T20:01:00","guid":{"rendered":"http:\/\/www.hoymercedes.com.ar\/principal\/?p=102574"},"modified":"2019-11-18T15:08:50","modified_gmt":"2019-11-18T18:08:50","slug":"cuatro-aprehendidos-por-defraudacion","status":"publish","type":"post","link":"https:\/\/www.hoymercedes.com.ar\/principal\/2019\/11\/18\/cuatro-aprehendidos-por-defraudacion\/","title":{"rendered":"Cuatro aprehendidos por defraudaci\u00f3n"},"content":{"rendered":"\n<p>Entre el mi\u00e9rcoles 13 y el viernes 16 se procedi\u00f3\na la aprehensi\u00f3n de cuatro sujetos por el delito de defraudaci\u00f3n. Los mismos,\nal parecer, integraban una banda que se dedicaba a acudir a locales comerciales\nde compa\u00f1\u00edas telef\u00f3nicas con distintos ardides y documentaci\u00f3n falsificada para\nefectuar compras \u201ccontra factura\u201d de equipos, estafando a la compa\u00f1\u00eda y a los\nposibles titulares de l\u00edneas telef\u00f3nicas de la misma.<\/p>\n\n\n\n<p>Se llev\u00f3 a cabo una investigaci\u00f3n penal\npreparatoria en la Unidad Funcional de Instrucci\u00f3n y Juicio N\u00b0 4 \u2013 a cargo del Dr.\nLisandro Mass\u00f3n \u2013. Al parecer, hab\u00edan cometido este tipo de estafa en distintas\nlocalidades del oeste bonaerense.<\/p>\n\n\n\n<p>Seg\u00fan se pudo establecer, el pasado 13 de\nnoviembre, dos sujetos mayores de edad, se acercaron a un local comercial de la\nempresa Movistar en la localidad de Carmen de Areco. Uno de ellos ingres\u00f3,\nmientras el restante lo aguard\u00f3 en un autom\u00f3vil.<\/p>\n\n\n\n<p>Una vez en el lugar, uno de los sujetos, aportando\nuna numeraci\u00f3n telef\u00f3nica de la compa\u00f1\u00eda solicit\u00f3 al vendedor adquirir un\nequipo de telefon\u00eda m\u00f3vil con el m\u00e9todo de compra \u00abcontra factura\u00bb a\ntrav\u00e9s del cual el costo de ese celular se le descontar\u00eda al titular de la\nl\u00ednea en cuesti\u00f3n. El vendedor supo, por intermedio de un colega suyo que hab\u00eda\nocurrido en la localidad de San Andr\u00e9s de Giles un hecho similar que hab\u00eda\nresultado ser una estafa. Como le hab\u00edan hecho llegar fotograf\u00edas de las\npersonas que hab\u00edan cometido el delito logr\u00f3 advertir que se tratar\u00eda de la\nmisma persona. Atento a ello, dio aviso a personal policial que r\u00e1pidamente acudi\u00f3\nal lugar, mientras el vendedor retardaba la transacci\u00f3n solicitada.<\/p>\n\n\n\n<p>La polic\u00eda lleg\u00f3 y les requiri\u00f3 una\nidentificaci\u00f3n, al llegar al autom\u00f3vil que lo esperaba \u2013 donde presuntamente la\nten\u00eda- se procedi\u00f3 a la requisa y encontraron fotocopias de DNI plastificadas\ncon su fotograf\u00eda, pero con diferentes nombres. En el interior del veh\u00edculo\nhallaron varios celulares, una computadora y otras dos fotocopias de DNI con\notras identidades.<\/p>\n\n\n\n<p>De inmediato procedieron a la aprehensi\u00f3n de los\nsujetos de 31 y 38 a\u00f1os de edad, oriundos de Malvinas Argentinas, Buenos Aires.\nHacia el fin de semana, el Juzgado de Garant\u00edas&nbsp;\nN\u00b0 3 concedi\u00f3 la detenci\u00f3n de ambos sujetos por el delito de\n\u201cDefraudaci\u00f3n\u201d.<\/p>\n\n\n\n<p>Adem\u00e1s, se logr\u00f3 acreditar que los dos aprehendidos\ncometi\u00f3 el mismo delito el d\u00eda 5 de noviembre en la ciudad de San Andr\u00e9s de\nGiles donde oper\u00f3 bajo la misma modalidad, adquiriendo&nbsp; dos aparatos de telefon\u00eda.<\/p>\n\n\n\n<p>Pero la investigaci\u00f3n no ces\u00f3 all\u00ed, puesto que se\nrecab\u00f3 informaci\u00f3n que los mismos \u2013y otras personas -habr\u00edan operado de igual\nmanera en locales de ciudades cercanas.<\/p>\n\n\n\n<p>As\u00ed, el d\u00eda viernes se logr\u00f3 aprehender a dos\nsujetos m\u00e1s en San Andr\u00e9s de Giles, pretendiendo operar bajo la misma modalidad\nen otro local oficial de la misma firma.<\/p>\n\n\n\n<p>Sin embargo, el encargado de realizar la transacci\u00f3n\nolvid\u00f3 el n\u00famero de abonado y se retir\u00f3. Ante la situaci\u00f3n, el empleado del\nlugar inform\u00f3 a la polic\u00eda la extra\u00f1a situaci\u00f3n dado que semanas atr\u00e1s hab\u00eda\nsido v\u00edctima de un fraude similar al que se pretend\u00eda realizar.<\/p>\n\n\n\n<p>El sujeto no volvi\u00f3 pero s\u00ed lo hizo otra personas\nutilizando la misma artima\u00f1a, y al lugar acudieron los efectivos policiales\nmientras realizaba la transacci\u00f3n. Al ver que se trataba de una persona que no\nera de la localidad, le requirieron la documentaci\u00f3n, mostrando solo la\nfotocopia indicando que el original lo hab\u00eda extraviado.<\/p>\n\n\n\n<p>Seguidamente y teniendo en cuenta hechos\ndelictuales anteriores cometidos en agencias oficiales Movistar, se procedi\u00f3 a\nsu aprehensi\u00f3n. Se trataba de un sujeto de &nbsp;32 a\u00f1os, oriundo de Ezeiza. <\/p>\n\n\n\n<p>Con las caracter\u00edsticas aportadas por el vendedor\nse logr\u00f3 identificar a cuatro cuadras del lugar al sujeto que hab\u00eda intentado\nrealizar la misma maniobra momentos antes. Junto a este \u2013 un hombre de 55 a\u00f1os\n\u2013 se encontraban otro sujeto de 47 a\u00f1os, y una mujer de 40 a\u00f1os, de Gran Bourg,\npartido de Malvinas Argentina. En el autom\u00f3vil se encontr\u00f3 fotocopia de un\ndocumento nacional de identidad con la imagen adulterada y tel\u00e9fonos celulares.<\/p>\n\n\n\n<p>El sujeto de 55 a\u00f1os, cuyas caracter\u00edsticas coincid\u00edan con las descriptas fue aprehendido en la urgencia. Los imputados comparecieron ante el agente fiscal en el marco de la audiencia de declaraci\u00f3n en los t\u00e9rminos del art. 308 del C\u00f3digo Procesal Penal. Desde la UFIJ N\u00b0 4, se solicit\u00f3 la detenci\u00f3n de otro sujeto vinculado a estos hechos delictivos el cual fue concedido por el juez de Garant\u00edas, que a\u00fan permanece pr\u00f3fugo.<\/p>\n","protected":false},"excerpt":{"rendered":"<p>Entre el mi\u00e9rcoles 13 y el viernes 16 se procedi\u00f3 a la aprehensi\u00f3n de cuatro sujetos por el delito de &#8230; <a title=\"Cuatro aprehendidos por defraudaci\u00f3n\" class=\"read-more\" href=\"https:\/\/www.hoymercedes.com.ar\/principal\/2019\/11\/18\/cuatro-aprehendidos-por-defraudacion\/\" aria-label=\"Leer m\u00e1s sobre Cuatro aprehendidos por defraudaci\u00f3n\">Leer m\u00e1s<\/a><\/p>\n","protected":false},"author":1,"featured_media":102575,"comment_status":"closed","ping_status":"open","sticky":false,"template":"","format":"standard","meta":{"_monsterinsights_skip_tracking":false,"_monsterinsights_sitenote_active":false,"_monsterinsights_sitenote_note":"","_monsterinsights_sitenote_category":0,"jetpack_post_was_ever_published":false,"_jetpack_newsletter_access":"","_jetpack_dont_email_post_to_subs":false,"_jetpack_newsletter_tier_id":0,"_jetpack_memberships_contains_paywalled_content":false,"_jetpack_memberships_contains_paid_content":false,"footnotes":"","jetpack_publicize_message":"","jetpack_publicize_feature_enabled":true,"jetpack_social_post_already_shared":true,"jetpack_social_options":{"image_generator_settings":{"template":"highway","default_image_id":0,"font":"","enabled":false},"version":2},"_wpas_customize_per_network":false},"categories":[85],"tags":[26,13115,96],"class_list":["post-102574","post","type-post","status-publish","format-standard","has-post-thumbnail","hentry","category-policial","tag-detenidos","tag-estafas","tag-policial-2","generate-columns","tablet-grid-50","mobile-grid-100","grid-parent","grid-50"],"jetpack_publicize_connections":[],"jetpack_featured_media_url":"https:\/\/www.hoymercedes.com.ar\/principal\/wp-content\/uploads\/2019\/11\/18-estafa-celulares-policial.png","wps_subtitle":"Estafa regional","jetpack_sharing_enabled":true,"_links":{"self":[{"href":"https:\/\/www.hoymercedes.com.ar\/principal\/wp-json\/wp\/v2\/posts\/102574","targetHints":{"allow":["GET"]}}],"collection":[{"href":"https:\/\/www.hoymercedes.com.ar\/principal\/wp-json\/wp\/v2\/posts"}],"about":[{"href":"https:\/\/www.hoymercedes.com.ar\/principal\/wp-json\/wp\/v2\/types\/post"}],"author":[{"embeddable":true,"href":"https:\/\/www.hoymercedes.com.ar\/principal\/wp-json\/wp\/v2\/users\/1"}],"replies":[{"embeddable":true,"href":"https:\/\/www.hoymercedes.com.ar\/principal\/wp-json\/wp\/v2\/comments?post=102574"}],"version-history":[{"count":0,"href":"https:\/\/www.hoymercedes.com.ar\/principal\/wp-json\/wp\/v2\/posts\/102574\/revisions"}],"wp:featuredmedia":[{"embeddable":true,"href":"https:\/\/www.hoymercedes.com.ar\/principal\/wp-json\/wp\/v2\/media\/102575"}],"wp:attachment":[{"href":"https:\/\/www.hoymercedes.com.ar\/principal\/wp-json\/wp\/v2\/media?parent=102574"}],"wp:term":[{"taxonomy":"category","embeddable":true,"href":"https:\/\/www.hoymercedes.com.ar\/principal\/wp-json\/wp\/v2\/categories?post=102574"},{"taxonomy":"post_tag","embeddable":true,"href":"https:\/\/www.hoymercedes.com.ar\/principal\/wp-json\/wp\/v2\/tags?post=102574"}],"curies":[{"name":"wp","href":"https:\/\/api.w.org\/{rel}","templated":true}]}}