{"id":102593,"date":"2019-11-19T18:48:24","date_gmt":"2019-11-19T21:48:24","guid":{"rendered":"http:\/\/www.hoymercedes.com.ar\/principal\/?p=102593"},"modified":"2019-11-19T18:49:52","modified_gmt":"2019-11-19T21:49:52","slug":"la-segunda-final-de-la-liga-mercedina-se-jugara-el-domingo-a-las-17","status":"publish","type":"post","link":"https:\/\/www.hoymercedes.com.ar\/principal\/2019\/11\/19\/la-segunda-final-de-la-liga-mercedina-se-jugara-el-domingo-a-las-17\/","title":{"rendered":"La segunda final de la Liga Mercedina se jugar\u00e1 el domingo a las 17"},"content":{"rendered":"\n<p>Con un marco de p\u00fablico impresionante se jug\u00f3 la primera final del torneo de Primera Divisi\u00f3n de la Liga Mercedina de F\u00fatbol dej\u00f3 a Club Mercedes un paso adelante de Los Carteros. Con un gol de Joaqu\u00edn Parra a los 5 minutos del segundo tiempo, el Blanquinegro qued\u00f3 cerca de una nueva vuelta ol\u00edmpica, la 21\u00b0 en su historia, mientras que el equipo de Carlos Molina, que llega por primera vez en su historia a una etapa definitiva en la m\u00e1xima categor\u00eda, deber\u00e1 ganar por un gol para forzar el alargue y, de persistir la paridad, la historia de dirimir\u00e1 en los penales. El \u00faltimo encuentro del a\u00f1o se jugar\u00e1 este domingo a partir de las 17, con transmisi\u00f3n de FM La Tribuna 103.5 Mhz.<\/p>\n\n\n\n<figure class=\"wp-block-image size-large\"><img loading=\"lazy\" decoding=\"async\" width=\"960\" height=\"720\" data-attachment-id=\"102597\" data-permalink=\"https:\/\/www.hoymercedes.com.ar\/principal\/2019\/11\/19\/la-segunda-final-de-la-liga-mercedina-se-jugara-el-domingo-a-las-17\/club-mercedes-1-los-carteros-0\/#main\" data-orig-file=\"https:\/\/www.hoymercedes.com.ar\/principal\/wp-content\/uploads\/2019\/11\/Club-Mercedes-1-Los-Carteros-0.jpg\" data-orig-size=\"960,720\" data-comments-opened=\"0\" data-image-meta=\"{&quot;aperture&quot;:&quot;0&quot;,&quot;credit&quot;:&quot;&quot;,&quot;camera&quot;:&quot;&quot;,&quot;caption&quot;:&quot;&quot;,&quot;created_timestamp&quot;:&quot;0&quot;,&quot;copyright&quot;:&quot;&quot;,&quot;focal_length&quot;:&quot;0&quot;,&quot;iso&quot;:&quot;0&quot;,&quot;shutter_speed&quot;:&quot;0&quot;,&quot;title&quot;:&quot;&quot;,&quot;orientation&quot;:&quot;0&quot;}\" data-image-title=\"Club-Mercedes-1-Los-Carteros-0\" data-image-description=\"\" data-image-caption=\"\" data-large-file=\"https:\/\/www.hoymercedes.com.ar\/principal\/wp-content\/uploads\/2019\/11\/Club-Mercedes-1-Los-Carteros-0.jpg\" src=\"https:\/\/www.hoymercedes.com.ar\/principal\/wp-content\/uploads\/2019\/11\/Club-Mercedes-1-Los-Carteros-0.jpg\" alt=\"\" class=\"wp-image-102597\"\/><\/figure>\n\n\n\n<p><strong>Los Carteros 0:<\/strong>&nbsp;David Br\u00edsoliz, Mauro Sigona, Blas De Los Santos, Jonathan Bartolomeo, Franco Torres, Juli\u00e1n Ag\u00fcero, Laureano Torres, Cristian Santana, Wilson Alcaras, Germ\u00e1n Lucero y Nicol\u00e1s Bartolomeo.&nbsp;<strong>DT:<\/strong>&nbsp;Carlos Molina.&nbsp;<strong>Suplentes:<\/strong>&nbsp;Isa\u00edas Negoci, Jer\u00f3nimo navarro, Santiago paj\u00f3n, Franco Lizardo y Jossimar Mosquera.<br><strong>Club Mercedes 1:<\/strong>&nbsp;Francisco Bidone, Juan Pedro Gatti, Gast\u00f3n Godoy, Santiago Selva, Nicol\u00e1s Contardi, Lucas Picone, Germ\u00e1n Puliti, Joaqu\u00edn Parra, Solano Espil, Cristian Barrientos y Leandro Filippini.&nbsp;<strong>DT:<\/strong>&nbsp;Walter D\u00edaz.&nbsp;<strong>Suplentes:<\/strong>&nbsp;Sim\u00f3n Greck, Francisco Bomaggio, Agust\u00edn Frustoli y Sebasti\u00e1n Cabral.<br><strong>Gol en el ST:<\/strong>&nbsp;A los 5\u2019 Joaqu\u00edn para Club Mercedes-<br><strong>Cambios:<\/strong>&nbsp;Mart\u00edn Zuleta por Nicol\u00e1s Montenegro y Diego S\u00e1nchez por Germ\u00e1n Lucero en Los Carteros. Juan Dematei por Cristian Barrientos, Luis Giacoy por Solano Espil y Francisco Silvestre por Germ\u00e1n Puliti en Club Mercedes.<br><strong>Arbitro:<\/strong>&nbsp;Sebasti\u00e1n Cucco (Chascom\u00fas).<\/p>\n\n\n\n<p><strong>Revancha<br>Domingo 24<br>Cancha:&nbsp;<\/strong>Liga Mercedina.<br>A las 17 Club Mercedes vs. Los Carteros.<\/p>\n","protected":false},"excerpt":{"rendered":"<p>Con un marco de p\u00fablico impresionante se jug\u00f3 la primera final del torneo de Primera Divisi\u00f3n de la Liga Mercedina &#8230; <a title=\"La segunda final de la Liga Mercedina se jugar\u00e1 el domingo a las 17\" class=\"read-more\" href=\"https:\/\/www.hoymercedes.com.ar\/principal\/2019\/11\/19\/la-segunda-final-de-la-liga-mercedina-se-jugara-el-domingo-a-las-17\/\" aria-label=\"Leer m\u00e1s sobre La segunda final de la Liga Mercedina se jugar\u00e1 el domingo a las 17\">Leer m\u00e1s<\/a><\/p>\n","protected":false},"author":1,"featured_media":102597,"comment_status":"closed","ping_status":"open","sticky":false,"template":"","format":"standard","meta":{"_monsterinsights_skip_tracking":false,"_monsterinsights_sitenote_active":false,"_monsterinsights_sitenote_note":"","_monsterinsights_sitenote_category":0,"jetpack_post_was_ever_published":false,"_jetpack_newsletter_access":"","_jetpack_dont_email_post_to_subs":false,"_jetpack_newsletter_tier_id":0,"_jetpack_memberships_contains_paywalled_content":false,"_jetpack_memberships_contains_paid_content":false,"footnotes":"","jetpack_publicize_message":"","jetpack_publicize_feature_enabled":true,"jetpack_social_post_already_shared":true,"jetpack_social_options":{"image_generator_settings":{"template":"highway","default_image_id":0,"font":"","enabled":false},"version":2},"_wpas_customize_per_network":false},"categories":[21],"tags":[122,8996],"class_list":["post-102593","post","type-post","status-publish","format-standard","has-post-thumbnail","hentry","category-deportes","tag-club-mercedes","tag-primera-division","generate-columns","tablet-grid-50","mobile-grid-100","grid-parent","grid-50"],"jetpack_publicize_connections":[],"jetpack_featured_media_url":"https:\/\/www.hoymercedes.com.ar\/principal\/wp-content\/uploads\/2019\/11\/Club-Mercedes-1-Los-Carteros-0.jpg","wps_subtitle":"Liga Mercedina","jetpack_sharing_enabled":true,"_links":{"self":[{"href":"https:\/\/www.hoymercedes.com.ar\/principal\/wp-json\/wp\/v2\/posts\/102593","targetHints":{"allow":["GET"]}}],"collection":[{"href":"https:\/\/www.hoymercedes.com.ar\/principal\/wp-json\/wp\/v2\/posts"}],"about":[{"href":"https:\/\/www.hoymercedes.com.ar\/principal\/wp-json\/wp\/v2\/types\/post"}],"author":[{"embeddable":true,"href":"https:\/\/www.hoymercedes.com.ar\/principal\/wp-json\/wp\/v2\/users\/1"}],"replies":[{"embeddable":true,"href":"https:\/\/www.hoymercedes.com.ar\/principal\/wp-json\/wp\/v2\/comments?post=102593"}],"version-history":[{"count":0,"href":"https:\/\/www.hoymercedes.com.ar\/principal\/wp-json\/wp\/v2\/posts\/102593\/revisions"}],"wp:featuredmedia":[{"embeddable":true,"href":"https:\/\/www.hoymercedes.com.ar\/principal\/wp-json\/wp\/v2\/media\/102597"}],"wp:attachment":[{"href":"https:\/\/www.hoymercedes.com.ar\/principal\/wp-json\/wp\/v2\/media?parent=102593"}],"wp:term":[{"taxonomy":"category","embeddable":true,"href":"https:\/\/www.hoymercedes.com.ar\/principal\/wp-json\/wp\/v2\/categories?post=102593"},{"taxonomy":"post_tag","embeddable":true,"href":"https:\/\/www.hoymercedes.com.ar\/principal\/wp-json\/wp\/v2\/tags?post=102593"}],"curies":[{"name":"wp","href":"https:\/\/api.w.org\/{rel}","templated":true}]}}