{"id":102602,"date":"2019-11-19T18:53:54","date_gmt":"2019-11-19T21:53:54","guid":{"rendered":"http:\/\/www.hoymercedes.com.ar\/principal\/?p=102602"},"modified":"2019-11-19T18:57:40","modified_gmt":"2019-11-19T21:57:40","slug":"juventud-de-suipacha-volvio-a-coronarse-campeon-en-reserva","status":"publish","type":"post","link":"https:\/\/www.hoymercedes.com.ar\/principal\/2019\/11\/19\/juventud-de-suipacha-volvio-a-coronarse-campeon-en-reserva\/","title":{"rendered":"Juventud de Suipacha volvi\u00f3 a coronarse campe\u00f3n en Reserva"},"content":{"rendered":"\n<p>En alg\u00fan momento, Juventud de Suipacha era el que acostumbraba a gobernar el segundo torneo en importancia en la Liga Mercedina. Sin embargo, en los \u00faltimos a\u00f1os los equipos que se quedaron con el t\u00edtulo fueron cambiando hasta que en la noche del lunes, el Lechero volvi\u00f3 a coronarse. Derrot\u00f3 1 a 0 a Quilmes en cancha de la Liga y al ser a partido \u00fanico, le alcanz\u00f3 para dar una nueva vuelta ol\u00edmpica.<\/p>\n\n\n\n<p>Tras el final del partido hubo algunos incidentes entre los jugadores, pero una vez que se calmaron los \u00e1nimos, los suipachenses festejaron lo obtenido.<\/p>\n\n\n\n<figure class=\"wp-block-image size-large\"><img loading=\"lazy\" decoding=\"async\" width=\"1080\" height=\"786\" data-attachment-id=\"102603\" data-permalink=\"https:\/\/www.hoymercedes.com.ar\/principal\/2019\/11\/19\/juventud-de-suipacha-volvio-a-coronarse-campeon-en-reserva\/whatsapp-image-2019-11-19-at-18-49-06\/#main\" data-orig-file=\"https:\/\/www.hoymercedes.com.ar\/principal\/wp-content\/uploads\/2019\/11\/WhatsApp-Image-2019-11-19-at-18.49.06.jpeg\" data-orig-size=\"1080,786\" data-comments-opened=\"0\" data-image-meta=\"{&quot;aperture&quot;:&quot;0&quot;,&quot;credit&quot;:&quot;&quot;,&quot;camera&quot;:&quot;&quot;,&quot;caption&quot;:&quot;&quot;,&quot;created_timestamp&quot;:&quot;0&quot;,&quot;copyright&quot;:&quot;&quot;,&quot;focal_length&quot;:&quot;0&quot;,&quot;iso&quot;:&quot;0&quot;,&quot;shutter_speed&quot;:&quot;0&quot;,&quot;title&quot;:&quot;&quot;,&quot;orientation&quot;:&quot;0&quot;}\" data-image-title=\"WhatsApp-Image-2019-11-19-at-18.49.06\" data-image-description=\"\" data-image-caption=\"\" data-large-file=\"https:\/\/www.hoymercedes.com.ar\/principal\/wp-content\/uploads\/2019\/11\/WhatsApp-Image-2019-11-19-at-18.49.06.jpeg\" src=\"https:\/\/www.hoymercedes.com.ar\/principal\/wp-content\/uploads\/2019\/11\/WhatsApp-Image-2019-11-19-at-18.49.06.jpeg\" alt=\"\" class=\"wp-image-102603\"\/><\/figure>\n\n\n\n<p> <strong>Quilmes 0:<\/strong>\u00a0Mateo Miranda, Francisco Dabove, C\u00e9sar Douat, Nicol\u00e1s Romero, Gonzalo Atampi, Manuel Culicigno, Lucas Nocetti, Nicol\u00e1s Paniagua, Joaqu\u00edn Dabove, El\u00edas Mu\u00f1oz y Agust\u00edn Cobello.\u00a0<strong>DT:<\/strong>\u00a0Diego Miranda.\u00a0<strong>Suplentes:<\/strong>\u00a0Jos\u00e9 Varela, Adri\u00e1n Flores, Nicol\u00e1s Mansilla y Nicol\u00e1s Coria.<br><strong>Juventud 1:<\/strong>\u00a0Bautista Aranda, Emanuel Garc\u00eda, Ignacio Oviedo, Juan Mullen, Bladimir Gonz\u00e1lez, Mateo Zoni, Hern\u00e1n Carreto, Franco Taborda, Santiago Su\u00e1rez, Vicente Bernal y Edgardo Su\u00e1rez.\u00a0<strong>DT:<\/strong>\u00a0I\u00f1aqui Darritchon.\u00a0<strong>Suplentes:<\/strong>\u00a0Bernardo Novak, alejo Mess\u00eda, Ezequiel Flynn, Estebal Clerici y Alejo P\u00e9rez Zunino.<br><strong>Gol en el PT:<\/strong>\u00a0Juan Mullen para Juventud.<br><strong>Cambios:<\/strong>\u00a0Sebasti\u00e1n Mu\u00f1oz por Joaqu\u00edn Dabove, Enzo Romero por Agust\u00edn Cobello y Samuel Borjas por Gonzalo Atampi en Quilmes. Alexis Stilisano por Juan Mullen y Enzo Su\u00e1rez por Franco Taborda en Juventud.<br><strong>Arbitro:<\/strong>\u00a0Germ\u00e1n Gauna. <\/p>\n","protected":false},"excerpt":{"rendered":"<p>En alg\u00fan momento, Juventud de Suipacha era el que acostumbraba a gobernar el segundo torneo en importancia en la Liga &#8230; <a title=\"Juventud de Suipacha volvi\u00f3 a coronarse campe\u00f3n en Reserva\" class=\"read-more\" href=\"https:\/\/www.hoymercedes.com.ar\/principal\/2019\/11\/19\/juventud-de-suipacha-volvio-a-coronarse-campeon-en-reserva\/\" aria-label=\"Leer m\u00e1s sobre Juventud de Suipacha volvi\u00f3 a coronarse campe\u00f3n en Reserva\">Leer m\u00e1s<\/a><\/p>\n","protected":false},"author":1,"featured_media":102603,"comment_status":"closed","ping_status":"open","sticky":false,"template":"","format":"standard","meta":{"_monsterinsights_skip_tracking":false,"_monsterinsights_sitenote_active":false,"_monsterinsights_sitenote_note":"","_monsterinsights_sitenote_category":0,"jetpack_post_was_ever_published":false,"_jetpack_newsletter_access":"","_jetpack_dont_email_post_to_subs":false,"_jetpack_newsletter_tier_id":0,"_jetpack_memberships_contains_paywalled_content":false,"_jetpack_memberships_contains_paid_content":false,"footnotes":"","jetpack_publicize_message":"","jetpack_publicize_feature_enabled":true,"jetpack_social_post_already_shared":true,"jetpack_social_options":{"image_generator_settings":{"template":"highway","default_image_id":0,"font":"","enabled":false},"version":2},"_wpas_customize_per_network":false},"categories":[21],"tags":[14088,2301,1901,1413],"class_list":["post-102602","post","type-post","status-publish","format-standard","has-post-thumbnail","hentry","category-deportes","tag-campeon","tag-juventud-de-suipacha","tag-liga-mercedina","tag-quilmes","generate-columns","tablet-grid-50","mobile-grid-100","grid-parent","grid-50"],"jetpack_publicize_connections":[],"jetpack_featured_media_url":"https:\/\/www.hoymercedes.com.ar\/principal\/wp-content\/uploads\/2019\/11\/WhatsApp-Image-2019-11-19-at-18.49.06.jpeg","wps_subtitle":"Liga Mercedina","jetpack_sharing_enabled":true,"_links":{"self":[{"href":"https:\/\/www.hoymercedes.com.ar\/principal\/wp-json\/wp\/v2\/posts\/102602","targetHints":{"allow":["GET"]}}],"collection":[{"href":"https:\/\/www.hoymercedes.com.ar\/principal\/wp-json\/wp\/v2\/posts"}],"about":[{"href":"https:\/\/www.hoymercedes.com.ar\/principal\/wp-json\/wp\/v2\/types\/post"}],"author":[{"embeddable":true,"href":"https:\/\/www.hoymercedes.com.ar\/principal\/wp-json\/wp\/v2\/users\/1"}],"replies":[{"embeddable":true,"href":"https:\/\/www.hoymercedes.com.ar\/principal\/wp-json\/wp\/v2\/comments?post=102602"}],"version-history":[{"count":0,"href":"https:\/\/www.hoymercedes.com.ar\/principal\/wp-json\/wp\/v2\/posts\/102602\/revisions"}],"wp:featuredmedia":[{"embeddable":true,"href":"https:\/\/www.hoymercedes.com.ar\/principal\/wp-json\/wp\/v2\/media\/102603"}],"wp:attachment":[{"href":"https:\/\/www.hoymercedes.com.ar\/principal\/wp-json\/wp\/v2\/media?parent=102602"}],"wp:term":[{"taxonomy":"category","embeddable":true,"href":"https:\/\/www.hoymercedes.com.ar\/principal\/wp-json\/wp\/v2\/categories?post=102602"},{"taxonomy":"post_tag","embeddable":true,"href":"https:\/\/www.hoymercedes.com.ar\/principal\/wp-json\/wp\/v2\/tags?post=102602"}],"curies":[{"name":"wp","href":"https:\/\/api.w.org\/{rel}","templated":true}]}}