{"id":102613,"date":"2019-11-20T07:47:39","date_gmt":"2019-11-20T10:47:39","guid":{"rendered":"http:\/\/www.hoymercedes.com.ar\/principal\/?p=102613"},"modified":"2019-11-19T20:52:39","modified_gmt":"2019-11-19T23:52:39","slug":"una-vez-mas-el-mundialito-organizado-por-club-estudiantes-fue-un-exito","status":"publish","type":"post","link":"https:\/\/www.hoymercedes.com.ar\/principal\/2019\/11\/20\/una-vez-mas-el-mundialito-organizado-por-club-estudiantes-fue-un-exito\/","title":{"rendered":"Una vez m\u00e1s, el Mundialito organizado por Club Estudiantes fue un \u00e9xito"},"content":{"rendered":"\n<p>Se jug\u00f3 durante el fin de semana largo la cuarta edici\u00f3n del Mundialito de F\u00fatbol en el predio Roberto Quintill\u00e1n del Club Estudiantes, que tuvo una participaci\u00f3n masiva con m\u00e1s de 60 equipos disputando las cinco categor\u00edas en las que se dividi\u00f3 el torneo. Argentinos Juniors se qued\u00f3 con las categor\u00edas 2008 y 2010, Victoria de San Andr\u00e9s de Giles con la 2012, Independiente de Chivilcoy con la 2011 y Estudiantes con la 2009.<\/p>\n\n\n\n<figure class=\"wp-block-image size-large\"><img loading=\"lazy\" decoding=\"async\" width=\"960\" height=\"724\" data-attachment-id=\"102614\" data-permalink=\"https:\/\/www.hoymercedes.com.ar\/principal\/2019\/11\/20\/una-vez-mas-el-mundialito-organizado-por-club-estudiantes-fue-un-exito\/75557519_657666694765970_5973854077677731840_n\/#main\" data-orig-file=\"https:\/\/www.hoymercedes.com.ar\/principal\/wp-content\/uploads\/2019\/11\/75557519_657666694765970_5973854077677731840_n.jpg\" data-orig-size=\"960,724\" data-comments-opened=\"0\" data-image-meta=\"{&quot;aperture&quot;:&quot;0&quot;,&quot;credit&quot;:&quot;&quot;,&quot;camera&quot;:&quot;&quot;,&quot;caption&quot;:&quot;&quot;,&quot;created_timestamp&quot;:&quot;0&quot;,&quot;copyright&quot;:&quot;&quot;,&quot;focal_length&quot;:&quot;0&quot;,&quot;iso&quot;:&quot;0&quot;,&quot;shutter_speed&quot;:&quot;0&quot;,&quot;title&quot;:&quot;&quot;,&quot;orientation&quot;:&quot;0&quot;}\" data-image-title=\"75557519_657666694765970_5973854077677731840_n\" data-image-description=\"\" data-image-caption=\"\" data-large-file=\"https:\/\/www.hoymercedes.com.ar\/principal\/wp-content\/uploads\/2019\/11\/75557519_657666694765970_5973854077677731840_n.jpg\" src=\"https:\/\/www.hoymercedes.com.ar\/principal\/wp-content\/uploads\/2019\/11\/75557519_657666694765970_5973854077677731840_n.jpg\" alt=\"\" class=\"wp-image-102614\"\/><\/figure>\n\n\n\n<p>M\u00e1s de 900 chicos disfrutaron de tres d\u00edas a puro f\u00fatbol, con las etapas de grupos jug\u00e1ndose s\u00e1bado y domingo y los cuartos de final, semifinal y final, el lunes. Cont\u00f3 con el apoyo de la Municipalidad de Mercedes.<\/p>\n\n\n\n<p> <strong>Categor\u00eda 2012<\/strong><br>Campe\u00f3n: Victoria (San Andr\u00e9s de Giles).<br>Subcampe\u00f3n: Estudiantes (Mercedes). <\/p>\n\n\n\n<p><strong>Categor\u00eda 2011<\/strong><br>Campe\u00f3n: Independiente (Chivilcoy).<br>Subcampe\u00f3n: Club Recreativo Uni\u00f3n.<\/p>\n\n\n\n<p><strong>Categor\u00eda 2010<\/strong><br>Campe\u00f3n: Argentinos Juniors.<br>Subcampe\u00f3n: Gimnasia (Chivilcoy).<\/p>\n\n\n\n<p><strong>Categor\u00eda 2009<\/strong><br>Campe\u00f3n: Estudiantes (Mercedes).<br>Subcampe\u00f3n: Quilmes (Mercedes).<\/p>\n\n\n\n<p><strong>Categor\u00eda 2008<\/strong><br>Argentinos Juniors<br>Independiente (Chivilcoy).<\/p>\n","protected":false},"excerpt":{"rendered":"<p>Se jug\u00f3 durante el fin de semana largo la cuarta edici\u00f3n del Mundialito de F\u00fatbol en el predio Roberto Quintill\u00e1n &#8230; <a title=\"Una vez m\u00e1s, el Mundialito organizado por Club Estudiantes fue un \u00e9xito\" class=\"read-more\" href=\"https:\/\/www.hoymercedes.com.ar\/principal\/2019\/11\/20\/una-vez-mas-el-mundialito-organizado-por-club-estudiantes-fue-un-exito\/\" aria-label=\"Leer m\u00e1s sobre Una vez m\u00e1s, el Mundialito organizado por Club Estudiantes fue un \u00e9xito\">Leer m\u00e1s<\/a><\/p>\n","protected":false},"author":1,"featured_media":102614,"comment_status":"closed","ping_status":"open","sticky":false,"template":"","format":"standard","meta":{"_monsterinsights_skip_tracking":false,"_monsterinsights_sitenote_active":false,"_monsterinsights_sitenote_note":"","_monsterinsights_sitenote_category":0,"jetpack_post_was_ever_published":false,"_jetpack_newsletter_access":"","_jetpack_dont_email_post_to_subs":false,"_jetpack_newsletter_tier_id":0,"_jetpack_memberships_contains_paywalled_content":false,"_jetpack_memberships_contains_paid_content":false,"footnotes":"","jetpack_publicize_message":"","jetpack_publicize_feature_enabled":true,"jetpack_social_post_already_shared":true,"jetpack_social_options":{"image_generator_settings":{"template":"highway","default_image_id":0,"font":"","enabled":false},"version":2},"_wpas_customize_per_network":false},"categories":[21],"tags":[122,9672,15934],"class_list":["post-102613","post","type-post","status-publish","format-standard","has-post-thumbnail","hentry","category-deportes","tag-club-mercedes","tag-independiente-chivilcoy","tag-mundialito-club-estudiantes","generate-columns","tablet-grid-50","mobile-grid-100","grid-parent","grid-50"],"jetpack_publicize_connections":[],"jetpack_featured_media_url":"https:\/\/www.hoymercedes.com.ar\/principal\/wp-content\/uploads\/2019\/11\/75557519_657666694765970_5973854077677731840_n.jpg","wps_subtitle":"F\u00fatbol Infantil","jetpack_sharing_enabled":true,"_links":{"self":[{"href":"https:\/\/www.hoymercedes.com.ar\/principal\/wp-json\/wp\/v2\/posts\/102613","targetHints":{"allow":["GET"]}}],"collection":[{"href":"https:\/\/www.hoymercedes.com.ar\/principal\/wp-json\/wp\/v2\/posts"}],"about":[{"href":"https:\/\/www.hoymercedes.com.ar\/principal\/wp-json\/wp\/v2\/types\/post"}],"author":[{"embeddable":true,"href":"https:\/\/www.hoymercedes.com.ar\/principal\/wp-json\/wp\/v2\/users\/1"}],"replies":[{"embeddable":true,"href":"https:\/\/www.hoymercedes.com.ar\/principal\/wp-json\/wp\/v2\/comments?post=102613"}],"version-history":[{"count":0,"href":"https:\/\/www.hoymercedes.com.ar\/principal\/wp-json\/wp\/v2\/posts\/102613\/revisions"}],"wp:featuredmedia":[{"embeddable":true,"href":"https:\/\/www.hoymercedes.com.ar\/principal\/wp-json\/wp\/v2\/media\/102614"}],"wp:attachment":[{"href":"https:\/\/www.hoymercedes.com.ar\/principal\/wp-json\/wp\/v2\/media?parent=102613"}],"wp:term":[{"taxonomy":"category","embeddable":true,"href":"https:\/\/www.hoymercedes.com.ar\/principal\/wp-json\/wp\/v2\/categories?post=102613"},{"taxonomy":"post_tag","embeddable":true,"href":"https:\/\/www.hoymercedes.com.ar\/principal\/wp-json\/wp\/v2\/tags?post=102613"}],"curies":[{"name":"wp","href":"https:\/\/api.w.org\/{rel}","templated":true}]}}