{"id":102680,"date":"2019-11-20T18:34:21","date_gmt":"2019-11-20T21:34:21","guid":{"rendered":"http:\/\/www.hoymercedes.com.ar\/principal\/?p=102680"},"modified":"2019-11-20T18:37:28","modified_gmt":"2019-11-20T21:37:28","slug":"dojo-mercedes-en-el-encuentro-mundial-de-karate-do-escuela-miyazato-en-cordoba","status":"publish","type":"post","link":"https:\/\/www.hoymercedes.com.ar\/principal\/2019\/11\/20\/dojo-mercedes-en-el-encuentro-mundial-de-karate-do-escuela-miyazato-en-cordoba\/","title":{"rendered":"Dojo Mercedes en el Encuentro Mundial de Karate Do Escuela Miyazato, en C\u00f3rdoba"},"content":{"rendered":"\n<p>En el marco del 60 Aniversario de la Escuela de Karate Do Miyazato se realiz\u00f3 con \u00e9xito el Encuentro Mundial con Delegaciones de Jap\u00f3n, Espa\u00f1a, Italia, EE.UU, Canada, Chile Linares \u2013 Isla de Pascua, Per\u00fa, Uruguay y Brasil. El lugar elegido fue Embalse R\u00edo Tercero, donde m\u00e1s de 1200 practicantes y 400 acompa\u00f1antes se reunieron para uno de los eventos m\u00e1s grandes que celebr\u00f3 la instituci\u00f3n.<\/p>\n\n\n\n<div class=\"wp-block-image\"><figure class=\"aligncenter size-large\"><img loading=\"lazy\" decoding=\"async\" width=\"640\" height=\"427\" data-attachment-id=\"102681\" data-permalink=\"https:\/\/www.hoymercedes.com.ar\/principal\/2019\/11\/20\/dojo-mercedes-en-el-encuentro-mundial-de-karate-do-escuela-miyazato-en-cordoba\/karate-do-dojo-mercedes\/#main\" data-orig-file=\"https:\/\/www.hoymercedes.com.ar\/principal\/wp-content\/uploads\/2019\/11\/Karate-Do-Dojo-Mercedes.jpg\" data-orig-size=\"640,427\" data-comments-opened=\"0\" data-image-meta=\"{&quot;aperture&quot;:&quot;0&quot;,&quot;credit&quot;:&quot;&quot;,&quot;camera&quot;:&quot;&quot;,&quot;caption&quot;:&quot;&quot;,&quot;created_timestamp&quot;:&quot;0&quot;,&quot;copyright&quot;:&quot;&quot;,&quot;focal_length&quot;:&quot;0&quot;,&quot;iso&quot;:&quot;0&quot;,&quot;shutter_speed&quot;:&quot;0&quot;,&quot;title&quot;:&quot;&quot;,&quot;orientation&quot;:&quot;0&quot;}\" data-image-title=\"Karate-Do-Dojo-Mercedes\" data-image-description=\"\" data-image-caption=\"\" data-large-file=\"https:\/\/www.hoymercedes.com.ar\/principal\/wp-content\/uploads\/2019\/11\/Karate-Do-Dojo-Mercedes.jpg\" src=\"https:\/\/www.hoymercedes.com.ar\/principal\/wp-content\/uploads\/2019\/11\/Karate-Do-Dojo-Mercedes.jpg\" alt=\"\" class=\"wp-image-102681\"\/><\/figure><\/div>\n\n\n\n<p>Se realizaron distintas actividades como examen de la Diplomatura, \u00faltima instancia que Escuela exige a los instructores y categor\u00edas avanzadas; consta en cursar durante un a\u00f1o 10 materias te\u00f3ricas pr\u00e1cticas, como Psicolog\u00eda evolutiva, Filosof\u00eda Oriental, Did\u00e1ctica, Historia y otras m\u00e1s que ayudan a los a los Danes a comprender y exponer este arte marcial con seriedad, con un respaldo poco habitual en las disciplinas como \u00e9stas, que es la prestigiosa Universidad Nacional de Villa Mar\u00eda.<\/p>\n\n\n\n<p>Tambi\u00e9n hubo Taikai (torneo) de ni\u00f1o y adultos, Talleres y seminarios, asenso de categor\u00edas y de honor.<\/p>\n\n\n\n<p>Sensei Masatoshi Miyazato estuvo todo el tiempo con la gran compa\u00f1\u00eda de Sensei Iha (USA), y Santiago Sacaba gran exponente en Brasil, tambi\u00e9n contaron con la presencia del C\u00f3nsul de Jap\u00f3n, autoridades de las asociaciones de Japonesa de Buenos Aires y C\u00f3rdoba.<\/p>\n\n\n\n<p>\u201cEl d\u00eda s\u00e1bado tuvimos la grata visita del Intendente &nbsp;que dedic\u00f3 palabras de agradecimiento por elegir a su ciudad para tal encuentro\u201d, coment\u00f3 el instructor mercedino&nbsp;<strong>Fabi\u00e1n Navarrete<\/strong>.<\/p>\n\n\n\n<p>El Dojo de Mercedes tuvo importante presencia, ya que el Instructor Navarrete fue uno de los elegidos en el pa\u00eds para la organizaci\u00f3n del evento. En \u00e9l recay\u00f3 la responsabilidad del traslado y seguridad de las Delegaciones de los distintos pa\u00edses, de Sensei y tambi\u00e9n de 210 ni\u00f1os con sus acompa\u00f1antes, con diversidad de horario durante el d\u00eda viernes 8, s\u00e1bado 9 y domingo 10 de noviembre. Tambi\u00e9n en el dictado de Talleres y seminarios junto a otros instructores de distintas provincias.<\/p>\n\n\n\n<p>Se destacaron los alumnos de nuestra ciudad en los Taikai y ex\u00e1menes. \u201cFelicitaciones a Ra\u00fal Aran y Carlos Cardozo por sus ascensos en categor\u00edas danes. Seguimos forjando los valores que nos ense\u00f1a este Arte Marcial, respeto, humildad, compa\u00f1erismo, esfuerzo y sobre todo disciplina, la formaci\u00f3n del ciudadano es primicia en nuestra Escuela\u201d, dijo Navarrete.<\/p>\n\n\n\n<p>\u201cEsperamos pronto contar con la delegaci\u00f3n de Hombu Dojo en nuestra ciudad ya que el lazo es muy bueno y fluido\u201d, agreg\u00f3.<\/p>\n\n\n\n<p><strong>Reconocimiento<br><\/strong>El 13 de noviembre Sensei Masatoshi Miyazato Hanshi 10 dan, recibi\u00f3 un importante reconocimiento por parte del Gobierno de Jap\u00f3n a trav\u00e9s de la Canciller\u00eda de dicho pa\u00eds.<\/p>\n\n\n\n<p>El acto se desarrollo en la sede de la embajada japonesa en Buenos Aires, Sensei fue reconocido personalmente por el Embajador Takagiro Nakamae en virtud al gran aporte que realiza en aspectos vinculados con la cultura, la educaci\u00f3n y por transmitir en Argentina el esp\u00edritu japon\u00e9s.<\/p>\n\n\n\n<p>\u201cLos esperamos a todos a la pr\u00e1ctica de Karate Do en calle 23 entre 28 y 30\u201d, complet\u00f3 el Instructor Fabi\u00e1n Navarrete, quien es 6\u00b0Dan Escuela Miyazato Shorin Ryu \u2013 Shidokan<\/p>\n","protected":false},"excerpt":{"rendered":"<p>En el marco del 60 Aniversario de la Escuela de Karate Do Miyazato se realiz\u00f3 con \u00e9xito el Encuentro Mundial &#8230; <a title=\"Dojo Mercedes en el Encuentro Mundial de Karate Do Escuela Miyazato, en C\u00f3rdoba\" class=\"read-more\" href=\"https:\/\/www.hoymercedes.com.ar\/principal\/2019\/11\/20\/dojo-mercedes-en-el-encuentro-mundial-de-karate-do-escuela-miyazato-en-cordoba\/\" aria-label=\"Leer m\u00e1s sobre Dojo Mercedes en el Encuentro Mundial de Karate Do Escuela Miyazato, en C\u00f3rdoba\">Leer m\u00e1s<\/a><\/p>\n","protected":false},"author":1,"featured_media":102681,"comment_status":"closed","ping_status":"open","sticky":false,"template":"","format":"standard","meta":{"_monsterinsights_skip_tracking":false,"_monsterinsights_sitenote_active":false,"_monsterinsights_sitenote_note":"","_monsterinsights_sitenote_category":0,"jetpack_post_was_ever_published":false,"_jetpack_newsletter_access":"","_jetpack_dont_email_post_to_subs":false,"_jetpack_newsletter_tier_id":0,"_jetpack_memberships_contains_paywalled_content":false,"_jetpack_memberships_contains_paid_content":false,"footnotes":"","jetpack_publicize_message":"","jetpack_publicize_feature_enabled":true,"jetpack_social_post_already_shared":true,"jetpack_social_options":{"image_generator_settings":{"template":"highway","default_image_id":0,"font":"","enabled":false},"version":2},"_wpas_customize_per_network":false},"categories":[21],"tags":[11548,15935],"class_list":["post-102680","post","type-post","status-publish","format-standard","has-post-thumbnail","hentry","category-deportes","tag-artes-marciales","tag-karate-do","generate-columns","tablet-grid-50","mobile-grid-100","grid-parent","grid-50"],"jetpack_publicize_connections":[],"jetpack_featured_media_url":"https:\/\/www.hoymercedes.com.ar\/principal\/wp-content\/uploads\/2019\/11\/Karate-Do-Dojo-Mercedes.jpg","wps_subtitle":"Artes Marciales","jetpack_sharing_enabled":true,"_links":{"self":[{"href":"https:\/\/www.hoymercedes.com.ar\/principal\/wp-json\/wp\/v2\/posts\/102680","targetHints":{"allow":["GET"]}}],"collection":[{"href":"https:\/\/www.hoymercedes.com.ar\/principal\/wp-json\/wp\/v2\/posts"}],"about":[{"href":"https:\/\/www.hoymercedes.com.ar\/principal\/wp-json\/wp\/v2\/types\/post"}],"author":[{"embeddable":true,"href":"https:\/\/www.hoymercedes.com.ar\/principal\/wp-json\/wp\/v2\/users\/1"}],"replies":[{"embeddable":true,"href":"https:\/\/www.hoymercedes.com.ar\/principal\/wp-json\/wp\/v2\/comments?post=102680"}],"version-history":[{"count":0,"href":"https:\/\/www.hoymercedes.com.ar\/principal\/wp-json\/wp\/v2\/posts\/102680\/revisions"}],"wp:featuredmedia":[{"embeddable":true,"href":"https:\/\/www.hoymercedes.com.ar\/principal\/wp-json\/wp\/v2\/media\/102681"}],"wp:attachment":[{"href":"https:\/\/www.hoymercedes.com.ar\/principal\/wp-json\/wp\/v2\/media?parent=102680"}],"wp:term":[{"taxonomy":"category","embeddable":true,"href":"https:\/\/www.hoymercedes.com.ar\/principal\/wp-json\/wp\/v2\/categories?post=102680"},{"taxonomy":"post_tag","embeddable":true,"href":"https:\/\/www.hoymercedes.com.ar\/principal\/wp-json\/wp\/v2\/tags?post=102680"}],"curies":[{"name":"wp","href":"https:\/\/api.w.org\/{rel}","templated":true}]}}