{"id":102685,"date":"2019-11-21T07:39:08","date_gmt":"2019-11-21T10:39:08","guid":{"rendered":"http:\/\/www.hoymercedes.com.ar\/principal\/?p=102685"},"modified":"2019-11-20T18:42:42","modified_gmt":"2019-11-20T21:42:42","slug":"la-escuela-de-softbol-mercedina-jugo-ante-haedo","status":"publish","type":"post","link":"https:\/\/www.hoymercedes.com.ar\/principal\/2019\/11\/21\/la-escuela-de-softbol-mercedina-jugo-ante-haedo\/","title":{"rendered":"La Escuela de Softbol mercedina jug\u00f3 ante Haedo"},"content":{"rendered":"\n<p>En la cancha del predio Mart\u00edn Rodr\u00edguez los equipos de Los Tarro tuvieron la visita de Haedo en una jornada a puro softbol para la categor\u00eda Cadetes. En la oportunidad se disputaron dos partidos, completando el conjunto local la indumentaria pasando a vestir los cl\u00e1sicos pantalones que tiene la disciplina.<\/p>\n\n\n\n<div class=\"wp-block-image\"><figure class=\"aligncenter size-large\"><img loading=\"lazy\" decoding=\"async\" width=\"650\" height=\"377\" data-attachment-id=\"102686\" data-permalink=\"https:\/\/www.hoymercedes.com.ar\/principal\/2019\/11\/21\/la-escuela-de-softbol-mercedina-jugo-ante-haedo\/softbol-1\/#main\" data-orig-file=\"https:\/\/www.hoymercedes.com.ar\/principal\/wp-content\/uploads\/2019\/11\/softbol-1.jpg\" data-orig-size=\"650,377\" data-comments-opened=\"0\" data-image-meta=\"{&quot;aperture&quot;:&quot;0&quot;,&quot;credit&quot;:&quot;&quot;,&quot;camera&quot;:&quot;&quot;,&quot;caption&quot;:&quot;&quot;,&quot;created_timestamp&quot;:&quot;0&quot;,&quot;copyright&quot;:&quot;&quot;,&quot;focal_length&quot;:&quot;0&quot;,&quot;iso&quot;:&quot;0&quot;,&quot;shutter_speed&quot;:&quot;0&quot;,&quot;title&quot;:&quot;&quot;,&quot;orientation&quot;:&quot;0&quot;}\" data-image-title=\"softbol-1\" data-image-description=\"\" data-image-caption=\"\" data-large-file=\"https:\/\/www.hoymercedes.com.ar\/principal\/wp-content\/uploads\/2019\/11\/softbol-1.jpg\" src=\"https:\/\/www.hoymercedes.com.ar\/principal\/wp-content\/uploads\/2019\/11\/softbol-1.jpg\" alt=\"\" class=\"wp-image-102686\"\/><\/figure><\/div>\n\n\n\n<p>El primer encuentro lo gan\u00f3 Haedo 11 a 5 y ya el segundo cotejo fue 12 a 4 para los locales. En cancha estuvieron: Ignacio Marcigliano, Ilario Chiacchiarini, Juan Maldonado, Tom\u00e1s Maldonado, Felipe Chiacchiarini, Mart\u00edn Guti\u00e9rrez, Salvador B\u00e1ez, Santiago Schuldeis, Ignacio Viani, Kevin Cantero, Luc\u00eda Cantero, Luca Marcati, Lautaro Costas, Santiago Su\u00e1rez, Teo Ca\u00f1ameras, Bruno Lescano y Francisco Salvetti.<\/p>\n\n\n\n<p>La semana entrante Los Tarro reciben a San Antonio de Areco, ser\u00e1 el viernes 22 y el s\u00e1bado 23 viajar\u00e1n al cierre de la Liga de Jun\u00edn.<\/p>\n","protected":false},"excerpt":{"rendered":"<p>En la cancha del predio Mart\u00edn Rodr\u00edguez los equipos de Los Tarro tuvieron la visita de Haedo en una jornada &#8230; <a title=\"La Escuela de Softbol mercedina jug\u00f3 ante Haedo\" class=\"read-more\" href=\"https:\/\/www.hoymercedes.com.ar\/principal\/2019\/11\/21\/la-escuela-de-softbol-mercedina-jugo-ante-haedo\/\" aria-label=\"Leer m\u00e1s sobre La Escuela de Softbol mercedina jug\u00f3 ante Haedo\">Leer m\u00e1s<\/a><\/p>\n","protected":false},"author":1,"featured_media":102686,"comment_status":"closed","ping_status":"open","sticky":false,"template":"","format":"standard","meta":{"_monsterinsights_skip_tracking":false,"_monsterinsights_sitenote_active":false,"_monsterinsights_sitenote_note":"","_monsterinsights_sitenote_category":0,"jetpack_post_was_ever_published":false,"_jetpack_newsletter_access":"","_jetpack_dont_email_post_to_subs":false,"_jetpack_newsletter_tier_id":0,"_jetpack_memberships_contains_paywalled_content":false,"_jetpack_memberships_contains_paid_content":false,"footnotes":"","jetpack_publicize_message":"","jetpack_publicize_feature_enabled":true,"jetpack_social_post_already_shared":true,"jetpack_social_options":{"image_generator_settings":{"template":"highway","default_image_id":0,"font":"","enabled":false},"version":2},"_wpas_customize_per_network":false},"categories":[21],"tags":[15937,15936,10642],"class_list":["post-102685","post","type-post","status-publish","format-standard","has-post-thumbnail","hentry","category-deportes","tag-haedo","tag-los-tarro","tag-softbol","generate-columns","tablet-grid-50","mobile-grid-100","grid-parent","grid-50"],"jetpack_publicize_connections":[],"jetpack_featured_media_url":"https:\/\/www.hoymercedes.com.ar\/principal\/wp-content\/uploads\/2019\/11\/softbol-1.jpg","wps_subtitle":"Softbol","jetpack_sharing_enabled":true,"_links":{"self":[{"href":"https:\/\/www.hoymercedes.com.ar\/principal\/wp-json\/wp\/v2\/posts\/102685","targetHints":{"allow":["GET"]}}],"collection":[{"href":"https:\/\/www.hoymercedes.com.ar\/principal\/wp-json\/wp\/v2\/posts"}],"about":[{"href":"https:\/\/www.hoymercedes.com.ar\/principal\/wp-json\/wp\/v2\/types\/post"}],"author":[{"embeddable":true,"href":"https:\/\/www.hoymercedes.com.ar\/principal\/wp-json\/wp\/v2\/users\/1"}],"replies":[{"embeddable":true,"href":"https:\/\/www.hoymercedes.com.ar\/principal\/wp-json\/wp\/v2\/comments?post=102685"}],"version-history":[{"count":0,"href":"https:\/\/www.hoymercedes.com.ar\/principal\/wp-json\/wp\/v2\/posts\/102685\/revisions"}],"wp:featuredmedia":[{"embeddable":true,"href":"https:\/\/www.hoymercedes.com.ar\/principal\/wp-json\/wp\/v2\/media\/102686"}],"wp:attachment":[{"href":"https:\/\/www.hoymercedes.com.ar\/principal\/wp-json\/wp\/v2\/media?parent=102685"}],"wp:term":[{"taxonomy":"category","embeddable":true,"href":"https:\/\/www.hoymercedes.com.ar\/principal\/wp-json\/wp\/v2\/categories?post=102685"},{"taxonomy":"post_tag","embeddable":true,"href":"https:\/\/www.hoymercedes.com.ar\/principal\/wp-json\/wp\/v2\/tags?post=102685"}],"curies":[{"name":"wp","href":"https:\/\/api.w.org\/{rel}","templated":true}]}}