{"id":102689,"date":"2019-11-21T11:43:01","date_gmt":"2019-11-21T14:43:01","guid":{"rendered":"http:\/\/www.hoymercedes.com.ar\/principal\/?p=102689"},"modified":"2019-11-20T18:48:25","modified_gmt":"2019-11-20T21:48:25","slug":"la-pesada-fc-viajara-a-tandil","status":"publish","type":"post","link":"https:\/\/www.hoymercedes.com.ar\/principal\/2019\/11\/21\/la-pesada-fc-viajara-a-tandil\/","title":{"rendered":"La Pesada FC viajar\u00e1 a Tandil"},"content":{"rendered":"\n<p>El complejo mercedino vibr\u00f3 al ritmo de buen f\u00fatbol, por parte de dos conjuntos que dejaron todo adentro del verde c\u00e9sped de las impecables instalaciones que armaron los hermanos Bonamino, junto a un gran grupo de colaboradores, quienes aportan buena comida y bebidas.<\/p>\n\n\n\n<figure class=\"wp-block-image size-large\"><img loading=\"lazy\" decoding=\"async\" width=\"1280\" height=\"960\" data-attachment-id=\"102690\" data-permalink=\"https:\/\/www.hoymercedes.com.ar\/principal\/2019\/11\/21\/la-pesada-fc-viajara-a-tandil\/la-pesada-fc-campeon-jpg\/#main\" data-orig-file=\"https:\/\/www.hoymercedes.com.ar\/principal\/wp-content\/uploads\/2019\/11\/la-pesada-fc-campe\u00f3n.jpg.jpg\" data-orig-size=\"1280,960\" data-comments-opened=\"0\" data-image-meta=\"{&quot;aperture&quot;:&quot;0&quot;,&quot;credit&quot;:&quot;&quot;,&quot;camera&quot;:&quot;&quot;,&quot;caption&quot;:&quot;&quot;,&quot;created_timestamp&quot;:&quot;0&quot;,&quot;copyright&quot;:&quot;&quot;,&quot;focal_length&quot;:&quot;0&quot;,&quot;iso&quot;:&quot;0&quot;,&quot;shutter_speed&quot;:&quot;0&quot;,&quot;title&quot;:&quot;&quot;,&quot;orientation&quot;:&quot;0&quot;}\" data-image-title=\"la-pesada-fc-campe\u00f3n.jpg\" data-image-description=\"\" data-image-caption=\"\" data-large-file=\"https:\/\/www.hoymercedes.com.ar\/principal\/wp-content\/uploads\/2019\/11\/la-pesada-fc-campe\u00f3n.jpg.jpg\" src=\"https:\/\/www.hoymercedes.com.ar\/principal\/wp-content\/uploads\/2019\/11\/la-pesada-fc-campe\u00f3n.jpg.jpg\" alt=\"\" class=\"wp-image-102690\"\/><\/figure>\n\n\n\n<p>Dos grandes equipos hicieron de las suyas a lo largo de cada match disputado. En primera instancia tuvieron que pasar la fase de zonas. Estando en distintos grupos, Tamo Activo y La Pesada FC se fueron haciendo fuertes a lo largo del campeonato. Sin dudar y sin nerviosismo avanzaron a la siguiente etapa, y siempre con la mente puesta en Tandil.<\/p>\n\n\n\n<p>A la hora de las semifinales, a las cuales clasificaron directamente, ambos planteles jugaron cada enfrentamiento a un nivel superlativo. En la noche del viernes chocaron dos verdaderas potencias, dos que se conocen bien, y dos que ya son un cl\u00e1sico en fases de definici\u00f3n.<\/p>\n\n\n\n<p>En el minuto a minuto del encuentro, hay que decir que Diego Borjas abri\u00f3 el marcador para los chicos de Olivera, Tamo Activo. Sin salirse del papel que protagonizaba, La Pesada FC r\u00e1pidamente igual\u00f3 las condiciones, a base de tranquilidad y buen juego colectivo<\/p>\n\n\n\n<p>Las claras situaciones de gol fueron llegando para cada plantel; pero el final del enfrentamiento decret\u00f3 un cuatro a cuatro, y todo deriv\u00f3 a la fat\u00eddica tanda de penales. En dicha instancia, La Pesada FC fue m\u00e1s que su contrincante y se apoder\u00f3 del t\u00edtulo, logrando inmediatamente la clasificaci\u00f3n a la Copa Nacional de Campeones Tandil 2020.<\/p>\n\n\n\n<p>En pocos d\u00edas comenzar\u00e1n dos nuevos cert\u00e1menes. Uno de caballeros, el cual dar\u00e1 cupo a los Regionales 2020. El otro ser\u00e1 para las damas, con chances de acceder al Nacional Tandil 2020.<\/p>\n\n\n\n<p><strong>La Pesada FC: 4 <\/strong>(Alejandro Carrera, Braian Rojas, David Brizoliz, Germ\u00e1n Lucero).<br><strong>Tamo Activo: 4<\/strong> (Diego Borjas 3, Sebasti\u00e1n Mu\u00f1\u00f3z).<br><strong>Penales:<\/strong> La Pesada 4-2 Tamo Activo <\/p>\n","protected":false},"excerpt":{"rendered":"<p>El complejo mercedino vibr\u00f3 al ritmo de buen f\u00fatbol, por parte de dos conjuntos que dejaron todo adentro del verde &#8230; <a title=\"La Pesada FC viajar\u00e1 a Tandil\" class=\"read-more\" href=\"https:\/\/www.hoymercedes.com.ar\/principal\/2019\/11\/21\/la-pesada-fc-viajara-a-tandil\/\" aria-label=\"Leer m\u00e1s sobre La Pesada FC viajar\u00e1 a Tandil\">Leer m\u00e1s<\/a><\/p>\n","protected":false},"author":1,"featured_media":102690,"comment_status":"closed","ping_status":"open","sticky":false,"template":"","format":"standard","meta":{"_monsterinsights_skip_tracking":false,"_monsterinsights_sitenote_active":false,"_monsterinsights_sitenote_note":"","_monsterinsights_sitenote_category":0,"jetpack_post_was_ever_published":false,"_jetpack_newsletter_access":"","_jetpack_dont_email_post_to_subs":false,"_jetpack_newsletter_tier_id":0,"_jetpack_memberships_contains_paywalled_content":false,"_jetpack_memberships_contains_paid_content":false,"footnotes":"","jetpack_publicize_message":"","jetpack_publicize_feature_enabled":true,"jetpack_social_post_already_shared":true,"jetpack_social_options":{"image_generator_settings":{"template":"highway","default_image_id":0,"font":"","enabled":false},"version":2},"_wpas_customize_per_network":false},"categories":[21],"tags":[],"class_list":["post-102689","post","type-post","status-publish","format-standard","has-post-thumbnail","hentry","category-deportes","generate-columns","tablet-grid-50","mobile-grid-100","grid-parent","grid-50"],"jetpack_publicize_connections":[],"jetpack_featured_media_url":"https:\/\/www.hoymercedes.com.ar\/principal\/wp-content\/uploads\/2019\/11\/la-pesada-fc-campe\u00f3n.jpg.jpg","wps_subtitle":"La Brava Villa Deportiva","jetpack_sharing_enabled":true,"_links":{"self":[{"href":"https:\/\/www.hoymercedes.com.ar\/principal\/wp-json\/wp\/v2\/posts\/102689","targetHints":{"allow":["GET"]}}],"collection":[{"href":"https:\/\/www.hoymercedes.com.ar\/principal\/wp-json\/wp\/v2\/posts"}],"about":[{"href":"https:\/\/www.hoymercedes.com.ar\/principal\/wp-json\/wp\/v2\/types\/post"}],"author":[{"embeddable":true,"href":"https:\/\/www.hoymercedes.com.ar\/principal\/wp-json\/wp\/v2\/users\/1"}],"replies":[{"embeddable":true,"href":"https:\/\/www.hoymercedes.com.ar\/principal\/wp-json\/wp\/v2\/comments?post=102689"}],"version-history":[{"count":0,"href":"https:\/\/www.hoymercedes.com.ar\/principal\/wp-json\/wp\/v2\/posts\/102689\/revisions"}],"wp:featuredmedia":[{"embeddable":true,"href":"https:\/\/www.hoymercedes.com.ar\/principal\/wp-json\/wp\/v2\/media\/102690"}],"wp:attachment":[{"href":"https:\/\/www.hoymercedes.com.ar\/principal\/wp-json\/wp\/v2\/media?parent=102689"}],"wp:term":[{"taxonomy":"category","embeddable":true,"href":"https:\/\/www.hoymercedes.com.ar\/principal\/wp-json\/wp\/v2\/categories?post=102689"},{"taxonomy":"post_tag","embeddable":true,"href":"https:\/\/www.hoymercedes.com.ar\/principal\/wp-json\/wp\/v2\/tags?post=102689"}],"curies":[{"name":"wp","href":"https:\/\/api.w.org\/{rel}","templated":true}]}}