{"id":102693,"date":"2019-11-21T16:48:59","date_gmt":"2019-11-21T19:48:59","guid":{"rendered":"http:\/\/www.hoymercedes.com.ar\/principal\/?p=102693"},"modified":"2019-11-20T18:57:26","modified_gmt":"2019-11-20T21:57:26","slug":"handball-bajo-el-sol-en-jornada-amistosa","status":"publish","type":"post","link":"https:\/\/www.hoymercedes.com.ar\/principal\/2019\/11\/21\/handball-bajo-el-sol-en-jornada-amistosa\/","title":{"rendered":"Handball bajo el sol en jornada amistosa"},"content":{"rendered":"\n<p>En la calurosa tarde del jueves 14 los equipos femeninos de la Escuela Municipal recibieron en su cancha del Mart\u00edn Rodr\u00edguez a los representativos del CEF N\u00b0 127 de San Antonio de Areco. La jornada comenz\u00f3 a las 15 con el partido de Juveniles femenino en donde el local, entrenado por el Profesor Leonardo Gonz\u00e1lez, se impuso por escaso margen frente al visitante, fue 16 a 14 siendo la goleadora del partido Candela Gaiera.<\/p>\n\n\n\n<figure class=\"wp-block-image size-large\"><img loading=\"lazy\" decoding=\"async\" width=\"960\" height=\"960\" data-attachment-id=\"102694\" data-permalink=\"https:\/\/www.hoymercedes.com.ar\/principal\/2019\/11\/21\/handball-bajo-el-sol-en-jornada-amistosa\/77064340_10221869422231553_524069027534864384_o\/#main\" data-orig-file=\"https:\/\/www.hoymercedes.com.ar\/principal\/wp-content\/uploads\/2019\/11\/77064340_10221869422231553_524069027534864384_o.jpg\" data-orig-size=\"960,960\" data-comments-opened=\"0\" data-image-meta=\"{&quot;aperture&quot;:&quot;0&quot;,&quot;credit&quot;:&quot;&quot;,&quot;camera&quot;:&quot;&quot;,&quot;caption&quot;:&quot;&quot;,&quot;created_timestamp&quot;:&quot;0&quot;,&quot;copyright&quot;:&quot;&quot;,&quot;focal_length&quot;:&quot;0&quot;,&quot;iso&quot;:&quot;0&quot;,&quot;shutter_speed&quot;:&quot;0&quot;,&quot;title&quot;:&quot;&quot;,&quot;orientation&quot;:&quot;0&quot;}\" data-image-title=\"77064340_10221869422231553_524069027534864384_o\" data-image-description=\"\" data-image-caption=\"\" data-large-file=\"https:\/\/www.hoymercedes.com.ar\/principal\/wp-content\/uploads\/2019\/11\/77064340_10221869422231553_524069027534864384_o.jpg\" src=\"https:\/\/www.hoymercedes.com.ar\/principal\/wp-content\/uploads\/2019\/11\/77064340_10221869422231553_524069027534864384_o.jpg\" alt=\"\" class=\"wp-image-102694\"\/><\/figure>\n\n\n\n<p>A las 16 las Cadetes cayeron frente al elenco de Gerem\u00edas Hurtado por 13 a 10, en un encuentro en donde ambos mostraron intenciones de jugar un buen partido de handball, pero estuvieron imprecisos en sus lanzamientos al arco.<\/p>\n\n\n\n<p>La jornada termin\u00f3 con el cotejo que se disput\u00f3 a las 17 entre los Cadetes masculino, en donde se enfrentaron el CEF N\u00b0 40, entrenado por el profesor Dami\u00e1n Altieri, y el CEF N\u00b0127 dirigido por el profesor Juan Pablo Falivele. Este fue el partido con mayor cantidad de emociones, en un juego en el cual el Areco encontr\u00f3 el empate en 21 goles en la \u00faltima acci\u00f3n.<\/p>\n\n\n\n<p>Con estos cotejos, ambas instituciones volvieron a compartir muy buenos minutos de handball dentro de una cancha, con posibilidades de que los equipos de San Antonio de Areco comiencen a participar del a\u00f1o pr\u00f3ximo en la competencia de la Liga Mercedina de Balonmano.<\/p>\n\n\n\n<figure class=\"wp-block-gallery columns-3 is-cropped wp-block-gallery-1 is-layout-flex wp-block-gallery-is-layout-flex\"><ul class=\"blocks-gallery-grid\"><li class=\"blocks-gallery-item\"><figure><img loading=\"lazy\" decoding=\"async\" width=\"581\" height=\"581\" data-attachment-id=\"102695\" data-permalink=\"https:\/\/www.hoymercedes.com.ar\/principal\/2019\/11\/21\/handball-bajo-el-sol-en-jornada-amistosa\/76953560_10221869417471434_2103417631435390976_n-1\/#main\" data-orig-file=\"https:\/\/www.hoymercedes.com.ar\/principal\/wp-content\/uploads\/2019\/11\/76953560_10221869417471434_2103417631435390976_n-1.jpg\" data-orig-size=\"581,581\" data-comments-opened=\"0\" data-image-meta=\"{&quot;aperture&quot;:&quot;0&quot;,&quot;credit&quot;:&quot;&quot;,&quot;camera&quot;:&quot;&quot;,&quot;caption&quot;:&quot;&quot;,&quot;created_timestamp&quot;:&quot;0&quot;,&quot;copyright&quot;:&quot;&quot;,&quot;focal_length&quot;:&quot;0&quot;,&quot;iso&quot;:&quot;0&quot;,&quot;shutter_speed&quot;:&quot;0&quot;,&quot;title&quot;:&quot;&quot;,&quot;orientation&quot;:&quot;0&quot;}\" data-image-title=\"76953560_10221869417471434_2103417631435390976_n-1\" data-image-description=\"\" data-image-caption=\"\" data-large-file=\"https:\/\/www.hoymercedes.com.ar\/principal\/wp-content\/uploads\/2019\/11\/76953560_10221869417471434_2103417631435390976_n-1.jpg\" src=\"https:\/\/www.hoymercedes.com.ar\/principal\/wp-content\/uploads\/2019\/11\/76953560_10221869417471434_2103417631435390976_n-1.jpg\" alt=\"\" data-id=\"102695\" data-link=\"https:\/\/www.hoymercedes.com.ar\/principal\/?attachment_id=102695\" class=\"wp-image-102695\"\/><\/figure><\/li><li class=\"blocks-gallery-item\"><figure><img loading=\"lazy\" decoding=\"async\" width=\"960\" height=\"960\" data-attachment-id=\"102696\" data-permalink=\"https:\/\/www.hoymercedes.com.ar\/principal\/2019\/11\/21\/handball-bajo-el-sol-en-jornada-amistosa\/75534792_10221869425031623_3483195821103513600_o\/#main\" data-orig-file=\"https:\/\/www.hoymercedes.com.ar\/principal\/wp-content\/uploads\/2019\/11\/75534792_10221869425031623_3483195821103513600_o.jpg\" data-orig-size=\"960,960\" data-comments-opened=\"0\" data-image-meta=\"{&quot;aperture&quot;:&quot;0&quot;,&quot;credit&quot;:&quot;&quot;,&quot;camera&quot;:&quot;&quot;,&quot;caption&quot;:&quot;&quot;,&quot;created_timestamp&quot;:&quot;0&quot;,&quot;copyright&quot;:&quot;&quot;,&quot;focal_length&quot;:&quot;0&quot;,&quot;iso&quot;:&quot;0&quot;,&quot;shutter_speed&quot;:&quot;0&quot;,&quot;title&quot;:&quot;&quot;,&quot;orientation&quot;:&quot;0&quot;}\" data-image-title=\"75534792_10221869425031623_3483195821103513600_o\" data-image-description=\"\" data-image-caption=\"\" data-large-file=\"https:\/\/www.hoymercedes.com.ar\/principal\/wp-content\/uploads\/2019\/11\/75534792_10221869425031623_3483195821103513600_o.jpg\" src=\"https:\/\/www.hoymercedes.com.ar\/principal\/wp-content\/uploads\/2019\/11\/75534792_10221869425031623_3483195821103513600_o.jpg\" alt=\"\" data-id=\"102696\" data-link=\"https:\/\/www.hoymercedes.com.ar\/principal\/?attachment_id=102696\" class=\"wp-image-102696\"\/><\/figure><\/li><li class=\"blocks-gallery-item\"><figure><img loading=\"lazy\" decoding=\"async\" width=\"960\" height=\"960\" data-attachment-id=\"102697\" data-permalink=\"https:\/\/www.hoymercedes.com.ar\/principal\/2019\/11\/21\/handball-bajo-el-sol-en-jornada-amistosa\/76602216_10221869424271604_7225963638622781440_o\/#main\" data-orig-file=\"https:\/\/www.hoymercedes.com.ar\/principal\/wp-content\/uploads\/2019\/11\/76602216_10221869424271604_7225963638622781440_o.jpg\" data-orig-size=\"960,960\" data-comments-opened=\"0\" data-image-meta=\"{&quot;aperture&quot;:&quot;0&quot;,&quot;credit&quot;:&quot;&quot;,&quot;camera&quot;:&quot;&quot;,&quot;caption&quot;:&quot;&quot;,&quot;created_timestamp&quot;:&quot;0&quot;,&quot;copyright&quot;:&quot;&quot;,&quot;focal_length&quot;:&quot;0&quot;,&quot;iso&quot;:&quot;0&quot;,&quot;shutter_speed&quot;:&quot;0&quot;,&quot;title&quot;:&quot;&quot;,&quot;orientation&quot;:&quot;0&quot;}\" data-image-title=\"76602216_10221869424271604_7225963638622781440_o\" data-image-description=\"\" data-image-caption=\"\" data-large-file=\"https:\/\/www.hoymercedes.com.ar\/principal\/wp-content\/uploads\/2019\/11\/76602216_10221869424271604_7225963638622781440_o.jpg\" src=\"https:\/\/www.hoymercedes.com.ar\/principal\/wp-content\/uploads\/2019\/11\/76602216_10221869424271604_7225963638622781440_o.jpg\" alt=\"\" data-id=\"102697\" data-link=\"https:\/\/www.hoymercedes.com.ar\/principal\/?attachment_id=102697\" class=\"wp-image-102697\"\/><\/figure><\/li><li class=\"blocks-gallery-item\"><figure><img loading=\"lazy\" decoding=\"async\" width=\"960\" height=\"960\" data-attachment-id=\"102698\" data-permalink=\"https:\/\/www.hoymercedes.com.ar\/principal\/2019\/11\/21\/handball-bajo-el-sol-en-jornada-amistosa\/76635660_10221869423431583_4908678621784178688_o\/#main\" data-orig-file=\"https:\/\/www.hoymercedes.com.ar\/principal\/wp-content\/uploads\/2019\/11\/76635660_10221869423431583_4908678621784178688_o.jpg\" data-orig-size=\"960,960\" data-comments-opened=\"0\" data-image-meta=\"{&quot;aperture&quot;:&quot;0&quot;,&quot;credit&quot;:&quot;&quot;,&quot;camera&quot;:&quot;&quot;,&quot;caption&quot;:&quot;&quot;,&quot;created_timestamp&quot;:&quot;0&quot;,&quot;copyright&quot;:&quot;&quot;,&quot;focal_length&quot;:&quot;0&quot;,&quot;iso&quot;:&quot;0&quot;,&quot;shutter_speed&quot;:&quot;0&quot;,&quot;title&quot;:&quot;&quot;,&quot;orientation&quot;:&quot;0&quot;}\" data-image-title=\"76635660_10221869423431583_4908678621784178688_o\" data-image-description=\"\" data-image-caption=\"\" data-large-file=\"https:\/\/www.hoymercedes.com.ar\/principal\/wp-content\/uploads\/2019\/11\/76635660_10221869423431583_4908678621784178688_o.jpg\" src=\"https:\/\/www.hoymercedes.com.ar\/principal\/wp-content\/uploads\/2019\/11\/76635660_10221869423431583_4908678621784178688_o.jpg\" alt=\"\" data-id=\"102698\" data-link=\"https:\/\/www.hoymercedes.com.ar\/principal\/?attachment_id=102698\" class=\"wp-image-102698\"\/><\/figure><\/li><li class=\"blocks-gallery-item\"><figure><img loading=\"lazy\" decoding=\"async\" width=\"960\" height=\"960\" data-attachment-id=\"102699\" data-permalink=\"https:\/\/www.hoymercedes.com.ar\/principal\/2019\/11\/21\/handball-bajo-el-sol-en-jornada-amistosa\/75371733_10221869421751541_5405844317774282752_o\/#main\" data-orig-file=\"https:\/\/www.hoymercedes.com.ar\/principal\/wp-content\/uploads\/2019\/11\/75371733_10221869421751541_5405844317774282752_o.jpg\" data-orig-size=\"960,960\" data-comments-opened=\"0\" data-image-meta=\"{&quot;aperture&quot;:&quot;0&quot;,&quot;credit&quot;:&quot;&quot;,&quot;camera&quot;:&quot;&quot;,&quot;caption&quot;:&quot;&quot;,&quot;created_timestamp&quot;:&quot;0&quot;,&quot;copyright&quot;:&quot;&quot;,&quot;focal_length&quot;:&quot;0&quot;,&quot;iso&quot;:&quot;0&quot;,&quot;shutter_speed&quot;:&quot;0&quot;,&quot;title&quot;:&quot;&quot;,&quot;orientation&quot;:&quot;0&quot;}\" data-image-title=\"75371733_10221869421751541_5405844317774282752_o\" data-image-description=\"\" data-image-caption=\"\" data-large-file=\"https:\/\/www.hoymercedes.com.ar\/principal\/wp-content\/uploads\/2019\/11\/75371733_10221869421751541_5405844317774282752_o.jpg\" src=\"https:\/\/www.hoymercedes.com.ar\/principal\/wp-content\/uploads\/2019\/11\/75371733_10221869421751541_5405844317774282752_o.jpg\" alt=\"\" data-id=\"102699\" data-link=\"https:\/\/www.hoymercedes.com.ar\/principal\/?attachment_id=102699\" class=\"wp-image-102699\"\/><\/figure><\/li><li class=\"blocks-gallery-item\"><figure><img loading=\"lazy\" decoding=\"async\" width=\"960\" height=\"960\" data-attachment-id=\"102700\" data-permalink=\"https:\/\/www.hoymercedes.com.ar\/principal\/2019\/11\/21\/handball-bajo-el-sol-en-jornada-amistosa\/73458881_10221869420471509_3310567204142972928_o\/#main\" data-orig-file=\"https:\/\/www.hoymercedes.com.ar\/principal\/wp-content\/uploads\/2019\/11\/73458881_10221869420471509_3310567204142972928_o.jpg\" data-orig-size=\"960,960\" data-comments-opened=\"0\" data-image-meta=\"{&quot;aperture&quot;:&quot;0&quot;,&quot;credit&quot;:&quot;&quot;,&quot;camera&quot;:&quot;&quot;,&quot;caption&quot;:&quot;&quot;,&quot;created_timestamp&quot;:&quot;0&quot;,&quot;copyright&quot;:&quot;&quot;,&quot;focal_length&quot;:&quot;0&quot;,&quot;iso&quot;:&quot;0&quot;,&quot;shutter_speed&quot;:&quot;0&quot;,&quot;title&quot;:&quot;&quot;,&quot;orientation&quot;:&quot;0&quot;}\" data-image-title=\"73458881_10221869420471509_3310567204142972928_o\" data-image-description=\"\" data-image-caption=\"\" data-large-file=\"https:\/\/www.hoymercedes.com.ar\/principal\/wp-content\/uploads\/2019\/11\/73458881_10221869420471509_3310567204142972928_o.jpg\" src=\"https:\/\/www.hoymercedes.com.ar\/principal\/wp-content\/uploads\/2019\/11\/73458881_10221869420471509_3310567204142972928_o.jpg\" alt=\"\" data-id=\"102700\" data-link=\"https:\/\/www.hoymercedes.com.ar\/principal\/?attachment_id=102700\" class=\"wp-image-102700\"\/><\/figure><\/li><li class=\"blocks-gallery-item\"><figure><img loading=\"lazy\" decoding=\"async\" width=\"960\" height=\"960\" data-attachment-id=\"102701\" data-permalink=\"https:\/\/www.hoymercedes.com.ar\/principal\/2019\/11\/21\/handball-bajo-el-sol-en-jornada-amistosa\/76693296_10221869418671464_7390151133018193920_o\/#main\" data-orig-file=\"https:\/\/www.hoymercedes.com.ar\/principal\/wp-content\/uploads\/2019\/11\/76693296_10221869418671464_7390151133018193920_o.jpg\" data-orig-size=\"960,960\" data-comments-opened=\"0\" data-image-meta=\"{&quot;aperture&quot;:&quot;0&quot;,&quot;credit&quot;:&quot;&quot;,&quot;camera&quot;:&quot;&quot;,&quot;caption&quot;:&quot;&quot;,&quot;created_timestamp&quot;:&quot;0&quot;,&quot;copyright&quot;:&quot;&quot;,&quot;focal_length&quot;:&quot;0&quot;,&quot;iso&quot;:&quot;0&quot;,&quot;shutter_speed&quot;:&quot;0&quot;,&quot;title&quot;:&quot;&quot;,&quot;orientation&quot;:&quot;0&quot;}\" data-image-title=\"76693296_10221869418671464_7390151133018193920_o\" data-image-description=\"\" data-image-caption=\"\" data-large-file=\"https:\/\/www.hoymercedes.com.ar\/principal\/wp-content\/uploads\/2019\/11\/76693296_10221869418671464_7390151133018193920_o.jpg\" src=\"https:\/\/www.hoymercedes.com.ar\/principal\/wp-content\/uploads\/2019\/11\/76693296_10221869418671464_7390151133018193920_o.jpg\" alt=\"\" data-id=\"102701\" data-link=\"https:\/\/www.hoymercedes.com.ar\/principal\/?attachment_id=102701\" class=\"wp-image-102701\"\/><\/figure><\/li><li class=\"blocks-gallery-item\"><figure><img loading=\"lazy\" decoding=\"async\" width=\"960\" height=\"960\" data-attachment-id=\"102702\" data-permalink=\"https:\/\/www.hoymercedes.com.ar\/principal\/2019\/11\/21\/handball-bajo-el-sol-en-jornada-amistosa\/76964480_10221869418311455_905911239559872512_o\/#main\" data-orig-file=\"https:\/\/www.hoymercedes.com.ar\/principal\/wp-content\/uploads\/2019\/11\/76964480_10221869418311455_905911239559872512_o.jpg\" data-orig-size=\"960,960\" data-comments-opened=\"0\" data-image-meta=\"{&quot;aperture&quot;:&quot;0&quot;,&quot;credit&quot;:&quot;&quot;,&quot;camera&quot;:&quot;&quot;,&quot;caption&quot;:&quot;&quot;,&quot;created_timestamp&quot;:&quot;0&quot;,&quot;copyright&quot;:&quot;&quot;,&quot;focal_length&quot;:&quot;0&quot;,&quot;iso&quot;:&quot;0&quot;,&quot;shutter_speed&quot;:&quot;0&quot;,&quot;title&quot;:&quot;&quot;,&quot;orientation&quot;:&quot;0&quot;}\" data-image-title=\"76964480_10221869418311455_905911239559872512_o\" data-image-description=\"\" data-image-caption=\"\" data-large-file=\"https:\/\/www.hoymercedes.com.ar\/principal\/wp-content\/uploads\/2019\/11\/76964480_10221869418311455_905911239559872512_o.jpg\" src=\"https:\/\/www.hoymercedes.com.ar\/principal\/wp-content\/uploads\/2019\/11\/76964480_10221869418311455_905911239559872512_o.jpg\" alt=\"\" data-id=\"102702\" data-link=\"https:\/\/www.hoymercedes.com.ar\/principal\/?attachment_id=102702\" class=\"wp-image-102702\"\/><\/figure><\/li><li class=\"blocks-gallery-item\"><figure><img loading=\"lazy\" decoding=\"async\" width=\"960\" height=\"960\" data-attachment-id=\"102703\" data-permalink=\"https:\/\/www.hoymercedes.com.ar\/principal\/2019\/11\/21\/handball-bajo-el-sol-en-jornada-amistosa\/75398144_10221869417831443_3394726684581167104_n\/#main\" data-orig-file=\"https:\/\/www.hoymercedes.com.ar\/principal\/wp-content\/uploads\/2019\/11\/75398144_10221869417831443_3394726684581167104_n.jpg\" data-orig-size=\"960,960\" data-comments-opened=\"0\" data-image-meta=\"{&quot;aperture&quot;:&quot;0&quot;,&quot;credit&quot;:&quot;&quot;,&quot;camera&quot;:&quot;&quot;,&quot;caption&quot;:&quot;&quot;,&quot;created_timestamp&quot;:&quot;0&quot;,&quot;copyright&quot;:&quot;&quot;,&quot;focal_length&quot;:&quot;0&quot;,&quot;iso&quot;:&quot;0&quot;,&quot;shutter_speed&quot;:&quot;0&quot;,&quot;title&quot;:&quot;&quot;,&quot;orientation&quot;:&quot;0&quot;}\" data-image-title=\"75398144_10221869417831443_3394726684581167104_n\" data-image-description=\"\" data-image-caption=\"\" data-large-file=\"https:\/\/www.hoymercedes.com.ar\/principal\/wp-content\/uploads\/2019\/11\/75398144_10221869417831443_3394726684581167104_n.jpg\" src=\"https:\/\/www.hoymercedes.com.ar\/principal\/wp-content\/uploads\/2019\/11\/75398144_10221869417831443_3394726684581167104_n.jpg\" alt=\"\" data-id=\"102703\" data-link=\"https:\/\/www.hoymercedes.com.ar\/principal\/?attachment_id=102703\" class=\"wp-image-102703\"\/><\/figure><\/li><li class=\"blocks-gallery-item\"><figure><img loading=\"lazy\" decoding=\"async\" width=\"581\" height=\"581\" data-attachment-id=\"102704\" data-permalink=\"https:\/\/www.hoymercedes.com.ar\/principal\/2019\/11\/21\/handball-bajo-el-sol-en-jornada-amistosa\/76953560_10221869417471434_2103417631435390976_n\/#main\" data-orig-file=\"https:\/\/www.hoymercedes.com.ar\/principal\/wp-content\/uploads\/2019\/11\/76953560_10221869417471434_2103417631435390976_n.jpg\" data-orig-size=\"581,581\" data-comments-opened=\"0\" data-image-meta=\"{&quot;aperture&quot;:&quot;0&quot;,&quot;credit&quot;:&quot;&quot;,&quot;camera&quot;:&quot;&quot;,&quot;caption&quot;:&quot;&quot;,&quot;created_timestamp&quot;:&quot;0&quot;,&quot;copyright&quot;:&quot;&quot;,&quot;focal_length&quot;:&quot;0&quot;,&quot;iso&quot;:&quot;0&quot;,&quot;shutter_speed&quot;:&quot;0&quot;,&quot;title&quot;:&quot;&quot;,&quot;orientation&quot;:&quot;0&quot;}\" data-image-title=\"76953560_10221869417471434_2103417631435390976_n\" data-image-description=\"\" data-image-caption=\"\" data-large-file=\"https:\/\/www.hoymercedes.com.ar\/principal\/wp-content\/uploads\/2019\/11\/76953560_10221869417471434_2103417631435390976_n.jpg\" src=\"https:\/\/www.hoymercedes.com.ar\/principal\/wp-content\/uploads\/2019\/11\/76953560_10221869417471434_2103417631435390976_n.jpg\" alt=\"\" data-id=\"102704\" data-link=\"https:\/\/www.hoymercedes.com.ar\/principal\/?attachment_id=102704\" class=\"wp-image-102704\"\/><\/figure><\/li><\/ul><\/figure>\n","protected":false},"excerpt":{"rendered":"<p>En la calurosa tarde del jueves 14 los equipos femeninos de la Escuela Municipal recibieron en su cancha del Mart\u00edn &#8230; <a title=\"Handball bajo el sol en jornada amistosa\" class=\"read-more\" href=\"https:\/\/www.hoymercedes.com.ar\/principal\/2019\/11\/21\/handball-bajo-el-sol-en-jornada-amistosa\/\" aria-label=\"Leer m\u00e1s sobre Handball bajo el sol en jornada amistosa\">Leer m\u00e1s<\/a><\/p>\n","protected":false},"author":1,"featured_media":102694,"comment_status":"closed","ping_status":"open","sticky":false,"template":"","format":"standard","meta":{"_monsterinsights_skip_tracking":false,"_monsterinsights_sitenote_active":false,"_monsterinsights_sitenote_note":"","_monsterinsights_sitenote_category":0,"jetpack_post_was_ever_published":false,"_jetpack_newsletter_access":"","_jetpack_dont_email_post_to_subs":false,"_jetpack_newsletter_tier_id":0,"_jetpack_memberships_contains_paywalled_content":false,"_jetpack_memberships_contains_paid_content":false,"footnotes":"","jetpack_publicize_message":"","jetpack_publicize_feature_enabled":true,"jetpack_social_post_already_shared":true,"jetpack_social_options":{"image_generator_settings":{"template":"highway","default_image_id":0,"font":"","enabled":false},"version":2},"_wpas_customize_per_network":false},"categories":[21],"tags":[9071,8487],"class_list":["post-102693","post","type-post","status-publish","format-standard","has-post-thumbnail","hentry","category-deportes","tag-cef","tag-handball","generate-columns","tablet-grid-50","mobile-grid-100","grid-parent","grid-50"],"jetpack_publicize_connections":[],"jetpack_featured_media_url":"https:\/\/www.hoymercedes.com.ar\/principal\/wp-content\/uploads\/2019\/11\/77064340_10221869422231553_524069027534864384_o.jpg","wps_subtitle":"Handball","jetpack_sharing_enabled":true,"_links":{"self":[{"href":"https:\/\/www.hoymercedes.com.ar\/principal\/wp-json\/wp\/v2\/posts\/102693","targetHints":{"allow":["GET"]}}],"collection":[{"href":"https:\/\/www.hoymercedes.com.ar\/principal\/wp-json\/wp\/v2\/posts"}],"about":[{"href":"https:\/\/www.hoymercedes.com.ar\/principal\/wp-json\/wp\/v2\/types\/post"}],"author":[{"embeddable":true,"href":"https:\/\/www.hoymercedes.com.ar\/principal\/wp-json\/wp\/v2\/users\/1"}],"replies":[{"embeddable":true,"href":"https:\/\/www.hoymercedes.com.ar\/principal\/wp-json\/wp\/v2\/comments?post=102693"}],"version-history":[{"count":0,"href":"https:\/\/www.hoymercedes.com.ar\/principal\/wp-json\/wp\/v2\/posts\/102693\/revisions"}],"wp:featuredmedia":[{"embeddable":true,"href":"https:\/\/www.hoymercedes.com.ar\/principal\/wp-json\/wp\/v2\/media\/102694"}],"wp:attachment":[{"href":"https:\/\/www.hoymercedes.com.ar\/principal\/wp-json\/wp\/v2\/media?parent=102693"}],"wp:term":[{"taxonomy":"category","embeddable":true,"href":"https:\/\/www.hoymercedes.com.ar\/principal\/wp-json\/wp\/v2\/categories?post=102693"},{"taxonomy":"post_tag","embeddable":true,"href":"https:\/\/www.hoymercedes.com.ar\/principal\/wp-json\/wp\/v2\/tags?post=102693"}],"curies":[{"name":"wp","href":"https:\/\/api.w.org\/{rel}","templated":true}]}}