{"id":102712,"date":"2019-11-22T07:10:49","date_gmt":"2019-11-22T10:10:49","guid":{"rendered":"http:\/\/www.hoymercedes.com.ar\/principal\/?p=102712"},"modified":"2019-11-22T09:28:30","modified_gmt":"2019-11-22T12:28:30","slug":"presencia-mercedina-en-los-42k-de-montana-de-villa-la-angostura","status":"publish","type":"post","link":"https:\/\/www.hoymercedes.com.ar\/principal\/2019\/11\/22\/presencia-mercedina-en-los-42k-de-montana-de-villa-la-angostura\/","title":{"rendered":"Chiara Mainetti fue la merjo argentina en los 42K de monta\u00f1a de Villa La Angostura"},"content":{"rendered":"\n<p>Un gran fin de semana tuvo&nbsp;<strong>Villa la Angostura<\/strong>&nbsp;con la concreci\u00f3n del&nbsp;<strong>Mundial de Marat\u00f3n de Monta\u00f1a<\/strong>, no solo en lo deportivo, sino tambi\u00e9n en el impacto econ\u00f3mico y tur\u00edstico que gener\u00f3 el evento, con alrededor de 2000 deportistas del pa\u00eds y de 38 diferentes pa\u00edses del mundo.<\/p>\n\n\n\n<div class=\"wp-block-image\"><figure class=\"aligncenter size-large\"><img loading=\"lazy\" decoding=\"async\" width=\"540\" height=\"960\" data-attachment-id=\"102718\" data-permalink=\"https:\/\/www.hoymercedes.com.ar\/principal\/2019\/11\/22\/presencia-mercedina-en-los-42k-de-montana-de-villa-la-angostura\/chiara-mainetti-en-villa-la-angostura\/#main\" data-orig-file=\"https:\/\/www.hoymercedes.com.ar\/principal\/wp-content\/uploads\/2019\/11\/Chiara-Mainetti-en-Villa-La-Angostura.jpg\" data-orig-size=\"540,960\" data-comments-opened=\"0\" data-image-meta=\"{&quot;aperture&quot;:&quot;0&quot;,&quot;credit&quot;:&quot;&quot;,&quot;camera&quot;:&quot;&quot;,&quot;caption&quot;:&quot;&quot;,&quot;created_timestamp&quot;:&quot;0&quot;,&quot;copyright&quot;:&quot;&quot;,&quot;focal_length&quot;:&quot;0&quot;,&quot;iso&quot;:&quot;0&quot;,&quot;shutter_speed&quot;:&quot;0&quot;,&quot;title&quot;:&quot;&quot;,&quot;orientation&quot;:&quot;0&quot;}\" data-image-title=\"Chiara-Mainetti-en-Villa-La-Angostura\" data-image-description=\"\" data-image-caption=\"\" data-large-file=\"https:\/\/www.hoymercedes.com.ar\/principal\/wp-content\/uploads\/2019\/11\/Chiara-Mainetti-en-Villa-La-Angostura.jpg\" src=\"https:\/\/www.hoymercedes.com.ar\/principal\/wp-content\/uploads\/2019\/11\/Chiara-Mainetti-en-Villa-La-Angostura.jpg\" alt=\"\" class=\"wp-image-102718\"\/><\/figure><\/div>\n\n\n\n<p>Se desarroll\u00f3 el mundial de marat\u00f3n con unos 400 deportistas de todo el planeta, por primera vez en la Argentina y adem\u00e1s se corrieron los 15 y 42 kil\u00f3metros del<strong>\u00a0<\/strong>K Adventure Marathon, del circuito K Series, por los alrededores de la vecina localidad, con el Cerro Bayo, como una de sus principales atracciones y exigencias.<\/p>\n\n\n\n<figure class=\"wp-block-image size-large\"><img loading=\"lazy\" decoding=\"async\" width=\"1280\" height=\"960\" data-attachment-id=\"102719\" data-permalink=\"https:\/\/www.hoymercedes.com.ar\/principal\/2019\/11\/22\/presencia-mercedina-en-los-42k-de-montana-de-villa-la-angostura\/whatsapp-image-2019-11-17-at-18-05-55-1\/#main\" data-orig-file=\"https:\/\/www.hoymercedes.com.ar\/principal\/wp-content\/uploads\/2019\/11\/WhatsApp-Image-2019-11-17-at-18.05.55-1.jpeg\" data-orig-size=\"1280,960\" data-comments-opened=\"0\" data-image-meta=\"{&quot;aperture&quot;:&quot;0&quot;,&quot;credit&quot;:&quot;&quot;,&quot;camera&quot;:&quot;&quot;,&quot;caption&quot;:&quot;&quot;,&quot;created_timestamp&quot;:&quot;0&quot;,&quot;copyright&quot;:&quot;&quot;,&quot;focal_length&quot;:&quot;0&quot;,&quot;iso&quot;:&quot;0&quot;,&quot;shutter_speed&quot;:&quot;0&quot;,&quot;title&quot;:&quot;&quot;,&quot;orientation&quot;:&quot;0&quot;}\" data-image-title=\"WhatsApp-Image-2019-11-17-at-18.05.55-1\" data-image-description=\"\" data-image-caption=\"\" data-large-file=\"https:\/\/www.hoymercedes.com.ar\/principal\/wp-content\/uploads\/2019\/11\/WhatsApp-Image-2019-11-17-at-18.05.55-1.jpeg\" src=\"https:\/\/www.hoymercedes.com.ar\/principal\/wp-content\/uploads\/2019\/11\/WhatsApp-Image-2019-11-17-at-18.05.55-1.jpeg\" alt=\"\" class=\"wp-image-102719\"\/><\/figure>\n\n\n\n<p>El norteamericano\u00a0Jim Walmsley\u00a0fue el ganador del primer mundial que se realiz\u00f3 en nuestro territorio, con 3 horas, 12 minutos, 16 segundos de tiempo final. En damas triunf\u00f3 la rumana\u00a0Cristina Simion, que emple\u00f3 3 horas, 49 minutos y 59 segundos para completar la prueba.<\/p>\n\n\n\n<figure class=\"wp-block-image size-large\"><img loading=\"lazy\" decoding=\"async\" width=\"1032\" height=\"774\" data-attachment-id=\"102714\" data-permalink=\"https:\/\/www.hoymercedes.com.ar\/principal\/2019\/11\/22\/presencia-mercedina-en-los-42k-de-montana-de-villa-la-angostura\/whatsapp-image-2019-11-17-at-18-05-56\/#main\" data-orig-file=\"https:\/\/www.hoymercedes.com.ar\/principal\/wp-content\/uploads\/2019\/11\/WhatsApp-Image-2019-11-17-at-18.05.56.jpeg\" data-orig-size=\"1032,774\" data-comments-opened=\"0\" data-image-meta=\"{&quot;aperture&quot;:&quot;0&quot;,&quot;credit&quot;:&quot;&quot;,&quot;camera&quot;:&quot;&quot;,&quot;caption&quot;:&quot;&quot;,&quot;created_timestamp&quot;:&quot;0&quot;,&quot;copyright&quot;:&quot;&quot;,&quot;focal_length&quot;:&quot;0&quot;,&quot;iso&quot;:&quot;0&quot;,&quot;shutter_speed&quot;:&quot;0&quot;,&quot;title&quot;:&quot;&quot;,&quot;orientation&quot;:&quot;0&quot;}\" data-image-title=\"WhatsApp-Image-2019-11-17-at-18.05.56\" data-image-description=\"\" data-image-caption=\"\" data-large-file=\"https:\/\/www.hoymercedes.com.ar\/principal\/wp-content\/uploads\/2019\/11\/WhatsApp-Image-2019-11-17-at-18.05.56.jpeg\" src=\"https:\/\/www.hoymercedes.com.ar\/principal\/wp-content\/uploads\/2019\/11\/WhatsApp-Image-2019-11-17-at-18.05.56.jpeg\" alt=\"\" class=\"wp-image-102714\"\/><\/figure>\n\n\n\n<p>Chiara Mainetti, integrante de la Selecci\u00f3n Argentina, se clasific\u00f3 13\u00b0 de 61 damas con un registro de 1 hora 21\u2019 2\u201d para ser la mejor argentina y sudamericana en la Patagonia &nbsp;Argentina.<\/p>\n\n\n\n<p>En esa Classic tuvo un circuito que present\u00f3 un ascenso de 754 metros y un descenso de 754 metros, atravesando los corredores la Avenida Arrayanes buscando luego la calle Muticias para venirse en el Colihue la primera trepada, tambi\u00e9n cruzaron el arroyo Las Piedritas, transitaron el sendero Caj\u00f3n Negro para llegar al Mirador del Cerro Belvedere en los 1403 metros.<\/p>\n\n\n\n<p>Adem\u00e1s participaron los mercedinos Mariano Castro, Mauricio Castro, El\u00edas G\u00f3mez,  Daniela Pizzio y Gast\u00f3n Arenas, llegando todos a la meta.<\/p>\n\n\n\n<p><strong>RESULTADOS OFICIALES<\/strong><br>WLDCh<br><a href=\"http:\/\/www.wmrch2019.com.ar\/?fbclid=IwAR1ObNi7U5T56TzXTvbq9WM1Q_FmTD9GrvFb8Jhkn3szhAEWy12pJ0e60ck\" target=\"_blank\" rel=\"noreferrer noopener\">http:\/\/www.wmrch2019.com.ar\/<\/a><\/p>\n\n\n\n<p>SALOMON K42<br><a href=\"https:\/\/kseries.com.ar\/pages\/k42_argentina_k42?fbclid=IwAR1CU-1xpPfoSJ5v4XXu6CfF5BcuBt0WSEmgNFFQNitVuNUDB5TTnYJH7BE\" target=\"_blank\" rel=\"noreferrer noopener\">https:\/\/kseries.com.ar\/pages\/k42_argentina_k42<\/a><\/p>\n\n\n\n<p>Salomon K15:<br><a href=\"https:\/\/kseries.com.ar\/pages\/k42_argentina_k15?fbclid=IwAR0-0ApUgap98NkQGxGxKtsaj0fPwOFfujPjdXefR2SM1RH7bo2392oEFHw\" target=\"_blank\" rel=\"noreferrer noopener\">https:\/\/kseries.com.ar\/pages\/k42_argentina_k15<\/a><\/p>\n\n\n\n<p>WCh Juniors y Seniors<br><a href=\"http:\/\/www.wmrch2019.com.ar\/?fbclid=IwAR0JpfIR4PUeTE2NlldY72QRPtk3_EpUAT1aMZueoQvxThuCk-xv_U9g87Q\" target=\"_blank\" rel=\"noreferrer noopener\">http:\/\/www.wmrch2019.com.ar\/<\/a><\/p>\n","protected":false},"excerpt":{"rendered":"<p>Un gran fin de semana tuvo&nbsp;Villa la Angostura&nbsp;con la concreci\u00f3n del&nbsp;Mundial de Marat\u00f3n de Monta\u00f1a, no solo en lo deportivo, &#8230; <a title=\"Chiara Mainetti fue la merjo argentina en los 42K de monta\u00f1a de Villa La Angostura\" class=\"read-more\" href=\"https:\/\/www.hoymercedes.com.ar\/principal\/2019\/11\/22\/presencia-mercedina-en-los-42k-de-montana-de-villa-la-angostura\/\" aria-label=\"Leer m\u00e1s sobre Chiara Mainetti fue la merjo argentina en los 42K de monta\u00f1a de Villa La Angostura\">Leer m\u00e1s<\/a><\/p>\n","protected":false},"author":1,"featured_media":102713,"comment_status":"closed","ping_status":"open","sticky":false,"template":"","format":"standard","meta":{"_monsterinsights_skip_tracking":false,"_monsterinsights_sitenote_active":false,"_monsterinsights_sitenote_note":"","_monsterinsights_sitenote_category":0,"jetpack_post_was_ever_published":false,"_jetpack_newsletter_access":"","_jetpack_dont_email_post_to_subs":false,"_jetpack_newsletter_tier_id":0,"_jetpack_memberships_contains_paywalled_content":false,"_jetpack_memberships_contains_paid_content":false,"footnotes":"","jetpack_publicize_message":"","jetpack_publicize_feature_enabled":true,"jetpack_social_post_already_shared":true,"jetpack_social_options":{"image_generator_settings":{"template":"highway","default_image_id":0,"font":"","enabled":false},"version":2},"_wpas_customize_per_network":false},"categories":[21],"tags":[15164],"class_list":["post-102712","post","type-post","status-publish","format-standard","has-post-thumbnail","hentry","category-deportes","tag-villa-la-angostura","generate-columns","tablet-grid-50","mobile-grid-100","grid-parent","grid-50"],"jetpack_publicize_connections":[],"jetpack_featured_media_url":"https:\/\/www.hoymercedes.com.ar\/principal\/wp-content\/uploads\/2019\/11\/WhatsApp-Image-2019-11-17-at-18.05.55.jpeg","wps_subtitle":"Atletismo","jetpack_sharing_enabled":true,"_links":{"self":[{"href":"https:\/\/www.hoymercedes.com.ar\/principal\/wp-json\/wp\/v2\/posts\/102712","targetHints":{"allow":["GET"]}}],"collection":[{"href":"https:\/\/www.hoymercedes.com.ar\/principal\/wp-json\/wp\/v2\/posts"}],"about":[{"href":"https:\/\/www.hoymercedes.com.ar\/principal\/wp-json\/wp\/v2\/types\/post"}],"author":[{"embeddable":true,"href":"https:\/\/www.hoymercedes.com.ar\/principal\/wp-json\/wp\/v2\/users\/1"}],"replies":[{"embeddable":true,"href":"https:\/\/www.hoymercedes.com.ar\/principal\/wp-json\/wp\/v2\/comments?post=102712"}],"version-history":[{"count":0,"href":"https:\/\/www.hoymercedes.com.ar\/principal\/wp-json\/wp\/v2\/posts\/102712\/revisions"}],"wp:featuredmedia":[{"embeddable":true,"href":"https:\/\/www.hoymercedes.com.ar\/principal\/wp-json\/wp\/v2\/media\/102713"}],"wp:attachment":[{"href":"https:\/\/www.hoymercedes.com.ar\/principal\/wp-json\/wp\/v2\/media?parent=102712"}],"wp:term":[{"taxonomy":"category","embeddable":true,"href":"https:\/\/www.hoymercedes.com.ar\/principal\/wp-json\/wp\/v2\/categories?post=102712"},{"taxonomy":"post_tag","embeddable":true,"href":"https:\/\/www.hoymercedes.com.ar\/principal\/wp-json\/wp\/v2\/tags?post=102712"}],"curies":[{"name":"wp","href":"https:\/\/api.w.org\/{rel}","templated":true}]}}