{"id":102725,"date":"2019-11-20T20:17:21","date_gmt":"2019-11-20T23:17:21","guid":{"rendered":"http:\/\/www.hoymercedes.com.ar\/principal\/?p=102725"},"modified":"2019-11-20T20:17:24","modified_gmt":"2019-11-20T23:17:24","slug":"avanza-la-obra-de-ampliacion-del-corralon-municipal","status":"publish","type":"post","link":"https:\/\/www.hoymercedes.com.ar\/principal\/2019\/11\/20\/avanza-la-obra-de-ampliacion-del-corralon-municipal\/","title":{"rendered":"Avanza la obra de ampliaci\u00f3n del Corral\u00f3n Municipal"},"content":{"rendered":"\n<p>\nEn el marco del Plan de Mejoramiento Integral de los sectores y espacios\n p\u00fablicos, se realizan trabajos de ampliaci\u00f3n en la infraestructura del \nCorral\u00f3n Municipal con una importante obra solventada con fondos \nmunicipales y que permitir\u00e1 terner m\u00e1s y mejores\n espacios de trabajo, como as\u00ed tambi\u00e9n un reguerdo a los m\u00e1s de 70 \nm\u00e1quinas y veh\u00edculos adquiridos por la comuna.\n<br>\n<\/p>\n\n\n\n<figure class=\"wp-block-image size-large\"><img loading=\"lazy\" decoding=\"async\" width=\"950\" height=\"534\" data-attachment-id=\"102668\" data-permalink=\"https:\/\/www.hoymercedes.com.ar\/principal\/corralon-ampliacion-nuevogalpon-2\/\" data-orig-file=\"https:\/\/www.hoymercedes.com.ar\/principal\/wp-content\/uploads\/2019\/11\/Corralon-Ampliacion-NuevoGalpon-2.jpeg\" data-orig-size=\"950,534\" data-comments-opened=\"0\" data-image-meta=\"{&quot;aperture&quot;:&quot;0&quot;,&quot;credit&quot;:&quot;&quot;,&quot;camera&quot;:&quot;&quot;,&quot;caption&quot;:&quot;&quot;,&quot;created_timestamp&quot;:&quot;0&quot;,&quot;copyright&quot;:&quot;&quot;,&quot;focal_length&quot;:&quot;0&quot;,&quot;iso&quot;:&quot;0&quot;,&quot;shutter_speed&quot;:&quot;0&quot;,&quot;title&quot;:&quot;&quot;,&quot;orientation&quot;:&quot;0&quot;}\" data-image-title=\"Corralon-Ampliacion-NuevoGalpon (2)\" data-image-description=\"\" data-image-caption=\"\" data-large-file=\"https:\/\/www.hoymercedes.com.ar\/principal\/wp-content\/uploads\/2019\/11\/Corralon-Ampliacion-NuevoGalpon-2.jpeg\" src=\"https:\/\/www.hoymercedes.com.ar\/principal\/wp-content\/uploads\/2019\/11\/Corralon-Ampliacion-NuevoGalpon-2.jpeg\" alt=\"\" class=\"wp-image-102668\"\/><\/figure>\n\n\n\n<p>\n\u201cEn la constante b\u00fasqueda de mejorar los espacios municipales en los \ncuales se desempe\u00f1a el personal a cargo, la Secretar\u00eda de Obras y \nServicios P\u00fablicos viene realizando distintas tareas de limpieza y \nacondicionamiento en el corral\u00f3n municipal\u201d expresaron\n desde la comuna.<\/p>\n\n\n\n<p>\nCabe destacar que son trabajos que se vienen planificando y llevando a \ncabo desde que comenz\u00f3 la actual gesti\u00f3n. Esta ampliaci\u00f3n de talleres \nforma parte del proyecto de saneado del corral\u00f3n municipal.<\/p>\n\n\n\n<p>\nDe esta forma, se jerarquiza al empleado y asimismo se cuida y optimizan\n sus lugares de trabajo, lo que les permitir\u00e1 realizar una mejor labor \npara toda la comunidad.<\/p>\n","protected":false},"excerpt":{"rendered":"<p>En el marco del Plan de Mejoramiento Integral de los sectores y espacios p\u00fablicos, se realizan trabajos de ampliaci\u00f3n en &#8230; <a title=\"Avanza la obra de ampliaci\u00f3n del Corral\u00f3n Municipal\" class=\"read-more\" href=\"https:\/\/www.hoymercedes.com.ar\/principal\/2019\/11\/20\/avanza-la-obra-de-ampliacion-del-corralon-municipal\/\" aria-label=\"Leer m\u00e1s sobre Avanza la obra de ampliaci\u00f3n del Corral\u00f3n Municipal\">Leer m\u00e1s<\/a><\/p>\n","protected":false},"author":1,"featured_media":102668,"comment_status":"closed","ping_status":"open","sticky":false,"template":"","format":"standard","meta":{"_monsterinsights_skip_tracking":false,"_monsterinsights_sitenote_active":false,"_monsterinsights_sitenote_note":"","_monsterinsights_sitenote_category":0,"jetpack_post_was_ever_published":false,"_jetpack_newsletter_access":"","_jetpack_dont_email_post_to_subs":false,"_jetpack_newsletter_tier_id":0,"_jetpack_memberships_contains_paywalled_content":false,"_jetpack_memberships_contains_paid_content":false,"footnotes":"","jetpack_publicize_message":"","jetpack_publicize_feature_enabled":true,"jetpack_social_post_already_shared":true,"jetpack_social_options":{"image_generator_settings":{"template":"highway","default_image_id":0,"font":"","enabled":false},"version":2},"_wpas_customize_per_network":false},"categories":[30],"tags":[3859],"class_list":["post-102725","post","type-post","status-publish","format-standard","has-post-thumbnail","hentry","category-municipio","tag-corralon","generate-columns","tablet-grid-50","mobile-grid-100","grid-parent","grid-50"],"jetpack_publicize_connections":[],"jetpack_featured_media_url":"https:\/\/www.hoymercedes.com.ar\/principal\/wp-content\/uploads\/2019\/11\/Corralon-Ampliacion-NuevoGalpon-2.jpeg","wps_subtitle":"Con fondos municipales ","jetpack_sharing_enabled":true,"_links":{"self":[{"href":"https:\/\/www.hoymercedes.com.ar\/principal\/wp-json\/wp\/v2\/posts\/102725","targetHints":{"allow":["GET"]}}],"collection":[{"href":"https:\/\/www.hoymercedes.com.ar\/principal\/wp-json\/wp\/v2\/posts"}],"about":[{"href":"https:\/\/www.hoymercedes.com.ar\/principal\/wp-json\/wp\/v2\/types\/post"}],"author":[{"embeddable":true,"href":"https:\/\/www.hoymercedes.com.ar\/principal\/wp-json\/wp\/v2\/users\/1"}],"replies":[{"embeddable":true,"href":"https:\/\/www.hoymercedes.com.ar\/principal\/wp-json\/wp\/v2\/comments?post=102725"}],"version-history":[{"count":0,"href":"https:\/\/www.hoymercedes.com.ar\/principal\/wp-json\/wp\/v2\/posts\/102725\/revisions"}],"wp:featuredmedia":[{"embeddable":true,"href":"https:\/\/www.hoymercedes.com.ar\/principal\/wp-json\/wp\/v2\/media\/102668"}],"wp:attachment":[{"href":"https:\/\/www.hoymercedes.com.ar\/principal\/wp-json\/wp\/v2\/media?parent=102725"}],"wp:term":[{"taxonomy":"category","embeddable":true,"href":"https:\/\/www.hoymercedes.com.ar\/principal\/wp-json\/wp\/v2\/categories?post=102725"},{"taxonomy":"post_tag","embeddable":true,"href":"https:\/\/www.hoymercedes.com.ar\/principal\/wp-json\/wp\/v2\/tags?post=102725"}],"curies":[{"name":"wp","href":"https:\/\/api.w.org\/{rel}","templated":true}]}}