{"id":102748,"date":"2019-11-21T06:00:00","date_gmt":"2019-11-21T09:00:00","guid":{"rendered":"http:\/\/www.hoymercedes.com.ar\/principal\/?p=102748"},"modified":"2019-11-20T23:08:28","modified_gmt":"2019-11-21T02:08:28","slug":"el-recuerdo-a-juan-manuel-de-rosas-y-la-batalla-de-la-vuelta-de-obligado","status":"publish","type":"post","link":"https:\/\/www.hoymercedes.com.ar\/principal\/2019\/11\/21\/el-recuerdo-a-juan-manuel-de-rosas-y-la-batalla-de-la-vuelta-de-obligado\/","title":{"rendered":"El recuerdo a Juan Manuel de Rosas y la batalla de la Vuelta de Obligado"},"content":{"rendered":"\n<p>En el monumento que recuerda a quien lider\u00f3 la batalla de 1845 se dieron citas las autoridades comunales y banderas de escuelas locales. Las palabras alusivas estuvieron a cargo del Dr. Ignacio Gallo en nombre del Instituto Juan Manuel de Rosas y del Intendente Ustarroz.  <\/p>\n\n\n\n<p>En las primeras horas de la ma\u00f1ana, el monumento que recuerda a Juan Manuel de Rosas fue el epicentro para homenajearlo y recordar la batalla de la Vuelta de Obligado en el a\u00f1o 1845, gesta que motiv\u00f3 al estado argentino a instaurar el 20 de noviembre como el D\u00eda de la Soberan\u00eda Nacional. En el inicio de la calle que lleva el nombre de Rosas a metros de la rotonda que une las avenidas 40 y 1, se dieron cita, referentes comunales, civiles y educativas. <\/p>\n\n\n\n<figure class=\"wp-block-image size-large\"><img loading=\"lazy\" decoding=\"async\" width=\"800\" height=\"600\" data-attachment-id=\"102749\" data-permalink=\"https:\/\/www.hoymercedes.com.ar\/principal\/2019\/11\/21\/el-recuerdo-a-juan-manuel-de-rosas-y-la-batalla-de-la-vuelta-de-obligado\/soberania0x600\/#main\" data-orig-file=\"https:\/\/www.hoymercedes.com.ar\/principal\/wp-content\/uploads\/2019\/11\/soberania0x600.jpg\" data-orig-size=\"800,600\" data-comments-opened=\"0\" data-image-meta=\"{&quot;aperture&quot;:&quot;0&quot;,&quot;credit&quot;:&quot;&quot;,&quot;camera&quot;:&quot;&quot;,&quot;caption&quot;:&quot;&quot;,&quot;created_timestamp&quot;:&quot;0&quot;,&quot;copyright&quot;:&quot;&quot;,&quot;focal_length&quot;:&quot;0&quot;,&quot;iso&quot;:&quot;0&quot;,&quot;shutter_speed&quot;:&quot;0&quot;,&quot;title&quot;:&quot;&quot;,&quot;orientation&quot;:&quot;0&quot;}\" data-image-title=\"soberania0x600\" data-image-description=\"\" data-image-caption=\"\" data-large-file=\"https:\/\/www.hoymercedes.com.ar\/principal\/wp-content\/uploads\/2019\/11\/soberania0x600.jpg\" src=\"https:\/\/www.hoymercedes.com.ar\/principal\/wp-content\/uploads\/2019\/11\/soberania0x600.jpg\" alt=\"\" class=\"wp-image-102749\"\/><\/figure>\n\n\n\n<p>El acto protocolar comenz\u00f3 con la entonaci\u00f3n del Himno Nacional Argentino con la interpretaci\u00f3n musical de la Escuela de Capacitaci\u00f3n \u201cJuan Adolfo Romero\u201d Gendarmer\u00eda Nacional, para luego colocar las ofrendas florales en nombre del Municipio de Mercedes, del Concejo Deliberante y del Instituto Juan Manuel de Rosas. <\/p>\n\n\n\n<p>En nombre de \u00e9sta instituci\u00f3n, dirigi\u00f3 unas palabras a los presentes el Dr. Ignacio Gallo. \u201cPara m\u00ed es una alegr\u00eda rememorar bajo el busto de don Juan Manuel de Rosas, el d\u00eda de la soberan\u00eda. Esta es una fiesta relativamente nueva. En un pa\u00eds, donde las grietas son modernas, sino que lo son desde nuestra propia constituci\u00f3n, a la muerte de Rosas se le realiz\u00f3 una gran campa\u00f1a de desprestigio. \u00c9l muere en el exilio, en Inglaterra, fobre, ue prohibido por las autoridades nacionales cualquier tipo de misa, de reconocimiento, de sepelio, y de repatriaci\u00f3n. Hasta que sus restos fueron repatriados en el 89\/90 con el primer gobierno de Menem\u201d, cont\u00f3 el magistrado representante del Instituto Juan Manuel de Rosas. <\/p>\n\n\n\n<p>\u201cLa instauraci\u00f3n de este d\u00eda es por algo que nunca le discuti\u00f3 la historia a Rosas. Su inquebrantable amor a la patria y su inquebrantable compromiso con la soberan\u00eda. Esta virtud de don Juan Manuel se manifest\u00f3 a los 13 a\u00f1os, cuando en 1806, se presenta como voluntario y pelea en el combate de Buenos Aires ante la primera invasi\u00f3n inglesa. En 1807, congrega a un grupo de amigos y los alista a las \u00f3rdenes de Santiago de Liniers, que fue el comandante que logra finalmente echar a los ingleses de la ciudad de Buenos Aires. Ese compromiso se mantuvo en el \u00e1rea diplom\u00e1tica cuando fue Gobernador de Buenos Aires\u201d, agreg\u00f3 el Dr. Gallo al relatar diferentes historias y an\u00e9cdotas de Juan Manuel de Rosas en el siglo XIX. <\/p>\n\n\n\n<p>En su discurso, Gallo tambi\u00e9n relacion\u00f3 la batalla de la Vuelta de Obligado con otras batallas relevantes a lo largo de la historia mundial. Adem\u00e1s, relat\u00f3 an\u00e9cdotas de Rosas con San Mart\u00edn, con Lavalle, con Juan Bautista Alberdi, la relaci\u00f3n que ten\u00eda con los ind\u00edgenas argentinos. \u201cRosas trataba siempre de establecer un v\u00ednculo de paz, aunque eso lo cueste el patrimonio. Cuando se arma la guerra civil entre Unitarios y Federales en la provincia de Buenos Aires, Lavalle lo va a buscar a Rosas a uno de sus campos, cuando llega \u00e9l, lo encuentro a Lavalle y arreglan el tratado de paz. En la campa\u00f1a del desierto qued\u00f3 amigos con todas las tribus ind\u00edgenas, salvo los Ranqueles, que fueron los \u00fanicos que no pod\u00edan civilizar, por decirlo de alguna manera. Los dem\u00e1s caciques reconoc\u00edan el progreso y el avance de la cultura cristiana, tal como lo llamaban, y agradec\u00edan a Rosas porque firmaba tratados de paz muy convenientes para ellos porque siempre ofrec\u00eda Rosas una conveniencia para ambas partes. Fueron reconocidas estas actitudes de Rosas por la mayor\u00eda de los pueblos ind\u00edgenas de esa \u00e9poca\u201d, agreg\u00f3 el juez. <\/p>\n\n\n\n<figure class=\"wp-block-image size-large\"><img loading=\"lazy\" decoding=\"async\" width=\"800\" height=\"600\" data-attachment-id=\"102750\" data-permalink=\"https:\/\/www.hoymercedes.com.ar\/principal\/2019\/11\/21\/el-recuerdo-a-juan-manuel-de-rosas-y-la-batalla-de-la-vuelta-de-obligado\/soberania2-800x600\/#main\" data-orig-file=\"https:\/\/www.hoymercedes.com.ar\/principal\/wp-content\/uploads\/2019\/11\/soberania2-800x600.jpg\" data-orig-size=\"800,600\" data-comments-opened=\"0\" data-image-meta=\"{&quot;aperture&quot;:&quot;0&quot;,&quot;credit&quot;:&quot;&quot;,&quot;camera&quot;:&quot;&quot;,&quot;caption&quot;:&quot;&quot;,&quot;created_timestamp&quot;:&quot;0&quot;,&quot;copyright&quot;:&quot;&quot;,&quot;focal_length&quot;:&quot;0&quot;,&quot;iso&quot;:&quot;0&quot;,&quot;shutter_speed&quot;:&quot;0&quot;,&quot;title&quot;:&quot;&quot;,&quot;orientation&quot;:&quot;0&quot;}\" data-image-title=\"soberania2-800&amp;#215;600\" data-image-description=\"\" data-image-caption=\"\" data-large-file=\"https:\/\/www.hoymercedes.com.ar\/principal\/wp-content\/uploads\/2019\/11\/soberania2-800x600.jpg\" src=\"https:\/\/www.hoymercedes.com.ar\/principal\/wp-content\/uploads\/2019\/11\/soberania2-800x600.jpg\" alt=\"\" class=\"wp-image-102750\"\/><\/figure>\n\n\n\n<p>\u201cQuiero rescatar que en una de las \u00e9pocas m\u00e1s sangrientas, Rosas tuvo dos virtudes. Siempre intent\u00f3, como primera medida, una actitud conciliadora. Lo que hoy podr\u00edamos llamar como antigrieta. Como \u00faltimo recurso, el uso de la fuerza que era la moneda corriente, sobre todo de sus opositores, los unitarios. En segundo aspecto que rescato de Rosas es su honestidad y generosidad respecto de su patrimonio. Ante el mal ejemplo de gobernantes que terminan ricos a costa de las arcas del Estado, Rosas, una de las personas m\u00e1s importantes de su siglo, muri\u00f3 pobre, entregando todo su patrimonio al Estado, y lo que no fue entregado fue expropiado por los opositores que vinieron despu\u00e9s de \u00e9l\u201d, resalt\u00f3 el Dr. Gallo. <\/p>\n\n\n\n<p>A su t\u00e9rmino, el intendente Juan Ignacio Ustarroz tom\u00f3 la palabra y record\u00f3 al Profesor Ricardo Tabossi para luego relacionar la soberan\u00eda nacional con la educaci\u00f3n, la historia, las ciencias y la econom\u00eda para \u201ccomprender y tener principios, utop\u00edas y sue\u00f1os\u201d. \u201cEn este d\u00eda de homenaje, creo que la batalla que tenemos que dar es por la educaci\u00f3n, la libertad, independencia y la dignidad. En estos tiempos tan complejos no podemos pensar la soberan\u00eda solamente desde lo nacional sino tambi\u00e9n tener una perspectiva regional. Los ejemplos de altruismo, entrega, pasi\u00f3n no solamente se da en nuestros grandes pr\u00f3ceres de la historia, sino tambi\u00e9n, en muchos h\u00e9roes an\u00f3nimos que todos los d\u00edas forjan la patria. Ejemplos que nos inspiren y nos acompa\u00f1en a construir una sociedad mejor\u201d, destac\u00f3 el Jefe Comunal. <\/p>\n\n\n\n<p>El acto estuvo encabezado por el Intendente Municipal Ustarroz; la presidente del HCD Sabrina Vi\u00f1ales; el presidente del Instituto Juan Manuel de Rosas, Juan Manuel Bories Maxwell, el titular de la C\u00e1mara Penal del Depto. Judicial Mercedes Dr. Juan Antonio Minetto, el Jefe Distrital de Inspectores Cristian Ponce, adem\u00e1s de representantes de fuerzas armadas, instituciones civiles, educativas y sociales, docentes, estudiantes y abanderados de las escuelas locales. <\/p>\n\n\n\n<figure class=\"wp-block-image size-large\"><img loading=\"lazy\" decoding=\"async\" width=\"800\" height=\"600\" data-attachment-id=\"102751\" data-permalink=\"https:\/\/www.hoymercedes.com.ar\/principal\/2019\/11\/21\/el-recuerdo-a-juan-manuel-de-rosas-y-la-batalla-de-la-vuelta-de-obligado\/soberania-800x600\/#main\" data-orig-file=\"https:\/\/www.hoymercedes.com.ar\/principal\/wp-content\/uploads\/2019\/11\/soberania-800x600.jpg\" data-orig-size=\"800,600\" data-comments-opened=\"0\" data-image-meta=\"{&quot;aperture&quot;:&quot;0&quot;,&quot;credit&quot;:&quot;&quot;,&quot;camera&quot;:&quot;&quot;,&quot;caption&quot;:&quot;&quot;,&quot;created_timestamp&quot;:&quot;0&quot;,&quot;copyright&quot;:&quot;&quot;,&quot;focal_length&quot;:&quot;0&quot;,&quot;iso&quot;:&quot;0&quot;,&quot;shutter_speed&quot;:&quot;0&quot;,&quot;title&quot;:&quot;&quot;,&quot;orientation&quot;:&quot;0&quot;}\" data-image-title=\"soberania-800&amp;#215;600\" data-image-description=\"\" data-image-caption=\"\" data-large-file=\"https:\/\/www.hoymercedes.com.ar\/principal\/wp-content\/uploads\/2019\/11\/soberania-800x600.jpg\" src=\"https:\/\/www.hoymercedes.com.ar\/principal\/wp-content\/uploads\/2019\/11\/soberania-800x600.jpg\" alt=\"\" class=\"wp-image-102751\"\/><\/figure>\n","protected":false},"excerpt":{"rendered":"<p>En el monumento que recuerda a quien lider\u00f3 la batalla de 1845 se dieron citas las autoridades comunales y banderas &#8230; <a title=\"El recuerdo a Juan Manuel de Rosas y la batalla de la Vuelta de Obligado\" class=\"read-more\" href=\"https:\/\/www.hoymercedes.com.ar\/principal\/2019\/11\/21\/el-recuerdo-a-juan-manuel-de-rosas-y-la-batalla-de-la-vuelta-de-obligado\/\" aria-label=\"Leer m\u00e1s sobre El recuerdo a Juan Manuel de Rosas y la batalla de la Vuelta de Obligado\">Leer m\u00e1s<\/a><\/p>\n","protected":false},"author":1,"featured_media":102751,"comment_status":"closed","ping_status":"open","sticky":false,"template":"","format":"standard","meta":{"_monsterinsights_skip_tracking":false,"_monsterinsights_sitenote_active":false,"_monsterinsights_sitenote_note":"","_monsterinsights_sitenote_category":0,"jetpack_post_was_ever_published":false,"_jetpack_newsletter_access":"","_jetpack_dont_email_post_to_subs":false,"_jetpack_newsletter_tier_id":0,"_jetpack_memberships_contains_paywalled_content":false,"_jetpack_memberships_contains_paid_content":false,"footnotes":"","jetpack_publicize_message":"","jetpack_publicize_feature_enabled":true,"jetpack_social_post_already_shared":true,"jetpack_social_options":{"image_generator_settings":{"template":"highway","default_image_id":0,"font":"","enabled":false},"version":2},"_wpas_customize_per_network":false},"categories":[8],"tags":[],"class_list":["post-102748","post","type-post","status-publish","format-standard","has-post-thumbnail","hentry","category-sociedad","generate-columns","tablet-grid-50","mobile-grid-100","grid-parent","grid-50"],"jetpack_publicize_connections":[],"jetpack_featured_media_url":"https:\/\/www.hoymercedes.com.ar\/principal\/wp-content\/uploads\/2019\/11\/soberania-800x600.jpg","wps_subtitle":"D\u00eda de la Soberan\u00eda Nacional","jetpack_sharing_enabled":true,"_links":{"self":[{"href":"https:\/\/www.hoymercedes.com.ar\/principal\/wp-json\/wp\/v2\/posts\/102748","targetHints":{"allow":["GET"]}}],"collection":[{"href":"https:\/\/www.hoymercedes.com.ar\/principal\/wp-json\/wp\/v2\/posts"}],"about":[{"href":"https:\/\/www.hoymercedes.com.ar\/principal\/wp-json\/wp\/v2\/types\/post"}],"author":[{"embeddable":true,"href":"https:\/\/www.hoymercedes.com.ar\/principal\/wp-json\/wp\/v2\/users\/1"}],"replies":[{"embeddable":true,"href":"https:\/\/www.hoymercedes.com.ar\/principal\/wp-json\/wp\/v2\/comments?post=102748"}],"version-history":[{"count":0,"href":"https:\/\/www.hoymercedes.com.ar\/principal\/wp-json\/wp\/v2\/posts\/102748\/revisions"}],"wp:featuredmedia":[{"embeddable":true,"href":"https:\/\/www.hoymercedes.com.ar\/principal\/wp-json\/wp\/v2\/media\/102751"}],"wp:attachment":[{"href":"https:\/\/www.hoymercedes.com.ar\/principal\/wp-json\/wp\/v2\/media?parent=102748"}],"wp:term":[{"taxonomy":"category","embeddable":true,"href":"https:\/\/www.hoymercedes.com.ar\/principal\/wp-json\/wp\/v2\/categories?post=102748"},{"taxonomy":"post_tag","embeddable":true,"href":"https:\/\/www.hoymercedes.com.ar\/principal\/wp-json\/wp\/v2\/tags?post=102748"}],"curies":[{"name":"wp","href":"https:\/\/api.w.org\/{rel}","templated":true}]}}