{"id":102772,"date":"2019-11-21T13:10:07","date_gmt":"2019-11-21T16:10:07","guid":{"rendered":"http:\/\/www.hoymercedes.com.ar\/principal\/?p=102772"},"modified":"2019-11-23T11:11:24","modified_gmt":"2019-11-23T14:11:24","slug":"arreglan-la-estacion-de-trenes-de-tomas-jofre","status":"publish","type":"post","link":"https:\/\/www.hoymercedes.com.ar\/principal\/2019\/11\/21\/arreglan-la-estacion-de-trenes-de-tomas-jofre\/","title":{"rendered":"Arreglan la estaci\u00f3n de trenes de Tom\u00e1s Jofr\u00e9"},"content":{"rendered":"\n<p>La estaci\u00f3n de trenes de la localidad Jorge Born, m\u00e1s conocida como Tom\u00e1s Jofr\u00e9, est\u00e1 siendo remodelada. Declarada patrimonio hist\u00f3rico de la ciudad, por all\u00ed pasaban los trenes del ferrocarril Belgrano Sur o de trocha angosta.&nbsp;<\/p>\n\n\n\n<figure class=\"wp-block-image size-large\"><img loading=\"lazy\" decoding=\"async\" width=\"800\" height=\"450\" data-attachment-id=\"102773\" data-permalink=\"https:\/\/www.hoymercedes.com.ar\/principal\/2019\/11\/21\/arreglan-la-estacion-de-trenes-de-tomas-jofre\/estacionjofre-800x450\/#main\" data-orig-file=\"https:\/\/www.hoymercedes.com.ar\/principal\/wp-content\/uploads\/2019\/11\/EstacionJofre-800x450.jpg\" data-orig-size=\"800,450\" data-comments-opened=\"0\" data-image-meta=\"{&quot;aperture&quot;:&quot;0&quot;,&quot;credit&quot;:&quot;&quot;,&quot;camera&quot;:&quot;&quot;,&quot;caption&quot;:&quot;&quot;,&quot;created_timestamp&quot;:&quot;0&quot;,&quot;copyright&quot;:&quot;&quot;,&quot;focal_length&quot;:&quot;0&quot;,&quot;iso&quot;:&quot;0&quot;,&quot;shutter_speed&quot;:&quot;0&quot;,&quot;title&quot;:&quot;&quot;,&quot;orientation&quot;:&quot;0&quot;}\" data-image-title=\"EstacionJofre-800&amp;#215;450\" data-image-description=\"\" data-image-caption=\"\" data-large-file=\"https:\/\/www.hoymercedes.com.ar\/principal\/wp-content\/uploads\/2019\/11\/EstacionJofre-800x450.jpg\" src=\"https:\/\/www.hoymercedes.com.ar\/principal\/wp-content\/uploads\/2019\/11\/EstacionJofre-800x450.jpg\" alt=\"\" class=\"wp-image-102773\"\/><\/figure>\n\n\n\n<p>Lugar emblem\u00e1tico e hist\u00f3rico que concentra a varios de los visitantes del polo gastron\u00f3mico, el Municipio confirm\u00f3 que est\u00e1 \u201csiendo saneado y embellecido por los trabajadores municipales\u201d.&nbsp;<\/p>\n\n\n\n<p>\u201cEl edificio ya denotaba el paso del tiempo en su estructura. Es por eso que el Municipio de Mercedes a trav\u00e9s del \u00e1rea de servicios p\u00fablicos, decidi\u00f3 poner manos a la obra y comenz\u00f3 a trabajar en la restauraci\u00f3n del mismo\u201d, explican desde el \u00e1rea.<\/p>\n\n\n\n<p>Mat\u00edas Dematei, jefe de gabinete municipal, cont\u00f3 que las reformas que se est\u00e1n haciendo \u201cson para poner en valor el patrimonio hist\u00f3rico y tambi\u00e9n incorporar comodidad y seguridad a los vecinos\u201d.&nbsp;<\/p>\n\n\n\n<p>\u201cTodo esto forma parte de nuestro compromiso con la gente, algo que desde el primer d\u00eda de la gesti\u00f3n del intendente Ustarroz, nos hemos puesto como objetivo\u201d, agreg\u00f3.<\/p>\n\n\n\n<p>Estos trabajos vienen a sumarse a las obras de mejoras en las calles, el empedrado, la plaza principal, la nueva carteler\u00eda y se\u00f1al\u00e9tica, la iluminaci\u00f3n, garita de colectivos y la constante apuesta a la generaci\u00f3n de turismo y trabajo en el polo gastron\u00f3mico.&nbsp;<\/p>\n\n\n\n<p><\/p>\n","protected":false},"excerpt":{"rendered":"<p>La estaci\u00f3n de trenes de la localidad Jorge Born, m\u00e1s conocida como Tom\u00e1s Jofr\u00e9, est\u00e1 siendo remodelada. Declarada patrimonio hist\u00f3rico &#8230; <a title=\"Arreglan la estaci\u00f3n de trenes de Tom\u00e1s Jofr\u00e9\" class=\"read-more\" href=\"https:\/\/www.hoymercedes.com.ar\/principal\/2019\/11\/21\/arreglan-la-estacion-de-trenes-de-tomas-jofre\/\" aria-label=\"Leer m\u00e1s sobre Arreglan la estaci\u00f3n de trenes de Tom\u00e1s Jofr\u00e9\">Leer m\u00e1s<\/a><\/p>\n","protected":false},"author":1,"featured_media":102773,"comment_status":"closed","ping_status":"open","sticky":false,"template":"","format":"standard","meta":{"_monsterinsights_skip_tracking":false,"_monsterinsights_sitenote_active":false,"_monsterinsights_sitenote_note":"","_monsterinsights_sitenote_category":0,"jetpack_post_was_ever_published":false,"_jetpack_newsletter_access":"","_jetpack_dont_email_post_to_subs":false,"_jetpack_newsletter_tier_id":0,"_jetpack_memberships_contains_paywalled_content":false,"_jetpack_memberships_contains_paid_content":false,"footnotes":"","jetpack_publicize_message":"","jetpack_publicize_feature_enabled":true,"jetpack_social_post_already_shared":true,"jetpack_social_options":{"image_generator_settings":{"template":"highway","default_image_id":0,"font":"","enabled":false},"version":2},"_wpas_customize_per_network":false},"categories":[30],"tags":[14219,594],"class_list":["post-102772","post","type-post","status-publish","format-standard","has-post-thumbnail","hentry","category-municipio","tag-estacion-de-trenes","tag-tomas-jofre","generate-columns","tablet-grid-50","mobile-grid-100","grid-parent","grid-50"],"jetpack_publicize_connections":[],"jetpack_featured_media_url":"https:\/\/www.hoymercedes.com.ar\/principal\/wp-content\/uploads\/2019\/11\/EstacionJofre-800x450.jpg","wps_subtitle":"Puesta en valor","jetpack_sharing_enabled":true,"_links":{"self":[{"href":"https:\/\/www.hoymercedes.com.ar\/principal\/wp-json\/wp\/v2\/posts\/102772","targetHints":{"allow":["GET"]}}],"collection":[{"href":"https:\/\/www.hoymercedes.com.ar\/principal\/wp-json\/wp\/v2\/posts"}],"about":[{"href":"https:\/\/www.hoymercedes.com.ar\/principal\/wp-json\/wp\/v2\/types\/post"}],"author":[{"embeddable":true,"href":"https:\/\/www.hoymercedes.com.ar\/principal\/wp-json\/wp\/v2\/users\/1"}],"replies":[{"embeddable":true,"href":"https:\/\/www.hoymercedes.com.ar\/principal\/wp-json\/wp\/v2\/comments?post=102772"}],"version-history":[{"count":0,"href":"https:\/\/www.hoymercedes.com.ar\/principal\/wp-json\/wp\/v2\/posts\/102772\/revisions"}],"wp:featuredmedia":[{"embeddable":true,"href":"https:\/\/www.hoymercedes.com.ar\/principal\/wp-json\/wp\/v2\/media\/102773"}],"wp:attachment":[{"href":"https:\/\/www.hoymercedes.com.ar\/principal\/wp-json\/wp\/v2\/media?parent=102772"}],"wp:term":[{"taxonomy":"category","embeddable":true,"href":"https:\/\/www.hoymercedes.com.ar\/principal\/wp-json\/wp\/v2\/categories?post=102772"},{"taxonomy":"post_tag","embeddable":true,"href":"https:\/\/www.hoymercedes.com.ar\/principal\/wp-json\/wp\/v2\/tags?post=102772"}],"curies":[{"name":"wp","href":"https:\/\/api.w.org\/{rel}","templated":true}]}}