{"id":102778,"date":"2019-11-21T14:45:00","date_gmt":"2019-11-21T17:45:00","guid":{"rendered":"http:\/\/www.hoymercedes.com.ar\/principal\/?p=102778"},"modified":"2019-11-23T11:11:12","modified_gmt":"2019-11-23T14:11:12","slug":"realizan-test-vocacional-gratuitos-para-quienes-terminan-el-secundario","status":"publish","type":"post","link":"https:\/\/www.hoymercedes.com.ar\/principal\/2019\/11\/21\/realizan-test-vocacional-gratuitos-para-quienes-terminan-el-secundario\/","title":{"rendered":"Realizan test vocacional gratuitos para quienes terminan el secundario"},"content":{"rendered":"\n<p>Los mayores de 18 a\u00f1os pueden consultar en la Coordinaci\u00f3n de Pol\u00edticas Juveniles en el Unzu\u00e9. <\/p>\n\n\n\n<p>El \u00e1rea de Pol\u00edticas Juveniles de la Municipalidad de Mercedes impuls\u00f3 nuevamente el programa de Test Vocacionales orientado q quienes est\u00e1n terminando sus estudios secundarios. <\/p>\n\n\n\n<p>La propuesta es para adultos j\u00f3venes, mayores de 18 a\u00f1os, que quieran acercarse para mantener entrevistas y encuentros con el equipo de Orientaci\u00f3n Vocacional del \u00e1rea de Juventud, el mismo equipo que a lo largo del a\u00f1o trabaj\u00f3 con los sextos a\u00f1os de las escuelas secundarias de gesti\u00f3n p\u00fablica y privada. <\/p>\n\n\n\n<p>\u201cNo existe l\u00edmites de edad ya que incluye a las personas que concurren al programa FinEs. Ellos son mayores de 18 a\u00f1os y rendir materias adeudadas o terminan sus estudios primarios y secundarios\u201d explicaron desde la Coordinaci\u00f3n de Pol\u00edticas Juveniles abriendo la invitaci\u00f3n a todas las personas interesadas en participar de la convocatoria.<\/p>\n\n\n\n<p>Asimismo, destacan que \u201cel test vocacional es una herramienta esencial en el proceso de b\u00fasqueda de una carrera o empleo. Los mismos se realizan por un equipo de profesionales que efect\u00faa la devoluci\u00f3n de manera personalizada\u201d.<\/p>\n\n\n\n<p>\u201cGracias a estos programas municipales se le brinda a nuestros j\u00f3venes una herramienta concreta que mejorar\u00e1 y ampliar\u00e1 sus expectativas a futuro\u201d agregaron desde la coordinaci\u00f3n.   <br> A todos aquellos interesados o que necesiten m\u00e1s informaci\u00f3n pueden acercarse a la Secretaria de Desarrollo Social en el ex Instituto Unzu\u00e9 y referirse a la oficina de la coordinaci\u00f3n de Pol\u00edticas P\u00fablicas Juveniles o llamar al tel\u00e9fono 435336.   <\/p>\n\n\n\n<figure class=\"wp-block-image size-large\"><img loading=\"lazy\" decoding=\"async\" width=\"800\" height=\"800\" data-attachment-id=\"102781\" data-permalink=\"https:\/\/www.hoymercedes.com.ar\/principal\/2019\/11\/21\/realizan-test-vocacional-gratuitos-para-quienes-terminan-el-secundario\/testvocacionales-800x800\/#main\" data-orig-file=\"https:\/\/www.hoymercedes.com.ar\/principal\/wp-content\/uploads\/2019\/11\/TestVocacionales-800x800.jpeg\" data-orig-size=\"800,800\" data-comments-opened=\"0\" data-image-meta=\"{&quot;aperture&quot;:&quot;0&quot;,&quot;credit&quot;:&quot;&quot;,&quot;camera&quot;:&quot;&quot;,&quot;caption&quot;:&quot;&quot;,&quot;created_timestamp&quot;:&quot;0&quot;,&quot;copyright&quot;:&quot;&quot;,&quot;focal_length&quot;:&quot;0&quot;,&quot;iso&quot;:&quot;0&quot;,&quot;shutter_speed&quot;:&quot;0&quot;,&quot;title&quot;:&quot;&quot;,&quot;orientation&quot;:&quot;0&quot;}\" data-image-title=\"TestVocacionales-800&amp;#215;800\" data-image-description=\"\" data-image-caption=\"\" data-large-file=\"https:\/\/www.hoymercedes.com.ar\/principal\/wp-content\/uploads\/2019\/11\/TestVocacionales-800x800.jpeg\" src=\"https:\/\/www.hoymercedes.com.ar\/principal\/wp-content\/uploads\/2019\/11\/TestVocacionales-800x800.jpeg\" alt=\"\" class=\"wp-image-102781\"\/><\/figure>\n","protected":false},"excerpt":{"rendered":"<p>Los mayores de 18 a\u00f1os pueden consultar en la Coordinaci\u00f3n de Pol\u00edticas Juveniles en el Unzu\u00e9. El \u00e1rea de Pol\u00edticas &#8230; <a title=\"Realizan test vocacional gratuitos para quienes terminan el secundario\" class=\"read-more\" href=\"https:\/\/www.hoymercedes.com.ar\/principal\/2019\/11\/21\/realizan-test-vocacional-gratuitos-para-quienes-terminan-el-secundario\/\" aria-label=\"Leer m\u00e1s sobre Realizan test vocacional gratuitos para quienes terminan el secundario\">Leer m\u00e1s<\/a><\/p>\n","protected":false},"author":1,"featured_media":102781,"comment_status":"closed","ping_status":"open","sticky":false,"template":"","format":"standard","meta":{"_monsterinsights_skip_tracking":false,"_monsterinsights_sitenote_active":false,"_monsterinsights_sitenote_note":"","_monsterinsights_sitenote_category":0,"jetpack_post_was_ever_published":false,"_jetpack_newsletter_access":"","_jetpack_dont_email_post_to_subs":false,"_jetpack_newsletter_tier_id":0,"_jetpack_memberships_contains_paywalled_content":false,"_jetpack_memberships_contains_paid_content":false,"footnotes":"","jetpack_publicize_message":"","jetpack_publicize_feature_enabled":true,"jetpack_social_post_already_shared":true,"jetpack_social_options":{"image_generator_settings":{"template":"highway","default_image_id":0,"font":"","enabled":false},"version":2},"_wpas_customize_per_network":false},"categories":[30],"tags":[47,244,9024],"class_list":["post-102778","post","type-post","status-publish","format-standard","has-post-thumbnail","hentry","category-municipio","tag-educacion-2","tag-municipio-2","tag-test-vocacional","generate-columns","tablet-grid-50","mobile-grid-100","grid-parent","grid-50"],"jetpack_publicize_connections":[],"jetpack_featured_media_url":"https:\/\/www.hoymercedes.com.ar\/principal\/wp-content\/uploads\/2019\/11\/TestVocacionales-800x800.jpeg","wps_subtitle":"Definir tu futuro","jetpack_sharing_enabled":true,"_links":{"self":[{"href":"https:\/\/www.hoymercedes.com.ar\/principal\/wp-json\/wp\/v2\/posts\/102778","targetHints":{"allow":["GET"]}}],"collection":[{"href":"https:\/\/www.hoymercedes.com.ar\/principal\/wp-json\/wp\/v2\/posts"}],"about":[{"href":"https:\/\/www.hoymercedes.com.ar\/principal\/wp-json\/wp\/v2\/types\/post"}],"author":[{"embeddable":true,"href":"https:\/\/www.hoymercedes.com.ar\/principal\/wp-json\/wp\/v2\/users\/1"}],"replies":[{"embeddable":true,"href":"https:\/\/www.hoymercedes.com.ar\/principal\/wp-json\/wp\/v2\/comments?post=102778"}],"version-history":[{"count":0,"href":"https:\/\/www.hoymercedes.com.ar\/principal\/wp-json\/wp\/v2\/posts\/102778\/revisions"}],"wp:featuredmedia":[{"embeddable":true,"href":"https:\/\/www.hoymercedes.com.ar\/principal\/wp-json\/wp\/v2\/media\/102781"}],"wp:attachment":[{"href":"https:\/\/www.hoymercedes.com.ar\/principal\/wp-json\/wp\/v2\/media?parent=102778"}],"wp:term":[{"taxonomy":"category","embeddable":true,"href":"https:\/\/www.hoymercedes.com.ar\/principal\/wp-json\/wp\/v2\/categories?post=102778"},{"taxonomy":"post_tag","embeddable":true,"href":"https:\/\/www.hoymercedes.com.ar\/principal\/wp-json\/wp\/v2\/tags?post=102778"}],"curies":[{"name":"wp","href":"https:\/\/api.w.org\/{rel}","templated":true}]}}