{"id":102819,"date":"2019-11-23T21:32:00","date_gmt":"2019-11-24T00:32:00","guid":{"rendered":"http:\/\/www.hoymercedes.com.ar\/principal\/?p=102819"},"modified":"2019-11-23T11:08:57","modified_gmt":"2019-11-23T14:08:57","slug":"robo-un-celular-y-fue-aprehendido","status":"publish","type":"post","link":"https:\/\/www.hoymercedes.com.ar\/principal\/2019\/11\/23\/robo-un-celular-y-fue-aprehendido\/","title":{"rendered":"Rob\u00f3 un celular y fue aprehendido"},"content":{"rendered":"\n<p>En la jornada del\npasado mi\u00e9rcoles, en horas de la tarde, una joven caminaba por calles 13 y 26,\nde la localidad de Mercedes, en direcci\u00f3n a calle 24. En ese momento fue\nsorprendida por un sujeto que le arrebat\u00f3 el tel\u00e9fono celular, y se dio a la\nfuga a pi\u00e9. Testigos ocasionales de lo ocurrido, al ver que el hombre corr\u00eda\nfueron tras \u00e9l y lograron interceptarlo y retenerlo hasta que llegara personal\npolicial al lugar.<\/p>\n\n\n\n<p>Se trataba de un sujeto mayor de edad (30 a\u00f1os), domiciliado en la\nlocalidad de Agote del partido de Mercedes.<\/p>\n\n\n\n<p>Mientras era perseguido, el imputado se descart\u00f3 en la v\u00eda p\u00fablica del\ntel\u00e9fono celular que pudo ser recuperado por la v\u00edctima.<\/p>\n\n\n\n<p>La investigaci\u00f3n penal preparatoria recay\u00f3 en la Unidad Funcional de\nInstrucci\u00f3n y Juicio N\u00b0 6 \u2013 a cargo del dr. Luis Carcagno \u2013. <\/p>\n\n\n\n<p>Por el delito de \u201cRobo en tentativa\u201d el sujeto compareci\u00f3 este jueves ante el agente fiscal en el marco de la audiencia de declaraci\u00f3n en los t\u00e9rminos del art. 308 del C\u00f3digo Procesal Penal.<\/p>\n\n\n\n<p>Fuente: Ministerio P\u00fablico Fiscal Bonaerense &#8211; Depto Judicial Mercedes<\/p>\n","protected":false},"excerpt":{"rendered":"<p>En la jornada del pasado mi\u00e9rcoles, en horas de la tarde, una joven caminaba por calles 13 y 26, de &#8230; <a title=\"Rob\u00f3 un celular y fue aprehendido\" class=\"read-more\" href=\"https:\/\/www.hoymercedes.com.ar\/principal\/2019\/11\/23\/robo-un-celular-y-fue-aprehendido\/\" aria-label=\"Leer m\u00e1s sobre Rob\u00f3 un celular y fue aprehendido\">Leer m\u00e1s<\/a><\/p>\n","protected":false},"author":1,"featured_media":102820,"comment_status":"closed","ping_status":"open","sticky":false,"template":"","format":"standard","meta":{"_monsterinsights_skip_tracking":false,"_monsterinsights_sitenote_active":false,"_monsterinsights_sitenote_note":"","_monsterinsights_sitenote_category":0,"jetpack_post_was_ever_published":false,"_jetpack_newsletter_access":"","_jetpack_dont_email_post_to_subs":false,"_jetpack_newsletter_tier_id":0,"_jetpack_memberships_contains_paywalled_content":false,"_jetpack_memberships_contains_paid_content":false,"footnotes":"","jetpack_publicize_message":"","jetpack_publicize_feature_enabled":true,"jetpack_social_post_already_shared":true,"jetpack_social_options":{"image_generator_settings":{"template":"highway","default_image_id":0,"font":"","enabled":false},"version":2},"_wpas_customize_per_network":false},"categories":[85],"tags":[14371,96,889],"class_list":["post-102819","post","type-post","status-publish","format-standard","has-post-thumbnail","hentry","category-policial","tag-detencion-estafadoras","tag-policial-2","tag-robo","generate-columns","tablet-grid-50","mobile-grid-100","grid-parent","grid-50"],"jetpack_publicize_connections":[],"jetpack_featured_media_url":"https:\/\/www.hoymercedes.com.ar\/principal\/wp-content\/uploads\/2019\/11\/23-robo-celular.jpg","wps_subtitle":"En Mercedes","jetpack_sharing_enabled":true,"_links":{"self":[{"href":"https:\/\/www.hoymercedes.com.ar\/principal\/wp-json\/wp\/v2\/posts\/102819","targetHints":{"allow":["GET"]}}],"collection":[{"href":"https:\/\/www.hoymercedes.com.ar\/principal\/wp-json\/wp\/v2\/posts"}],"about":[{"href":"https:\/\/www.hoymercedes.com.ar\/principal\/wp-json\/wp\/v2\/types\/post"}],"author":[{"embeddable":true,"href":"https:\/\/www.hoymercedes.com.ar\/principal\/wp-json\/wp\/v2\/users\/1"}],"replies":[{"embeddable":true,"href":"https:\/\/www.hoymercedes.com.ar\/principal\/wp-json\/wp\/v2\/comments?post=102819"}],"version-history":[{"count":0,"href":"https:\/\/www.hoymercedes.com.ar\/principal\/wp-json\/wp\/v2\/posts\/102819\/revisions"}],"wp:featuredmedia":[{"embeddable":true,"href":"https:\/\/www.hoymercedes.com.ar\/principal\/wp-json\/wp\/v2\/media\/102820"}],"wp:attachment":[{"href":"https:\/\/www.hoymercedes.com.ar\/principal\/wp-json\/wp\/v2\/media?parent=102819"}],"wp:term":[{"taxonomy":"category","embeddable":true,"href":"https:\/\/www.hoymercedes.com.ar\/principal\/wp-json\/wp\/v2\/categories?post=102819"},{"taxonomy":"post_tag","embeddable":true,"href":"https:\/\/www.hoymercedes.com.ar\/principal\/wp-json\/wp\/v2\/tags?post=102819"}],"curies":[{"name":"wp","href":"https:\/\/api.w.org\/{rel}","templated":true}]}}