{"id":102822,"date":"2019-11-24T10:51:00","date_gmt":"2019-11-24T13:51:00","guid":{"rendered":"http:\/\/www.hoymercedes.com.ar\/principal\/?p=102822"},"modified":"2019-11-23T11:08:30","modified_gmt":"2019-11-23T14:08:30","slug":"un-aprehendido-por-robo-de-motocicleta","status":"publish","type":"post","link":"https:\/\/www.hoymercedes.com.ar\/principal\/2019\/11\/24\/un-aprehendido-por-robo-de-motocicleta\/","title":{"rendered":"Un aprehendido por robo de motocicleta"},"content":{"rendered":"\n<p>El 18 de noviembre, en horas del mediod\u00eda, una vecina dej\u00f3 su motocicleta 110 estacionada en la vereda, delante de la puerta de ingreso a su domicilio, en la localidad de Chivilcoy. Un sujeto sustrajo la misma y se dio a la fuga del lugar, manipulando los cables de ignici\u00f3n a fin de poder darle arranque. Todo el accionar del imputado fue captado por las c\u00e1maras de seguridad de la zona. <\/p>\n\n\n\n<p>Fue as\u00ed como se pudo reconocer al autor del hecho y se procedi\u00f3 a su aprehensi\u00f3n en su domicilio. Fue hallado en la vereda desarmando la motocicleta sustra\u00edda.<\/p>\n\n\n\n<p>El aprehendido de&nbsp; 29&nbsp; a\u00f1os de edad, de&nbsp; Chivilcoy, compareci\u00f3 ante el agente fiscal\nen el marco de la audiencia de declaraci\u00f3n en los t\u00e9rminos del art. 308 del\nC\u00f3digo Procesal Penal por el delito de \u201cRobo Agravado de veh\u00edculo dejado en la\nv\u00eda p\u00fablica\u201d.<\/p>\n\n\n\n<p>Intervino la UFIJ N\u00ba 6 del Departamento Judicial Mercedes, a cargo del Dr. Luis Carcagno, y el Juzgado de Garant\u00edas N\u00ba 1.<\/p>\n\n\n\n<p>Fuente: Ministerio P\u00fablico Fiscal &#8211; Depto Judicial Mercedes<\/p>\n","protected":false},"excerpt":{"rendered":"<p>El 18 de noviembre, en horas del mediod\u00eda, una vecina dej\u00f3 su motocicleta 110 estacionada en la vereda, delante de &#8230; <a title=\"Un aprehendido por robo de motocicleta\" class=\"read-more\" href=\"https:\/\/www.hoymercedes.com.ar\/principal\/2019\/11\/24\/un-aprehendido-por-robo-de-motocicleta\/\" aria-label=\"Leer m\u00e1s sobre Un aprehendido por robo de motocicleta\">Leer m\u00e1s<\/a><\/p>\n","protected":false},"author":1,"featured_media":99825,"comment_status":"closed","ping_status":"open","sticky":false,"template":"","format":"standard","meta":{"_monsterinsights_skip_tracking":false,"_monsterinsights_sitenote_active":false,"_monsterinsights_sitenote_note":"","_monsterinsights_sitenote_category":0,"jetpack_post_was_ever_published":false,"_jetpack_newsletter_access":"","_jetpack_dont_email_post_to_subs":false,"_jetpack_newsletter_tier_id":0,"_jetpack_memberships_contains_paywalled_content":false,"_jetpack_memberships_contains_paid_content":false,"footnotes":"","jetpack_publicize_message":"","jetpack_publicize_feature_enabled":true,"jetpack_social_post_already_shared":true,"jetpack_social_options":{"image_generator_settings":{"template":"highway","default_image_id":0,"font":"","enabled":false},"version":2},"_wpas_customize_per_network":false},"categories":[85],"tags":[62,96,1057],"class_list":["post-102822","post","type-post","status-publish","format-standard","has-post-thumbnail","hentry","category-policial","tag-chivilcoy","tag-policial-2","tag-regional","generate-columns","tablet-grid-50","mobile-grid-100","grid-parent","grid-50"],"jetpack_publicize_connections":[],"jetpack_featured_media_url":"https:\/\/www.hoymercedes.com.ar\/principal\/wp-content\/uploads\/2019\/09\/14-policial-lujan.jpg","wps_subtitle":"Informaci\u00f3n regional","jetpack_sharing_enabled":true,"_links":{"self":[{"href":"https:\/\/www.hoymercedes.com.ar\/principal\/wp-json\/wp\/v2\/posts\/102822","targetHints":{"allow":["GET"]}}],"collection":[{"href":"https:\/\/www.hoymercedes.com.ar\/principal\/wp-json\/wp\/v2\/posts"}],"about":[{"href":"https:\/\/www.hoymercedes.com.ar\/principal\/wp-json\/wp\/v2\/types\/post"}],"author":[{"embeddable":true,"href":"https:\/\/www.hoymercedes.com.ar\/principal\/wp-json\/wp\/v2\/users\/1"}],"replies":[{"embeddable":true,"href":"https:\/\/www.hoymercedes.com.ar\/principal\/wp-json\/wp\/v2\/comments?post=102822"}],"version-history":[{"count":0,"href":"https:\/\/www.hoymercedes.com.ar\/principal\/wp-json\/wp\/v2\/posts\/102822\/revisions"}],"wp:featuredmedia":[{"embeddable":true,"href":"https:\/\/www.hoymercedes.com.ar\/principal\/wp-json\/wp\/v2\/media\/99825"}],"wp:attachment":[{"href":"https:\/\/www.hoymercedes.com.ar\/principal\/wp-json\/wp\/v2\/media?parent=102822"}],"wp:term":[{"taxonomy":"category","embeddable":true,"href":"https:\/\/www.hoymercedes.com.ar\/principal\/wp-json\/wp\/v2\/categories?post=102822"},{"taxonomy":"post_tag","embeddable":true,"href":"https:\/\/www.hoymercedes.com.ar\/principal\/wp-json\/wp\/v2\/tags?post=102822"}],"curies":[{"name":"wp","href":"https:\/\/api.w.org\/{rel}","templated":true}]}}