{"id":102825,"date":"2019-11-23T11:30:00","date_gmt":"2019-11-23T14:30:00","guid":{"rendered":"http:\/\/www.hoymercedes.com.ar\/principal\/?p=102825"},"modified":"2019-11-23T11:09:15","modified_gmt":"2019-11-23T14:09:15","slug":"vecinos-de-la-verde-y-tomas-jofre-reiteran-el-pedido-de-saneamiento-y-remediacion","status":"publish","type":"post","link":"https:\/\/www.hoymercedes.com.ar\/principal\/2019\/11\/23\/vecinos-de-la-verde-y-tomas-jofre-reiteran-el-pedido-de-saneamiento-y-remediacion\/","title":{"rendered":"Vecinos de La Verde y Tom\u00e1s Jofr\u00e9 reiteran el pedido de saneamiento y remediaci\u00f3n"},"content":{"rendered":"\n<p><em>\u201cNos subestiman a los vecinos\u201d, aseguraron Mart\u00edn Barros, Rogelio Zelaya y Jorge Pizurno, tres de los vecinos rurales afectados por el incendio de la empresa Sigma a finales de septiembre. Expresaron su preocupaci\u00f3n por las obras civiles que se realizan en el predio y la falta de tareas para sanear el suelo y el agua de la zona. <\/em><\/p>\n\n\n\n<figure class=\"wp-block-image size-large\"><img loading=\"lazy\" decoding=\"async\" width=\"800\" height=\"533\" data-attachment-id=\"102826\" data-permalink=\"https:\/\/www.hoymercedes.com.ar\/principal\/2019\/11\/23\/vecinos-de-la-verde-y-tomas-jofre-reiteran-el-pedido-de-saneamiento-y-remediacion\/23-vecinos-la-verde\/#main\" data-orig-file=\"https:\/\/www.hoymercedes.com.ar\/principal\/wp-content\/uploads\/2019\/11\/23-vecinos-La-Verde.jpg\" data-orig-size=\"800,533\" data-comments-opened=\"0\" data-image-meta=\"{&quot;aperture&quot;:&quot;0&quot;,&quot;credit&quot;:&quot;&quot;,&quot;camera&quot;:&quot;&quot;,&quot;caption&quot;:&quot;&quot;,&quot;created_timestamp&quot;:&quot;0&quot;,&quot;copyright&quot;:&quot;&quot;,&quot;focal_length&quot;:&quot;0&quot;,&quot;iso&quot;:&quot;0&quot;,&quot;shutter_speed&quot;:&quot;0&quot;,&quot;title&quot;:&quot;&quot;,&quot;orientation&quot;:&quot;0&quot;}\" data-image-title=\"23 vecinos La Verde\" data-image-description=\"\" data-image-caption=\"\" data-large-file=\"https:\/\/www.hoymercedes.com.ar\/principal\/wp-content\/uploads\/2019\/11\/23-vecinos-La-Verde.jpg\" src=\"https:\/\/www.hoymercedes.com.ar\/principal\/wp-content\/uploads\/2019\/11\/23-vecinos-La-Verde.jpg\" alt=\"\" class=\"wp-image-102826\"\/><\/figure>\n\n\n\n<p>A trav\u00e9s de una\nconferencia de prensa, tres de los vecinos de La Verde y Tom\u00e1s Jofr\u00e9, Mart\u00edn\nBarros, Rogelio Zelaya y Jorge Pizurno dieron cuenta de la preocupaci\u00f3n e\nindignaci\u00f3n de todos los vecinos por la situaci\u00f3n y las acciones tras el\nincendio de la f\u00e1brica Sigma, e instan a la poblaci\u00f3n general a acompa\u00f1ar el\npedido para el saneamiento y remediaci\u00f3n de la zona a partir de la \u201ccat\u00e1strofe\ngenerada\u201d. <\/p>\n\n\n\n<p>Ante los medios de\nla ciudad, en una confiter\u00eda c\u00e9ntrica, explicaron que los vecinos fueron\nreuni\u00e9ndose y reiterando los reclamos que se suceden desde hace casi dos meses.\nEn esos encuentros fueron junt\u00e1ndose con el Municipio, con representantes del\nOPDS, con la empresa SIGMA, con el \u00e1rea ambiental de Naci\u00f3n. \u201cLa empresa quiere\nhacer lo menos posible y ponerse a facturar lo antes posible. Es razonable para\nsu l\u00f3gica comercial. Ahora los pobladores, frente a eso, no podemos aceptarlo.\nNosotros queremos vivir en un medio sano. Es nuestro derecho como habitantes\ndel lugar. La empresa lo que hizo fue arruinarnos ese medio sano\u201d, expres\u00f3\nBarros. <\/p>\n\n\n\n<p>A lo que agreg\u00f3 que\n\u201clas autoridades de todos los niveles parecer\u00edan que est\u00e1n del lado de la\nempresa\u201d. \u201cLo \u00fanico que buscan es que la cosa se solucione r\u00e1pido, y que los\nvecinos no hagamos mucho ruido. Tapar un poco, emprolijar un poco y seguir como\nsi nada\u201d, destac\u00f3 Barrios aludiendo a los gobiernos del estado municipal,\nprovincial y nacional. A su lado, Zelaya expres\u00f3: \u201cLa empresa es una sociedad\nan\u00f3nima que aparece en La Verde hace poco, cinco a\u00f1os, y tenemos esa\nincertidumbre. Muchos de nosotros que no vivimos all\u00ed, sino que vamos cada\ntanto, nos enteramos que el predio ese estaba reactivado cuando vimos camiones\nde gran porte por la ruta, que terminaron de destruir, para llevar y retirar la\nproducci\u00f3n\u201d. <\/p>\n\n\n\n<p>\u201cNo solamente hubo un impacto ambiental tras el incendio, sino que tambi\u00e9n afect\u00f3 la red de comunicaci\u00f3n entre Tom\u00e1s Jofr\u00e9 y La Verde. El camino de tierra cuando llueve, se pierde. No hay otra v\u00eda. La Verde es una zona de producci\u00f3n agr\u00edcola, b\u00e1sicamente. En una reuni\u00f3n con el Intendente le dec\u00eda que en mis chacras yo tengo que sembrar ma\u00edz, pero qu\u00e9 hago. Me afecta o no. Mart\u00edn produce semillas org\u00e1nicas y tiene al lado una situaci\u00f3n de contaminaci\u00f3n ambiental\u201d, agreg\u00f3. <\/p>\n\n\n\n<p><strong>Muestras y Justicia<\/strong><\/p>\n\n\n\n<p>Los vecinos\nresaltaron que intentar\u00e1n tomar acciones legales no solo contra la empresa,\nsino tambi\u00e9n a todos los responsables. No obstante, dependen del Juzgado de\nGarant\u00eda N\u00ba 3 y de la UFI N\u00ba 1, que no tienen responsables titulares, sino que\nlos funcionarios a cargo son subrogantes. \u201cEl Juez de Garant\u00eda Penal neg\u00f3 la\nparticipaci\u00f3n de tres vecinos y una ONG como damnificados. No podemos, por\nahora, participar de la causa penal de la UFI 1. Por eso la apelaci\u00f3n es uno de\nlos pasos a seguir\u201d, destac\u00f3 Barros a lo que agreg\u00f3 que \u201cel deseo de los\nvecinos es que Sigma se vaya de La Verde, pero sabemos que se ir\u00e1 a otro lado y\nenvenenar\u00e1 a otros vecinos\u201d. <\/p>\n\n\n\n<p>Asimismo, los\nvecinos, muchos de ellos productores agropecuarios o con emprendimientos\ntur\u00edsticos, explicaron que participaron \u201cde la custodia\u201d de los an\u00e1lisis y por\nlo tanto no ten\u00edan dudas de los resultados, aunque s\u00ed les preocupa el \u201ccombo\nqu\u00edmico\u201d de la zona de la f\u00e1brica que no entreg\u00f3 su muestra. Adem\u00e1s, recuerdan\nque hubo un compromiso para hacer an\u00e1lisis cada cuarenta d\u00edas, hecho que no se\nest\u00e1 realizando, y criticaron el pedido de la Secretar\u00eda de Ambiente de Naci\u00f3n\nque pide que se busque solo dos elementos de todos los qu\u00edmicos que la empresa\ndeclara trabajar y que son m\u00e1s contaminantes que el glifosato. \u201cEn los an\u00e1lisis\nque ya se hicieron se buscaron nueve cosas y se encontraron cinco, y la\nSecretar\u00eda solo pide dos en tres lugares\u201d, agreg\u00f3 uno de los vecinos. <\/p>\n\n\n\n<p>Concretamente del\n\u201csaneamiento y remediaci\u00f3n\u201d que estar\u00edan haciendo los vecinos hicieron una\ncomparaci\u00f3n con \u201cla habitaci\u00f3n de un adolescente que la ordena un poco antes\nque lleguen sus padres\u201d. \u201cDe fondo no se hizo nada. Sigue, si no se sac\u00f3 en\nestas horas, tanquetas de agua contaminada. Est\u00e1 toda la chatarra ah\u00ed. Despu\u00e9s\nde la lluvia y el viento, hoy es muy fuerte el olor. Solo vemos movimientos\npara una obra civil. Est\u00e1n haciendo una nueva estructura, algo que no pueden\nhacer. Hacen cualquier cosa menos remediar el predio. Seguimos viendo bidones\nde mil litros con l\u00edquido arriba de palets, apoyados en paredes que se pueden\ncaer en cualquier momento. Hay tierra y agua que todav\u00eda no sacaron de los pozos\ny eso se descarga en el nacimiento del Arroyo Balta. Est\u00e1n tapando la tierra\ncontaminada con cascotes. En una de las reuniones, uno de los representantes de\nSigma abre la reuni\u00f3n preguntando cu\u00e1ndo pod\u00eda volver a trabajar\u201d, agregaron\nlos vecinos que hablaron con los medios de comunicaci\u00f3n de la ciudad y\nrecordaron otros hechos similares en diferentes localidades bonaerenses. <\/p>\n\n\n\n<p>Resaltando que el\nperjuicio es actual y para un futuro, as\u00ed como para La Verde, Tom\u00e1s Jofr\u00e9, San\nEladio en Luj\u00e1n, Navarro, General Rodr\u00edguez, por ser en una zona que unifica\ndistintos partidos bonaerenses de la regi\u00f3n. \u201cLa f\u00e1brica est\u00e1 en punta de\ncuenca. En un estudio de impacto ambiental eso tiene que haber estado. Sin\nembargo, lo que aparece en la causa, Sigma presenta una carta de presentaci\u00f3n,\nuna pseudo habilitaci\u00f3n municipal, algo muy extra\u00f1o, y toda la informaci\u00f3n de\nlos agrot\u00f3xicos que formulaba. Nada m\u00e1s. Si tuviese un estudio de impacto\nambiental, o un certificado del OPDS, ser\u00eda el primer papel que presentar\u00eda.\nPero en la causa no est\u00e1 eso\u201d, resalt\u00f3 Barros a lo que agreg\u00f3: \u201cNos subestiman\na los vecinos\u201d.<\/p>\n","protected":false},"excerpt":{"rendered":"<p>\u201cNos subestiman a los vecinos\u201d, aseguraron Mart\u00edn Barros, Rogelio Zelaya y Jorge Pizurno, tres de los vecinos rurales afectados por &#8230; <a title=\"Vecinos de La Verde y Tom\u00e1s Jofr\u00e9 reiteran el pedido de saneamiento y remediaci\u00f3n\" class=\"read-more\" href=\"https:\/\/www.hoymercedes.com.ar\/principal\/2019\/11\/23\/vecinos-de-la-verde-y-tomas-jofre-reiteran-el-pedido-de-saneamiento-y-remediacion\/\" aria-label=\"Leer m\u00e1s sobre Vecinos de La Verde y Tom\u00e1s Jofr\u00e9 reiteran el pedido de saneamiento y remediaci\u00f3n\">Leer m\u00e1s<\/a><\/p>\n","protected":false},"author":1,"featured_media":102826,"comment_status":"closed","ping_status":"open","sticky":false,"template":"","format":"standard","meta":{"_monsterinsights_skip_tracking":false,"_monsterinsights_sitenote_active":false,"_monsterinsights_sitenote_note":"","_monsterinsights_sitenote_category":0,"jetpack_post_was_ever_published":false,"_jetpack_newsletter_access":"","_jetpack_dont_email_post_to_subs":false,"_jetpack_newsletter_tier_id":0,"_jetpack_memberships_contains_paywalled_content":false,"_jetpack_memberships_contains_paid_content":false,"footnotes":"","jetpack_publicize_message":"","jetpack_publicize_feature_enabled":true,"jetpack_social_post_already_shared":true,"jetpack_social_options":{"image_generator_settings":{"template":"highway","default_image_id":0,"font":"","enabled":false},"version":2},"_wpas_customize_per_network":false},"categories":[8],"tags":[15945,15795,594,9036],"class_list":["post-102825","post","type-post","status-publish","format-standard","has-post-thumbnail","hentry","category-sociedad","tag-incendio-fabrica","tag-la-verde","tag-tomas-jofre","tag-vecinos","generate-columns","tablet-grid-50","mobile-grid-100","grid-parent","grid-50"],"jetpack_publicize_connections":[],"jetpack_featured_media_url":"https:\/\/www.hoymercedes.com.ar\/principal\/wp-content\/uploads\/2019\/11\/23-vecinos-La-Verde.jpg","wps_subtitle":"Tras el incendio en f\u00e1brica de agroqu\u00edmicos","jetpack_sharing_enabled":true,"_links":{"self":[{"href":"https:\/\/www.hoymercedes.com.ar\/principal\/wp-json\/wp\/v2\/posts\/102825","targetHints":{"allow":["GET"]}}],"collection":[{"href":"https:\/\/www.hoymercedes.com.ar\/principal\/wp-json\/wp\/v2\/posts"}],"about":[{"href":"https:\/\/www.hoymercedes.com.ar\/principal\/wp-json\/wp\/v2\/types\/post"}],"author":[{"embeddable":true,"href":"https:\/\/www.hoymercedes.com.ar\/principal\/wp-json\/wp\/v2\/users\/1"}],"replies":[{"embeddable":true,"href":"https:\/\/www.hoymercedes.com.ar\/principal\/wp-json\/wp\/v2\/comments?post=102825"}],"version-history":[{"count":0,"href":"https:\/\/www.hoymercedes.com.ar\/principal\/wp-json\/wp\/v2\/posts\/102825\/revisions"}],"wp:featuredmedia":[{"embeddable":true,"href":"https:\/\/www.hoymercedes.com.ar\/principal\/wp-json\/wp\/v2\/media\/102826"}],"wp:attachment":[{"href":"https:\/\/www.hoymercedes.com.ar\/principal\/wp-json\/wp\/v2\/media?parent=102825"}],"wp:term":[{"taxonomy":"category","embeddable":true,"href":"https:\/\/www.hoymercedes.com.ar\/principal\/wp-json\/wp\/v2\/categories?post=102825"},{"taxonomy":"post_tag","embeddable":true,"href":"https:\/\/www.hoymercedes.com.ar\/principal\/wp-json\/wp\/v2\/tags?post=102825"}],"curies":[{"name":"wp","href":"https:\/\/api.w.org\/{rel}","templated":true}]}}