{"id":102832,"date":"2019-11-22T17:12:00","date_gmt":"2019-11-22T20:12:00","guid":{"rendered":"http:\/\/www.hoymercedes.com.ar\/principal\/?p=102832"},"modified":"2019-11-23T11:14:44","modified_gmt":"2019-11-23T14:14:44","slug":"avanza-la-colocacion-de-farolas-led-sobre-avenida-17","status":"publish","type":"post","link":"https:\/\/www.hoymercedes.com.ar\/principal\/2019\/11\/22\/avanza-la-colocacion-de-farolas-led-sobre-avenida-17\/","title":{"rendered":"Avanza la colocaci\u00f3n de farolas led sobre avenida 17"},"content":{"rendered":"\n<p>Trabajadores de la Municipalidad contin\u00faan desde el \u00e1rea de Servicios El\u00e9ctricos con los trabajos en la Av. 17. Es as\u00ed como la colocaci\u00f3n de farolas y luminarias avanza de manera progresiva embelleciendo una emblem\u00e1tica avenida de nuestra ciudad, adem\u00e1s de generar condiciones estructurales de modernizaci\u00f3n del tendido p\u00fablico, siendo una inversi\u00f3n muy importante para toda la comunidad.<\/p>\n\n\n\n<p>En estos d\u00edas pueden verse que ya se est\u00e1n colocando los diferentes cableados, farolas y estructuras necesarios en los canteros de la Avenida 17. Estos trabajos se vienen ejecutando desde la calle 32 e ir\u00e1n hasta avenida 16. La tecnolog\u00eda Led, m\u00e1s all\u00e1 de los beneficios en la reducci\u00f3n del consumo, ser\u00e1 un aporte a la seguridad vial.<\/p>\n\n\n\n<p>Es importante destacar que la construcci\u00f3n de los mencionados canteros fue aprobada por ordenanza. De esta manera, las farolas e iluminaci\u00f3n led mejoran y embellecen la estructura y la puesta en valor de la ciudad.<\/p>\n\n\n\n<figure class=\"wp-block-image size-large\"><img loading=\"lazy\" decoding=\"async\" width=\"800\" height=\"534\" data-attachment-id=\"102833\" data-permalink=\"https:\/\/www.hoymercedes.com.ar\/principal\/2019\/11\/22\/avanza-la-colocacion-de-farolas-led-sobre-avenida-17\/22-ser-ele-2\/#main\" data-orig-file=\"https:\/\/www.hoymercedes.com.ar\/principal\/wp-content\/uploads\/2019\/11\/22-Ser-Ele.2.jpg\" data-orig-size=\"800,534\" data-comments-opened=\"0\" data-image-meta=\"{&quot;aperture&quot;:&quot;0&quot;,&quot;credit&quot;:&quot;&quot;,&quot;camera&quot;:&quot;&quot;,&quot;caption&quot;:&quot;&quot;,&quot;created_timestamp&quot;:&quot;0&quot;,&quot;copyright&quot;:&quot;&quot;,&quot;focal_length&quot;:&quot;0&quot;,&quot;iso&quot;:&quot;0&quot;,&quot;shutter_speed&quot;:&quot;0&quot;,&quot;title&quot;:&quot;&quot;,&quot;orientation&quot;:&quot;0&quot;}\" data-image-title=\"22-Ser-Ele.2\" data-image-description=\"\" data-image-caption=\"\" data-large-file=\"https:\/\/www.hoymercedes.com.ar\/principal\/wp-content\/uploads\/2019\/11\/22-Ser-Ele.2.jpg\" src=\"https:\/\/www.hoymercedes.com.ar\/principal\/wp-content\/uploads\/2019\/11\/22-Ser-Ele.2.jpg\" alt=\"\" class=\"wp-image-102833\"\/><\/figure>\n","protected":false},"excerpt":{"rendered":"<p>Trabajadores de la Municipalidad contin\u00faan desde el \u00e1rea de Servicios El\u00e9ctricos con los trabajos en la Av. 17. Es as\u00ed &#8230; <a title=\"Avanza la colocaci\u00f3n de farolas led sobre avenida 17\" class=\"read-more\" href=\"https:\/\/www.hoymercedes.com.ar\/principal\/2019\/11\/22\/avanza-la-colocacion-de-farolas-led-sobre-avenida-17\/\" aria-label=\"Leer m\u00e1s sobre Avanza la colocaci\u00f3n de farolas led sobre avenida 17\">Leer m\u00e1s<\/a><\/p>\n","protected":false},"author":1,"featured_media":102833,"comment_status":"closed","ping_status":"open","sticky":false,"template":"","format":"standard","meta":{"_monsterinsights_skip_tracking":false,"_monsterinsights_sitenote_active":false,"_monsterinsights_sitenote_note":"","_monsterinsights_sitenote_category":0,"jetpack_post_was_ever_published":false,"_jetpack_newsletter_access":"","_jetpack_dont_email_post_to_subs":false,"_jetpack_newsletter_tier_id":0,"_jetpack_memberships_contains_paywalled_content":false,"_jetpack_memberships_contains_paid_content":false,"footnotes":"","jetpack_publicize_message":"","jetpack_publicize_feature_enabled":true,"jetpack_social_post_already_shared":true,"jetpack_social_options":{"image_generator_settings":{"template":"highway","default_image_id":0,"font":"","enabled":false},"version":2},"_wpas_customize_per_network":false},"categories":[30],"tags":[],"class_list":["post-102832","post","type-post","status-publish","format-standard","has-post-thumbnail","hentry","category-municipio","generate-columns","tablet-grid-50","mobile-grid-100","grid-parent","grid-50"],"jetpack_publicize_connections":[],"jetpack_featured_media_url":"https:\/\/www.hoymercedes.com.ar\/principal\/wp-content\/uploads\/2019\/11\/22-Ser-Ele.2.jpg","wps_subtitle":"","jetpack_sharing_enabled":true,"_links":{"self":[{"href":"https:\/\/www.hoymercedes.com.ar\/principal\/wp-json\/wp\/v2\/posts\/102832","targetHints":{"allow":["GET"]}}],"collection":[{"href":"https:\/\/www.hoymercedes.com.ar\/principal\/wp-json\/wp\/v2\/posts"}],"about":[{"href":"https:\/\/www.hoymercedes.com.ar\/principal\/wp-json\/wp\/v2\/types\/post"}],"author":[{"embeddable":true,"href":"https:\/\/www.hoymercedes.com.ar\/principal\/wp-json\/wp\/v2\/users\/1"}],"replies":[{"embeddable":true,"href":"https:\/\/www.hoymercedes.com.ar\/principal\/wp-json\/wp\/v2\/comments?post=102832"}],"version-history":[{"count":0,"href":"https:\/\/www.hoymercedes.com.ar\/principal\/wp-json\/wp\/v2\/posts\/102832\/revisions"}],"wp:featuredmedia":[{"embeddable":true,"href":"https:\/\/www.hoymercedes.com.ar\/principal\/wp-json\/wp\/v2\/media\/102833"}],"wp:attachment":[{"href":"https:\/\/www.hoymercedes.com.ar\/principal\/wp-json\/wp\/v2\/media?parent=102832"}],"wp:term":[{"taxonomy":"category","embeddable":true,"href":"https:\/\/www.hoymercedes.com.ar\/principal\/wp-json\/wp\/v2\/categories?post=102832"},{"taxonomy":"post_tag","embeddable":true,"href":"https:\/\/www.hoymercedes.com.ar\/principal\/wp-json\/wp\/v2\/tags?post=102832"}],"curies":[{"name":"wp","href":"https:\/\/api.w.org\/{rel}","templated":true}]}}