{"id":102840,"date":"2019-11-23T13:37:00","date_gmt":"2019-11-23T16:37:00","guid":{"rendered":"http:\/\/www.hoymercedes.com.ar\/principal\/?p=102840"},"modified":"2019-11-23T11:48:07","modified_gmt":"2019-11-23T14:48:07","slug":"mujeres-contra-la-violencia-obstetrica-y-por-la-ile-y-la-esi","status":"publish","type":"post","link":"https:\/\/www.hoymercedes.com.ar\/principal\/2019\/11\/23\/mujeres-contra-la-violencia-obstetrica-y-por-la-ile-y-la-esi\/","title":{"rendered":"Mujeres contra la violencia obst\u00e9trica y por la ILE y la ESI"},"content":{"rendered":"\n<figure class=\"wp-block-image size-large\"><img loading=\"lazy\" decoding=\"async\" width=\"800\" height=\"533\" data-attachment-id=\"102845\" data-permalink=\"https:\/\/www.hoymercedes.com.ar\/principal\/2019\/11\/23\/mujeres-contra-la-violencia-obstetrica-y-por-la-ile-y-la-esi\/23-mujeres-eli-1\/#main\" data-orig-file=\"https:\/\/www.hoymercedes.com.ar\/principal\/wp-content\/uploads\/2019\/11\/23-mujeres-eli-1.jpg\" data-orig-size=\"800,533\" data-comments-opened=\"0\" data-image-meta=\"{&quot;aperture&quot;:&quot;0&quot;,&quot;credit&quot;:&quot;&quot;,&quot;camera&quot;:&quot;&quot;,&quot;caption&quot;:&quot;&quot;,&quot;created_timestamp&quot;:&quot;0&quot;,&quot;copyright&quot;:&quot;&quot;,&quot;focal_length&quot;:&quot;0&quot;,&quot;iso&quot;:&quot;0&quot;,&quot;shutter_speed&quot;:&quot;0&quot;,&quot;title&quot;:&quot;&quot;,&quot;orientation&quot;:&quot;0&quot;}\" data-image-title=\"23 mujeres eli 1\" data-image-description=\"\" data-image-caption=\"\" data-large-file=\"https:\/\/www.hoymercedes.com.ar\/principal\/wp-content\/uploads\/2019\/11\/23-mujeres-eli-1.jpg\" src=\"https:\/\/www.hoymercedes.com.ar\/principal\/wp-content\/uploads\/2019\/11\/23-mujeres-eli-1.jpg\" alt=\"\" class=\"wp-image-102845\"\/><\/figure>\n\n\n\n<p>Anticip\u00e1ndose al D\u00eda contra la violencia hacia las mujeres, en la tarde del viernes se realiz\u00f3 una charla abierta en la plaza del Hospital sobre  Violencia Obst\u00e9trica, Interrupci\u00f3n legal del embarazo (ILE) y la ley de Educaci\u00f3n Sexual Integral (ESI). <\/p>\n\n\n\n<p>En el encuentro estuvieron presentes Gloria Piazza, Malvina Pighuin de la Asociaci\u00f3n Civil<br> Cuerpxs Libres Observatorio de Violencia Obst\u00e9trica Luj\u00e1n,  la psic\u00f3loga Ana Gortari y la docente Susana Carrera que tomar las tem\u00e1ticas y propusieron \u00abS\u00ed hablar de ciertas cosas\u00bb<\/p>\n\n\n\n<figure class=\"wp-block-image size-large\"><img loading=\"lazy\" decoding=\"async\" width=\"800\" height=\"600\" data-attachment-id=\"102846\" data-permalink=\"https:\/\/www.hoymercedes.com.ar\/principal\/2019\/11\/23\/mujeres-contra-la-violencia-obstetrica-y-por-la-ile-y-la-esi\/23-mujeres-esi-2\/#main\" data-orig-file=\"https:\/\/www.hoymercedes.com.ar\/principal\/wp-content\/uploads\/2019\/11\/23-mujeres-esi-2.jpg\" data-orig-size=\"800,600\" data-comments-opened=\"0\" data-image-meta=\"{&quot;aperture&quot;:&quot;0&quot;,&quot;credit&quot;:&quot;&quot;,&quot;camera&quot;:&quot;&quot;,&quot;caption&quot;:&quot;&quot;,&quot;created_timestamp&quot;:&quot;0&quot;,&quot;copyright&quot;:&quot;&quot;,&quot;focal_length&quot;:&quot;0&quot;,&quot;iso&quot;:&quot;0&quot;,&quot;shutter_speed&quot;:&quot;0&quot;,&quot;title&quot;:&quot;&quot;,&quot;orientation&quot;:&quot;0&quot;}\" data-image-title=\"23 mujeres esi 2\" data-image-description=\"\" data-image-caption=\"\" data-large-file=\"https:\/\/www.hoymercedes.com.ar\/principal\/wp-content\/uploads\/2019\/11\/23-mujeres-esi-2.jpg\" src=\"https:\/\/www.hoymercedes.com.ar\/principal\/wp-content\/uploads\/2019\/11\/23-mujeres-esi-2.jpg\" alt=\"\" class=\"wp-image-102846\"\/><\/figure>\n","protected":false},"excerpt":{"rendered":"<p>Anticip\u00e1ndose al D\u00eda contra la violencia hacia las mujeres, en la tarde del viernes se realiz\u00f3 una charla abierta en &#8230; <a title=\"Mujeres contra la violencia obst\u00e9trica y por la ILE y la ESI\" class=\"read-more\" href=\"https:\/\/www.hoymercedes.com.ar\/principal\/2019\/11\/23\/mujeres-contra-la-violencia-obstetrica-y-por-la-ile-y-la-esi\/\" aria-label=\"Leer m\u00e1s sobre Mujeres contra la violencia obst\u00e9trica y por la ILE y la ESI\">Leer m\u00e1s<\/a><\/p>\n","protected":false},"author":1,"featured_media":102845,"comment_status":"closed","ping_status":"open","sticky":false,"template":"","format":"standard","meta":{"_monsterinsights_skip_tracking":false,"_monsterinsights_sitenote_active":false,"_monsterinsights_sitenote_note":"","_monsterinsights_sitenote_category":0,"jetpack_post_was_ever_published":false,"_jetpack_newsletter_access":"","_jetpack_dont_email_post_to_subs":false,"_jetpack_newsletter_tier_id":0,"_jetpack_memberships_contains_paywalled_content":false,"_jetpack_memberships_contains_paid_content":false,"footnotes":"","jetpack_publicize_message":"","jetpack_publicize_feature_enabled":true,"jetpack_social_post_already_shared":true,"jetpack_social_options":{"image_generator_settings":{"template":"highway","default_image_id":0,"font":"","enabled":false},"version":2},"_wpas_customize_per_network":false},"categories":[9791],"tags":[12563,15947,15951,15950,1475,15949],"class_list":["post-102840","post","type-post","status-publish","format-standard","has-post-thumbnail","hentry","category-salud","tag-asamblea-de-mujeres","tag-dia-contra-la-violencia-hacia-la-mujer","tag-eli","tag-ley-de-esi","tag-violencia-de-genero","tag-violencia-obstetrica","generate-columns","tablet-grid-50","mobile-grid-100","grid-parent","grid-50"],"jetpack_publicize_connections":[],"jetpack_featured_media_url":"https:\/\/www.hoymercedes.com.ar\/principal\/wp-content\/uploads\/2019\/11\/23-mujeres-eli-1.jpg","wps_subtitle":"En la tarde del viernes","jetpack_sharing_enabled":true,"_links":{"self":[{"href":"https:\/\/www.hoymercedes.com.ar\/principal\/wp-json\/wp\/v2\/posts\/102840","targetHints":{"allow":["GET"]}}],"collection":[{"href":"https:\/\/www.hoymercedes.com.ar\/principal\/wp-json\/wp\/v2\/posts"}],"about":[{"href":"https:\/\/www.hoymercedes.com.ar\/principal\/wp-json\/wp\/v2\/types\/post"}],"author":[{"embeddable":true,"href":"https:\/\/www.hoymercedes.com.ar\/principal\/wp-json\/wp\/v2\/users\/1"}],"replies":[{"embeddable":true,"href":"https:\/\/www.hoymercedes.com.ar\/principal\/wp-json\/wp\/v2\/comments?post=102840"}],"version-history":[{"count":0,"href":"https:\/\/www.hoymercedes.com.ar\/principal\/wp-json\/wp\/v2\/posts\/102840\/revisions"}],"wp:featuredmedia":[{"embeddable":true,"href":"https:\/\/www.hoymercedes.com.ar\/principal\/wp-json\/wp\/v2\/media\/102845"}],"wp:attachment":[{"href":"https:\/\/www.hoymercedes.com.ar\/principal\/wp-json\/wp\/v2\/media?parent=102840"}],"wp:term":[{"taxonomy":"category","embeddable":true,"href":"https:\/\/www.hoymercedes.com.ar\/principal\/wp-json\/wp\/v2\/categories?post=102840"},{"taxonomy":"post_tag","embeddable":true,"href":"https:\/\/www.hoymercedes.com.ar\/principal\/wp-json\/wp\/v2\/tags?post=102840"}],"curies":[{"name":"wp","href":"https:\/\/api.w.org\/{rel}","templated":true}]}}