{"id":102841,"date":"2019-11-24T15:26:00","date_gmt":"2019-11-24T18:26:00","guid":{"rendered":"http:\/\/www.hoymercedes.com.ar\/principal\/?p=102841"},"modified":"2019-11-24T12:03:11","modified_gmt":"2019-11-24T15:03:11","slug":"diferentes-actividades-en-el-dia-contra-la-violencia-hacia-las-mujeres","status":"publish","type":"post","link":"https:\/\/www.hoymercedes.com.ar\/principal\/2019\/11\/24\/diferentes-actividades-en-el-dia-contra-la-violencia-hacia-las-mujeres\/","title":{"rendered":"Diferentes actividades en el D\u00eda contra la violencia hacia las mujeres"},"content":{"rendered":"\n<p>El  lunes 25 de noviembre se conmemora el D\u00eda Internacional de lucha contra la violencia hacia las mujeres. Desde el \u00e1rea que trabaja la tem\u00e1tica llevar\u00e1n adelante m\u00faltiples actividades que intentar\u00e1n concientizar y visibilizar esta problem\u00e1tica.<\/p>\n\n\n\n<p>La Coordinaci\u00f3n de g\u00e9nero del Municipio de Mercedes, Lic. Guadalupe Gonz\u00e1lez, inform\u00f3 \u201cvamos a estar este lunes 25, a las 10:30 de la ma\u00f1ana en la Plaza San Mart\u00edn cerrando un ciclo de talleres que viene llevando adelante un equipo de la Casa de La Mujer en las diferentes instituciones educativas de la ciudad\u201d y agreg\u00f3 \u201clos mismos fueron interactivos y tuvo como protagonistas a los j\u00f3venes, propon\u00eda cuestionamientos de estereotipos y roles de g\u00e9nero a trav\u00e9s de trabajos y reflexiones de los mimos participantes del taller\u201d.\u00a0\u00a0<\/p>\n\n\n\n<p>Conjuntamente, la Coordinadora, se\u00f1al\u00f3 \u201cnosotros creemos que es muy bueno el trabajo que se viene haciendo donde siempre apostamos a m\u00e1s y gracias al apoyo de la municipalidad vamos creciendo\u201d y agreg\u00f3 \u201cdurante este a\u00f1o generamos espacios de reflexi\u00f3n, cuestionamientos y espacios para poder hablar de este problema\u201d.<\/p>\n\n\n\n<p>Por otro lado, Gonz\u00e1lez indic\u00f3 \u00a0\u201ceste lunes estaremos mostrando todos los trabajos que hicieron los chicos, grafitis, im\u00e1genes, afiches que tiene mucho contenido visual,\u00a0 plasmados en la plaza. Y a su vez, compartiremos una jornada donde habr\u00e1 un escenario donde todos aquellos j\u00f3venes de entre 15 y 25 a\u00f1os \u2013escritores y m\u00fasicos-\u00a0 que quieran expresar su arte lo podr\u00e1n hacer\u201d. \u00a0\u00a0\u00a0<\/p>\n\n\n\n<p>Adem\u00e1s adelantaron que el 27 de noviembre se implementar\u00e1 un banco rojo contra la violencia de g\u00e9nero en la Comisar\u00eda de la Mujer y la Familia, mientras que el 28, en el Museo de Arte se har\u00e1 una jornada de lectura de relatos desde la hora 18. En tanto, en la tarde del s\u00e1bado \u00faltimo el Museo M\u00edguez fue escenario de una muestra que refleja las v\u00edctimas de femicidios. <\/p>\n\n\n\n<p><strong>Por qu\u00e9 el d\u00eda contra la violencia de g\u00e9nero es el 25 de noviembre<\/strong><\/p>\n\n\n\n<p>Desde 1981, Latinoam\u00e9rica conmemora cada 25 de noviembre el d\u00eda contra la violencia de g\u00e9nero. Los movimientos feministas de la regi\u00f3n, con una de las tasas m\u00e1s altas de violencia contra la mujer, acu\u00f1aron esa fecha en honor a las dominicanas Minerva, Patria y Mar\u00eda Teresa Mirabal, tres hermanas asesinadas el 25 de noviembre de 1960 por orden del dictador Rafael Le\u00f3nidas Trujillo, del que eran opositoras. A\u00f1os m\u00e1s tarde, en 1999, la ONU se sum\u00f3 a la jornada reivindicativa y declar\u00f3 cada 25 de noviembre D\u00eda Internacional para la Eliminaci\u00f3n de la Violencia contra la Mujer, en honor a las hermanas Mirabal.<\/p>\n\n\n\n<figure class=\"wp-block-image size-large\"><img loading=\"lazy\" decoding=\"async\" width=\"800\" height=\"456\" data-attachment-id=\"102843\" data-permalink=\"https:\/\/www.hoymercedes.com.ar\/principal\/2019\/11\/24\/diferentes-actividades-en-el-dia-contra-la-violencia-hacia-las-mujeres\/23-violencia-genero-dia\/#main\" data-orig-file=\"https:\/\/www.hoymercedes.com.ar\/principal\/wp-content\/uploads\/2019\/11\/23-Violencia-G\u00e9nero-Dia-.jpeg\" data-orig-size=\"800,456\" data-comments-opened=\"0\" data-image-meta=\"{&quot;aperture&quot;:&quot;0&quot;,&quot;credit&quot;:&quot;&quot;,&quot;camera&quot;:&quot;&quot;,&quot;caption&quot;:&quot;&quot;,&quot;created_timestamp&quot;:&quot;0&quot;,&quot;copyright&quot;:&quot;&quot;,&quot;focal_length&quot;:&quot;0&quot;,&quot;iso&quot;:&quot;0&quot;,&quot;shutter_speed&quot;:&quot;0&quot;,&quot;title&quot;:&quot;&quot;,&quot;orientation&quot;:&quot;0&quot;}\" data-image-title=\"23 Violencia-G\u00e9nero-Dia-\" data-image-description=\"\" data-image-caption=\"\" data-large-file=\"https:\/\/www.hoymercedes.com.ar\/principal\/wp-content\/uploads\/2019\/11\/23-Violencia-G\u00e9nero-Dia-.jpeg\" src=\"https:\/\/www.hoymercedes.com.ar\/principal\/wp-content\/uploads\/2019\/11\/23-Violencia-G\u00e9nero-Dia-.jpeg\" alt=\"\" class=\"wp-image-102843\"\/><\/figure>\n","protected":false},"excerpt":{"rendered":"<p>El lunes 25 de noviembre se conmemora el D\u00eda Internacional de lucha contra la violencia hacia las mujeres. Desde el &#8230; <a title=\"Diferentes actividades en el D\u00eda contra la violencia hacia las mujeres\" class=\"read-more\" href=\"https:\/\/www.hoymercedes.com.ar\/principal\/2019\/11\/24\/diferentes-actividades-en-el-dia-contra-la-violencia-hacia-las-mujeres\/\" aria-label=\"Leer m\u00e1s sobre Diferentes actividades en el D\u00eda contra la violencia hacia las mujeres\">Leer m\u00e1s<\/a><\/p>\n","protected":false},"author":1,"featured_media":102843,"comment_status":"closed","ping_status":"open","sticky":false,"template":"","format":"standard","meta":{"_monsterinsights_skip_tracking":false,"_monsterinsights_sitenote_active":false,"_monsterinsights_sitenote_note":"","_monsterinsights_sitenote_category":0,"jetpack_post_was_ever_published":false,"_jetpack_newsletter_access":"","_jetpack_dont_email_post_to_subs":false,"_jetpack_newsletter_tier_id":0,"_jetpack_memberships_contains_paywalled_content":false,"_jetpack_memberships_contains_paid_content":false,"footnotes":"","jetpack_publicize_message":"","jetpack_publicize_feature_enabled":true,"jetpack_social_post_already_shared":true,"jetpack_social_options":{"image_generator_settings":{"template":"highway","default_image_id":0,"font":"","enabled":false},"version":2},"_wpas_customize_per_network":false},"categories":[30],"tags":[2468,15947,10127,244,1475],"class_list":["post-102841","post","type-post","status-publish","format-standard","has-post-thumbnail","hentry","category-municipio","tag-actividades","tag-dia-contra-la-violencia-hacia-la-mujer","tag-mujeres","tag-municipio-2","tag-violencia-de-genero","generate-columns","tablet-grid-50","mobile-grid-100","grid-parent","grid-50"],"jetpack_publicize_connections":[],"jetpack_featured_media_url":"https:\/\/www.hoymercedes.com.ar\/principal\/wp-content\/uploads\/2019\/11\/23-Violencia-G\u00e9nero-Dia-.jpeg","wps_subtitle":"Para la corriente semana","jetpack_sharing_enabled":true,"_links":{"self":[{"href":"https:\/\/www.hoymercedes.com.ar\/principal\/wp-json\/wp\/v2\/posts\/102841","targetHints":{"allow":["GET"]}}],"collection":[{"href":"https:\/\/www.hoymercedes.com.ar\/principal\/wp-json\/wp\/v2\/posts"}],"about":[{"href":"https:\/\/www.hoymercedes.com.ar\/principal\/wp-json\/wp\/v2\/types\/post"}],"author":[{"embeddable":true,"href":"https:\/\/www.hoymercedes.com.ar\/principal\/wp-json\/wp\/v2\/users\/1"}],"replies":[{"embeddable":true,"href":"https:\/\/www.hoymercedes.com.ar\/principal\/wp-json\/wp\/v2\/comments?post=102841"}],"version-history":[{"count":0,"href":"https:\/\/www.hoymercedes.com.ar\/principal\/wp-json\/wp\/v2\/posts\/102841\/revisions"}],"wp:featuredmedia":[{"embeddable":true,"href":"https:\/\/www.hoymercedes.com.ar\/principal\/wp-json\/wp\/v2\/media\/102843"}],"wp:attachment":[{"href":"https:\/\/www.hoymercedes.com.ar\/principal\/wp-json\/wp\/v2\/media?parent=102841"}],"wp:term":[{"taxonomy":"category","embeddable":true,"href":"https:\/\/www.hoymercedes.com.ar\/principal\/wp-json\/wp\/v2\/categories?post=102841"},{"taxonomy":"post_tag","embeddable":true,"href":"https:\/\/www.hoymercedes.com.ar\/principal\/wp-json\/wp\/v2\/tags?post=102841"}],"curies":[{"name":"wp","href":"https:\/\/api.w.org\/{rel}","templated":true}]}}