{"id":102855,"date":"2019-11-23T19:48:00","date_gmt":"2019-11-23T22:48:00","guid":{"rendered":"http:\/\/www.hoymercedes.com.ar\/principal\/?p=102855"},"modified":"2019-11-24T12:01:34","modified_gmt":"2019-11-24T15:01:34","slug":"propuestas-para-el-rincon-de-nativas-ubicado-en-el-parque-municipal","status":"publish","type":"post","link":"https:\/\/www.hoymercedes.com.ar\/principal\/2019\/11\/23\/propuestas-para-el-rincon-de-nativas-ubicado-en-el-parque-municipal\/","title":{"rendered":"Propuestas para el rinc\u00f3n de nativas ubicado en el parque municipal"},"content":{"rendered":"\n<p>Por SOS H\u00e1bitat &#8211; Dadas las condiciones de brutalidad de c\u00f3mo se han tratado las plantas de especies nativas plantadas en el sector denominado \u00a8Rinc\u00f3n de nativas\u00a8declarado por el Concejo Deliberante , dentro del parque municipal nuevo en el predio del circuito, hemos pedido al municipio si es posible la construcci\u00f3n de un cerco que limite la posibilidad\u00a0del ingreso de autom\u00f3viles al predio ya que este ha sido el mayor problema del lugar.<\/p>\n\n\n\n<figure class=\"wp-block-image size-large\"><img loading=\"lazy\" decoding=\"async\" width=\"800\" height=\"670\" data-attachment-id=\"102857\" data-permalink=\"https:\/\/www.hoymercedes.com.ar\/principal\/2019\/11\/23\/propuestas-para-el-rincon-de-nativas-ubicado-en-el-parque-municipal\/23-sos-habitat-nativas2\/#main\" data-orig-file=\"https:\/\/www.hoymercedes.com.ar\/principal\/wp-content\/uploads\/2019\/11\/23-sos-habitat-nativas2.jpg\" data-orig-size=\"800,670\" data-comments-opened=\"0\" data-image-meta=\"{&quot;aperture&quot;:&quot;0&quot;,&quot;credit&quot;:&quot;&quot;,&quot;camera&quot;:&quot;&quot;,&quot;caption&quot;:&quot;&quot;,&quot;created_timestamp&quot;:&quot;0&quot;,&quot;copyright&quot;:&quot;&quot;,&quot;focal_length&quot;:&quot;0&quot;,&quot;iso&quot;:&quot;0&quot;,&quot;shutter_speed&quot;:&quot;0&quot;,&quot;title&quot;:&quot;&quot;,&quot;orientation&quot;:&quot;0&quot;}\" data-image-title=\"23 sos habitat nativas2\" data-image-description=\"\" data-image-caption=\"\" data-large-file=\"https:\/\/www.hoymercedes.com.ar\/principal\/wp-content\/uploads\/2019\/11\/23-sos-habitat-nativas2.jpg\" src=\"https:\/\/www.hoymercedes.com.ar\/principal\/wp-content\/uploads\/2019\/11\/23-sos-habitat-nativas2.jpg\" alt=\"\" class=\"wp-image-102857\"\/><\/figure>\n\n\n\n<p>Nos hemos permitido dise\u00f1arlo. Adem\u00e1s, ser\u00eda necesario poner carteler\u00eda que informe acerca de la importancia\u00a0de las especies nativas.<\/p>\n\n\n\n<p>Esto ha sido evaluado debido a que se realizan m\u00faltiples eventos en el parque y queremos proteger las especies y evitar el ingreso de veh\u00edculos\u00a0en esa \u00e1rea.En este \u00faltimo mes, personas han cortado el alambrado ya existente en el predio para poder pasar con autos y han roto las plantas antes mencionadas.<\/p>\n\n\n\n<p>Desde esta asociaci\u00f3n\u00a0siempre fue planteado el espacio para el libre esparcimiento entre las especies colocadas, pero como debemos reconocer, lamentablemente, que muchos ciudadanos no tienen reparo por los \u00e1rboles o el cuidado del parque en s\u00ed.\u00a0<\/p>\n\n\n\n<p>Tambi\u00e9n nos parece oportuno comentar la falta de control en el sitio ya que recorriendo la zona, vemos que se prende fuego en el lugar donde no hay zona habilitada\u00a0de parrilla cerca de los \u00e1rboles, y no se tiene conciencia de las graves consecuencias que se pueden ocasionar al prender fuego\u00a0en el suelo con tanto material org\u00e1nico altamente\u00a0combustible alrededor.<\/p>\n\n\n\n<figure class=\"wp-block-image size-large\"><img loading=\"lazy\" decoding=\"async\" width=\"800\" height=\"450\" data-attachment-id=\"102856\" data-permalink=\"https:\/\/www.hoymercedes.com.ar\/principal\/2019\/11\/23\/propuestas-para-el-rincon-de-nativas-ubicado-en-el-parque-municipal\/23-sos-habitat-nativas\/#main\" data-orig-file=\"https:\/\/www.hoymercedes.com.ar\/principal\/wp-content\/uploads\/2019\/11\/23-sos-habitat-nativas.jpg\" data-orig-size=\"800,450\" data-comments-opened=\"0\" data-image-meta=\"{&quot;aperture&quot;:&quot;0&quot;,&quot;credit&quot;:&quot;&quot;,&quot;camera&quot;:&quot;&quot;,&quot;caption&quot;:&quot;&quot;,&quot;created_timestamp&quot;:&quot;0&quot;,&quot;copyright&quot;:&quot;&quot;,&quot;focal_length&quot;:&quot;0&quot;,&quot;iso&quot;:&quot;0&quot;,&quot;shutter_speed&quot;:&quot;0&quot;,&quot;title&quot;:&quot;&quot;,&quot;orientation&quot;:&quot;0&quot;}\" data-image-title=\"23 sos habitat nativas\" data-image-description=\"\" data-image-caption=\"\" data-large-file=\"https:\/\/www.hoymercedes.com.ar\/principal\/wp-content\/uploads\/2019\/11\/23-sos-habitat-nativas.jpg\" src=\"https:\/\/www.hoymercedes.com.ar\/principal\/wp-content\/uploads\/2019\/11\/23-sos-habitat-nativas.jpg\" alt=\"\" class=\"wp-image-102856\"\/><\/figure>\n","protected":false},"excerpt":{"rendered":"<p>Por SOS H\u00e1bitat &#8211; Dadas las condiciones de brutalidad de c\u00f3mo se han tratado las plantas de especies nativas plantadas &#8230; <a title=\"Propuestas para el rinc\u00f3n de nativas ubicado en el parque municipal\" class=\"read-more\" href=\"https:\/\/www.hoymercedes.com.ar\/principal\/2019\/11\/23\/propuestas-para-el-rincon-de-nativas-ubicado-en-el-parque-municipal\/\" aria-label=\"Leer m\u00e1s sobre Propuestas para el rinc\u00f3n de nativas ubicado en el parque municipal\">Leer m\u00e1s<\/a><\/p>\n","protected":false},"author":1,"featured_media":102856,"comment_status":"closed","ping_status":"open","sticky":false,"template":"","format":"standard","meta":{"_monsterinsights_skip_tracking":false,"_monsterinsights_sitenote_active":false,"_monsterinsights_sitenote_note":"","_monsterinsights_sitenote_category":0,"jetpack_post_was_ever_published":false,"_jetpack_newsletter_access":"","_jetpack_dont_email_post_to_subs":false,"_jetpack_newsletter_tier_id":0,"_jetpack_memberships_contains_paywalled_content":false,"_jetpack_memberships_contains_paid_content":false,"footnotes":"","jetpack_publicize_message":"","jetpack_publicize_feature_enabled":true,"jetpack_social_post_already_shared":true,"jetpack_social_options":{"image_generator_settings":{"template":"highway","default_image_id":0,"font":"","enabled":false},"version":2},"_wpas_customize_per_network":false},"categories":[8],"tags":[15953,887],"class_list":["post-102855","post","type-post","status-publish","format-standard","has-post-thumbnail","hentry","category-sociedad","tag-bosque-nativas","tag-sos-habitat","generate-columns","tablet-grid-50","mobile-grid-100","grid-parent","grid-50"],"jetpack_publicize_connections":[],"jetpack_featured_media_url":"https:\/\/www.hoymercedes.com.ar\/principal\/wp-content\/uploads\/2019\/11\/23-sos-habitat-nativas.jpg","wps_subtitle":"Cuidado del medio ambiente","jetpack_sharing_enabled":true,"_links":{"self":[{"href":"https:\/\/www.hoymercedes.com.ar\/principal\/wp-json\/wp\/v2\/posts\/102855","targetHints":{"allow":["GET"]}}],"collection":[{"href":"https:\/\/www.hoymercedes.com.ar\/principal\/wp-json\/wp\/v2\/posts"}],"about":[{"href":"https:\/\/www.hoymercedes.com.ar\/principal\/wp-json\/wp\/v2\/types\/post"}],"author":[{"embeddable":true,"href":"https:\/\/www.hoymercedes.com.ar\/principal\/wp-json\/wp\/v2\/users\/1"}],"replies":[{"embeddable":true,"href":"https:\/\/www.hoymercedes.com.ar\/principal\/wp-json\/wp\/v2\/comments?post=102855"}],"version-history":[{"count":0,"href":"https:\/\/www.hoymercedes.com.ar\/principal\/wp-json\/wp\/v2\/posts\/102855\/revisions"}],"wp:featuredmedia":[{"embeddable":true,"href":"https:\/\/www.hoymercedes.com.ar\/principal\/wp-json\/wp\/v2\/media\/102856"}],"wp:attachment":[{"href":"https:\/\/www.hoymercedes.com.ar\/principal\/wp-json\/wp\/v2\/media?parent=102855"}],"wp:term":[{"taxonomy":"category","embeddable":true,"href":"https:\/\/www.hoymercedes.com.ar\/principal\/wp-json\/wp\/v2\/categories?post=102855"},{"taxonomy":"post_tag","embeddable":true,"href":"https:\/\/www.hoymercedes.com.ar\/principal\/wp-json\/wp\/v2\/tags?post=102855"}],"curies":[{"name":"wp","href":"https:\/\/api.w.org\/{rel}","templated":true}]}}