{"id":102876,"date":"2019-11-24T12:30:00","date_gmt":"2019-11-24T15:30:00","guid":{"rendered":"http:\/\/www.hoymercedes.com.ar\/principal\/?p=102876"},"modified":"2019-11-24T13:03:08","modified_gmt":"2019-11-24T16:03:08","slug":"el-colegio-de-arquitectos-realizo-su-asamblea-anual","status":"publish","type":"post","link":"https:\/\/www.hoymercedes.com.ar\/principal\/2019\/11\/24\/el-colegio-de-arquitectos-realizo-su-asamblea-anual\/","title":{"rendered":"El Colegio de Arquitectos realiz\u00f3 su asamblea anual"},"content":{"rendered":"\n<p> El d\u00eda 20 de noviembre, el Colegio de Arquitectos -Distrito 5, al cual nuestra ciudad comprende,\u00a0realiz\u00f3\u00a0la\u00a0\u00a0Asamblea anual ordinaria correspondiente al Ejercicio N\u00b0 33.<\/p>\n\n\n\n<p>Se encontraron\u00a0presentes, la Mesa Directiva del Distrito, Presidente Arq. Jorge Garc\u00eda, Tesorera Arq. M. Fernanda Iparraguirre, Secretaria Arq. Alicia M. Arata, el Vocal al Consejo Superior, Arq. Jos\u00e9 Mar\u00eda Serpi, los Asesores Legal, Dr. Pablo Guidi y Contables, Contadores Aldo Pissinis y Mart\u00edn Romero, y un total de 63 matriculados.\u00a0 <\/p>\n\n\n\n<figure class=\"wp-block-image size-large\"><img loading=\"lazy\" decoding=\"async\" width=\"800\" height=\"517\" data-attachment-id=\"102878\" data-permalink=\"https:\/\/www.hoymercedes.com.ar\/principal\/2019\/11\/24\/el-colegio-de-arquitectos-realizo-su-asamblea-anual\/24-arquitectos-2\/#main\" data-orig-file=\"https:\/\/www.hoymercedes.com.ar\/principal\/wp-content\/uploads\/2019\/11\/24-arquitectos-2.jpeg\" data-orig-size=\"800,517\" data-comments-opened=\"0\" data-image-meta=\"{&quot;aperture&quot;:&quot;0&quot;,&quot;credit&quot;:&quot;&quot;,&quot;camera&quot;:&quot;&quot;,&quot;caption&quot;:&quot;&quot;,&quot;created_timestamp&quot;:&quot;0&quot;,&quot;copyright&quot;:&quot;&quot;,&quot;focal_length&quot;:&quot;0&quot;,&quot;iso&quot;:&quot;0&quot;,&quot;shutter_speed&quot;:&quot;0&quot;,&quot;title&quot;:&quot;&quot;,&quot;orientation&quot;:&quot;0&quot;}\" data-image-title=\"24 arquitectos 2\" data-image-description=\"\" data-image-caption=\"\" data-large-file=\"https:\/\/www.hoymercedes.com.ar\/principal\/wp-content\/uploads\/2019\/11\/24-arquitectos-2.jpeg\" src=\"https:\/\/www.hoymercedes.com.ar\/principal\/wp-content\/uploads\/2019\/11\/24-arquitectos-2.jpeg\" alt=\"\" class=\"wp-image-102878\"\/><\/figure>\n\n\n\n<p>\n\nEn primer t\u00e9rmino el presidente, Arq. Garc\u00eda, inform\u00f3 sobre&nbsp;los resultados de los recientes comicios siendo la lista bord\u00f3 la que ha sido ganadora. El Arq. Garc\u00eda destaca y agradece a los Colegas la tranquilidad y transparencia con la que se llevaron a cabo los comicios.<\/p>\n\n\n\n<p>Luego se da comienzo al punto 1 del Orden del D\u00eda: Memoria. El presidente hace un pr\u00f3logo para presentar la s\u00edntesis del periodo actuado a trav\u00e9s de un audiovisual con representantes de cada espacio, agradeciendo y felicitando a los mismos por el desempe\u00f1o de cada uno.&nbsp;<\/p>\n\n\n\n<p>Habiendo finalizado la descripci\u00f3n de la Memoria, toma la palabra la Tesorera, Arq. Mar\u00eda Fernanda Iparraguirre quien desarrolla el Balance Econ\u00f3mico distrital ,ajustado por inflaci\u00f3n.<\/p>\n\n\n\n<p> Se somete a votaci\u00f3n la Memoria y Balance, siendo los resultados: por afirmativo 57, por la negativa 5 y 1 abstenci\u00f3n.\u00a0Uno de los votos negativos\u00a0fue el del Arq. Rodolfo Maldonado de la ciudad de Campana, candidato a presidente por la lista Naranja, Azul y Blanco que perdi\u00f3 la pasada elecci\u00f3n frente a la lista Bord\u00f3, encabezada por el Arq. Jos\u00e9 Mar\u00eda Serpi. De todos modos la ciudad de Campana estar\u00e1 representada en el Consejo Directivo Distrital por el Arq. Horacio \u00c1lvarez, como vocal y por el saliente presidente Arq. Jorge Alberto Garc\u00eda, quien ser\u00e1 Delegado al Consejo Superior.<\/p>\n\n\n\n<figure class=\"wp-block-image size-large\"><img loading=\"lazy\" decoding=\"async\" width=\"800\" height=\"523\" data-attachment-id=\"102877\" data-permalink=\"https:\/\/www.hoymercedes.com.ar\/principal\/2019\/11\/24\/el-colegio-de-arquitectos-realizo-su-asamblea-anual\/24-arquitectos-1\/#main\" data-orig-file=\"https:\/\/www.hoymercedes.com.ar\/principal\/wp-content\/uploads\/2019\/11\/24-arquitectos-1.jpeg\" data-orig-size=\"800,523\" data-comments-opened=\"0\" data-image-meta=\"{&quot;aperture&quot;:&quot;0&quot;,&quot;credit&quot;:&quot;&quot;,&quot;camera&quot;:&quot;&quot;,&quot;caption&quot;:&quot;&quot;,&quot;created_timestamp&quot;:&quot;0&quot;,&quot;copyright&quot;:&quot;&quot;,&quot;focal_length&quot;:&quot;0&quot;,&quot;iso&quot;:&quot;0&quot;,&quot;shutter_speed&quot;:&quot;0&quot;,&quot;title&quot;:&quot;&quot;,&quot;orientation&quot;:&quot;0&quot;}\" data-image-title=\"24 arquitectos 1\" data-image-description=\"\" data-image-caption=\"\" data-large-file=\"https:\/\/www.hoymercedes.com.ar\/principal\/wp-content\/uploads\/2019\/11\/24-arquitectos-1.jpeg\" src=\"https:\/\/www.hoymercedes.com.ar\/principal\/wp-content\/uploads\/2019\/11\/24-arquitectos-1.jpeg\" alt=\"\" class=\"wp-image-102877\"\/><\/figure>\n\n\n\n<p>Seguidamente, el Arq. Garc\u00eda convoca al Arq. Jos\u00e9 Serpi como nuevo presidente electo, quien toma la palabra y detalla a continuaci\u00f3n el Presupuesto de Gastos y Recursos para el pr\u00f3ximo per\u00edodo.<\/p>\n\n\n\n<p>Antes de continuar con la votaci\u00f3n del Presupuesto, el Arq. Garc\u00eda interviene para recordar y reconocer al Presidente fallecido, Arq. Daniel Moreno, con quien dio inicio a\u00f1os atr\u00e1s a esta nueva etapa en los cambios del Distrito, destacando que como Delegado al Consejo Superior se compromete a informar lo sucedido en cada reuni\u00f3n para que la matricula est\u00e9 al tanto, exigiendo que se revea el r\u00e9gimen de co-participaci\u00f3n y que cada Distrito tenga personer\u00eda Jur\u00eddica.&nbsp;<\/p>\n\n\n\n<p>Luego, en relaci\u00f3n al Presupuesto, el Arq. Serpi\u00a0expresa que considerando la situaci\u00f3n de incertidumbre que atraviesa el pa\u00eds, se tomar\u00e1 una postura conservadora.\u00a0El Presupuesto entonces se aprueba por 62 votos afirmativos y 1 negativo.<\/p>\n\n\n\n<p>\n\nToma la palabra la Arq. Arata para poner a consideraci\u00f3n el Punto 3 quien informa a los presentes que es deseo de la Mesa Directiva mantener en los mismos valores la matr\u00edcula y la CEP.&nbsp;Se somete a votaci\u00f3n y se aprueba por unanimidad mantener mismos valores de CEP y Matr\u00edcula.<\/p>\n\n\n\n<p>Sin otras consideraciones al respecto, el Arq. Jorge Garc\u00eda, da por finalizada la Asamblea Anual Ordinaria del Distrito V del Colegio de Arquitectos de la Provincia de Buenos Aires, correspondiente al Ejercicio N\u00b0 33.\n\n<\/p>\n","protected":false},"excerpt":{"rendered":"<p>El d\u00eda 20 de noviembre, el Colegio de Arquitectos -Distrito 5, al cual nuestra ciudad comprende,\u00a0realiz\u00f3\u00a0la\u00a0\u00a0Asamblea anual ordinaria correspondiente al &#8230; <a title=\"El Colegio de Arquitectos realiz\u00f3 su asamblea anual\" class=\"read-more\" href=\"https:\/\/www.hoymercedes.com.ar\/principal\/2019\/11\/24\/el-colegio-de-arquitectos-realizo-su-asamblea-anual\/\" aria-label=\"Leer m\u00e1s sobre El Colegio de Arquitectos realiz\u00f3 su asamblea anual\">Leer m\u00e1s<\/a><\/p>\n","protected":false},"author":1,"featured_media":102877,"comment_status":"closed","ping_status":"open","sticky":false,"template":"","format":"standard","meta":{"_monsterinsights_skip_tracking":false,"_monsterinsights_sitenote_active":false,"_monsterinsights_sitenote_note":"","_monsterinsights_sitenote_category":0,"jetpack_post_was_ever_published":false,"_jetpack_newsletter_access":"","_jetpack_dont_email_post_to_subs":false,"_jetpack_newsletter_tier_id":0,"_jetpack_memberships_contains_paywalled_content":false,"_jetpack_memberships_contains_paid_content":false,"footnotes":"","jetpack_publicize_message":"","jetpack_publicize_feature_enabled":true,"jetpack_social_post_already_shared":true,"jetpack_social_options":{"image_generator_settings":{"template":"highway","default_image_id":0,"font":"","enabled":false},"version":2},"_wpas_customize_per_network":false},"categories":[8],"tags":[15954,6816],"class_list":["post-102876","post","type-post","status-publish","format-standard","has-post-thumbnail","hentry","category-sociedad","tag-asamblea-anual","tag-colegio-de-arquitectos","generate-columns","tablet-grid-50","mobile-grid-100","grid-parent","grid-50"],"jetpack_publicize_connections":[],"jetpack_featured_media_url":"https:\/\/www.hoymercedes.com.ar\/principal\/wp-content\/uploads\/2019\/11\/24-arquitectos-1.jpeg","wps_subtitle":"D\u00edas atr\u00e1s","jetpack_sharing_enabled":true,"_links":{"self":[{"href":"https:\/\/www.hoymercedes.com.ar\/principal\/wp-json\/wp\/v2\/posts\/102876","targetHints":{"allow":["GET"]}}],"collection":[{"href":"https:\/\/www.hoymercedes.com.ar\/principal\/wp-json\/wp\/v2\/posts"}],"about":[{"href":"https:\/\/www.hoymercedes.com.ar\/principal\/wp-json\/wp\/v2\/types\/post"}],"author":[{"embeddable":true,"href":"https:\/\/www.hoymercedes.com.ar\/principal\/wp-json\/wp\/v2\/users\/1"}],"replies":[{"embeddable":true,"href":"https:\/\/www.hoymercedes.com.ar\/principal\/wp-json\/wp\/v2\/comments?post=102876"}],"version-history":[{"count":0,"href":"https:\/\/www.hoymercedes.com.ar\/principal\/wp-json\/wp\/v2\/posts\/102876\/revisions"}],"wp:featuredmedia":[{"embeddable":true,"href":"https:\/\/www.hoymercedes.com.ar\/principal\/wp-json\/wp\/v2\/media\/102877"}],"wp:attachment":[{"href":"https:\/\/www.hoymercedes.com.ar\/principal\/wp-json\/wp\/v2\/media?parent=102876"}],"wp:term":[{"taxonomy":"category","embeddable":true,"href":"https:\/\/www.hoymercedes.com.ar\/principal\/wp-json\/wp\/v2\/categories?post=102876"},{"taxonomy":"post_tag","embeddable":true,"href":"https:\/\/www.hoymercedes.com.ar\/principal\/wp-json\/wp\/v2\/tags?post=102876"}],"curies":[{"name":"wp","href":"https:\/\/api.w.org\/{rel}","templated":true}]}}