{"id":102883,"date":"2019-11-24T14:03:00","date_gmt":"2019-11-24T17:03:00","guid":{"rendered":"http:\/\/www.hoymercedes.com.ar\/principal\/?p=102883"},"modified":"2019-11-24T15:26:42","modified_gmt":"2019-11-24T18:26:42","slug":"exposicion-de-cuadros-arte-terapia-ii-en-el-sapec","status":"publish","type":"post","link":"https:\/\/www.hoymercedes.com.ar\/principal\/2019\/11\/24\/exposicion-de-cuadros-arte-terapia-ii-en-el-sapec\/","title":{"rendered":"Exposici\u00f3n de cuadros: Arte Terapia II en el SAPEC"},"content":{"rendered":"\n<p>En las \u00faltimas horas de la tarde del viernes pasado, la Sala de Atenci\u00f3n a Personas con Enfermedades Cr\u00f3nicas (SAPEC) del Hospital Blas L. Dubarry fue epicentro de la inauguraci\u00f3n de la muestra de pinturas del Taller Picasso titulada Arte Terapia II, obras que fueron donadas por los artistas pl\u00e1sticos para que decoren las paredes de la sala de atenci\u00f3n m\u00e9dica. <\/p>\n\n\n\n<figure class=\"wp-block-image size-large\"><img loading=\"lazy\" decoding=\"async\" width=\"780\" height=\"520\" data-attachment-id=\"102884\" data-permalink=\"https:\/\/www.hoymercedes.com.ar\/principal\/2019\/11\/24\/exposicion-de-cuadros-arte-terapia-ii-en-el-sapec\/24-artes-sapec-2\/#main\" data-orig-file=\"https:\/\/www.hoymercedes.com.ar\/principal\/wp-content\/uploads\/2019\/11\/24-artes-sapec-2.jpg\" data-orig-size=\"780,520\" data-comments-opened=\"0\" data-image-meta=\"{&quot;aperture&quot;:&quot;0&quot;,&quot;credit&quot;:&quot;&quot;,&quot;camera&quot;:&quot;&quot;,&quot;caption&quot;:&quot;&quot;,&quot;created_timestamp&quot;:&quot;0&quot;,&quot;copyright&quot;:&quot;&quot;,&quot;focal_length&quot;:&quot;0&quot;,&quot;iso&quot;:&quot;0&quot;,&quot;shutter_speed&quot;:&quot;0&quot;,&quot;title&quot;:&quot;&quot;,&quot;orientation&quot;:&quot;0&quot;}\" data-image-title=\"24 artes sapec 2\" data-image-description=\"\" data-image-caption=\"\" data-large-file=\"https:\/\/www.hoymercedes.com.ar\/principal\/wp-content\/uploads\/2019\/11\/24-artes-sapec-2.jpg\" src=\"https:\/\/www.hoymercedes.com.ar\/principal\/wp-content\/uploads\/2019\/11\/24-artes-sapec-2.jpg\" alt=\"\" class=\"wp-image-102884\"\/><\/figure>\n\n\n\n<p>El acto inaugural se dio en las instalaciones del SAPEC a cargo de la m\u00e9dica a cargo de la sala. La Dra. Marina Geracitano, acompa\u00f1ada de integrantes del equipo directivo del Hospital Dubarry, la Dra. Mariana Cerioto y la lic. Liliana Gil, agradecieron la iniciativa del Taller de Arte que dirige la artista pl\u00e1stica Natalia Ochoa. <\/p>\n\n\n\n<p>Ante los presentes, tambi\u00e9n la Dra. Geracitano present\u00f3 el equipo de m\u00e9dicos y trabajadores de la salud que integran el equipo de SAPEC. \u00abEstamos muy contentos desde el SAPEC y el Hospital Dubarry poder darles este espacio para que puedan exponer estas obras. El a\u00f1o pasado ya estuvieron, y este se ampl\u00eda la participaci\u00f3n de los estudiantes. Para la salud, el arte es terapia y es una disciplina que est\u00e1 creciendo a largo del mundo habiendo congresos en distintos pa\u00edses\u00bb, expres\u00f3 la doctora instando a que sea mayor el desarrollo local que unifique el aspecto art\u00edstico de las personas con su salud. <\/p>\n\n\n\n<p>\u00abEl concepto en salud del artes es porque sana en todo sentido. Sana a quien lo piensa, sana a quien lo hace y sana a quien lo mire. Es una cosa m\u00e1s que hacemos para sanar que es la misi\u00f3n que tenemos\u00bb, explic\u00f3 la Dra. Cerioto y reiter\u00f3 el agradecimiento a los autores de los cuadros donados al SAPEC. <\/p>\n\n\n\n<figure class=\"wp-block-image size-large\"><img loading=\"lazy\" decoding=\"async\" width=\"780\" height=\"520\" data-attachment-id=\"102885\" data-permalink=\"https:\/\/www.hoymercedes.com.ar\/principal\/2019\/11\/24\/exposicion-de-cuadros-arte-terapia-ii-en-el-sapec\/24-artes-sapec-4\/#main\" data-orig-file=\"https:\/\/www.hoymercedes.com.ar\/principal\/wp-content\/uploads\/2019\/11\/24-artes-sapec-4.jpg\" data-orig-size=\"780,520\" data-comments-opened=\"0\" data-image-meta=\"{&quot;aperture&quot;:&quot;0&quot;,&quot;credit&quot;:&quot;&quot;,&quot;camera&quot;:&quot;&quot;,&quot;caption&quot;:&quot;&quot;,&quot;created_timestamp&quot;:&quot;0&quot;,&quot;copyright&quot;:&quot;&quot;,&quot;focal_length&quot;:&quot;0&quot;,&quot;iso&quot;:&quot;0&quot;,&quot;shutter_speed&quot;:&quot;0&quot;,&quot;title&quot;:&quot;&quot;,&quot;orientation&quot;:&quot;0&quot;}\" data-image-title=\"24 artes sapec 4\" data-image-description=\"\" data-image-caption=\"\" data-large-file=\"https:\/\/www.hoymercedes.com.ar\/principal\/wp-content\/uploads\/2019\/11\/24-artes-sapec-4.jpg\" src=\"https:\/\/www.hoymercedes.com.ar\/principal\/wp-content\/uploads\/2019\/11\/24-artes-sapec-4.jpg\" alt=\"\" class=\"wp-image-102885\"\/><\/figure>\n\n\n\n<p>Por su parte, la profesora de artes visuales, Natalia Ochoa, cont\u00f3 que hace seis a\u00f1os est\u00e1 el taller y que desde hace algunos a\u00f1os, algunas de las obras son donadas al Hospital Dubarry para decorar distintas salas. \u00abEste a\u00f1o, los cuadros de esta muestra quedar\u00e1n como exposici\u00f3n permanente en el SAPEC. Todo lo que ven fue pintado durante el a\u00f1o bajo la consigna que los cuadros tuvieran color. La idea era que transmitieran con el color y las texturas algo beneficioso para la salud de las personas que iban a dialogar con la obra. Los cuadros quedar\u00e1n aqu\u00ed, para que todo aquel que pase por este lugar pueda apreciar el trabajo que hicimos\u00bb, resalt\u00f3 la artista pl\u00e1stica y fot\u00f3grafa. <\/p>\n\n\n\n<p>Los alumnos del taller que dirige Natalia Ochoa y exponen en esta oportunidad son: Norma Bra\u00f1as, Mario Grignoli, Andrea Piperno, Mercedes Rapallini, Graciela Apa, Graciela Pisoni, Susana Del Buono, Nora Rodriguez, Mar\u00eda Marta Gonz\u00e1lez, Bea Zunino, Ana Mar\u00eda Moreno, Marcela Pozzuoli, Viviane Osmarin y Mauricio Garc\u00eda<\/p>\n\n\n\n<figure class=\"wp-block-image size-large\"><img loading=\"lazy\" decoding=\"async\" width=\"780\" height=\"520\" data-attachment-id=\"102886\" data-permalink=\"https:\/\/www.hoymercedes.com.ar\/principal\/2019\/11\/24\/exposicion-de-cuadros-arte-terapia-ii-en-el-sapec\/24-artes-sapec-5\/#main\" data-orig-file=\"https:\/\/www.hoymercedes.com.ar\/principal\/wp-content\/uploads\/2019\/11\/24-artes-sapec-5.jpg\" data-orig-size=\"780,520\" data-comments-opened=\"0\" data-image-meta=\"{&quot;aperture&quot;:&quot;0&quot;,&quot;credit&quot;:&quot;&quot;,&quot;camera&quot;:&quot;&quot;,&quot;caption&quot;:&quot;&quot;,&quot;created_timestamp&quot;:&quot;0&quot;,&quot;copyright&quot;:&quot;&quot;,&quot;focal_length&quot;:&quot;0&quot;,&quot;iso&quot;:&quot;0&quot;,&quot;shutter_speed&quot;:&quot;0&quot;,&quot;title&quot;:&quot;&quot;,&quot;orientation&quot;:&quot;0&quot;}\" data-image-title=\"24 artes sapec 5\" data-image-description=\"\" data-image-caption=\"\" data-large-file=\"https:\/\/www.hoymercedes.com.ar\/principal\/wp-content\/uploads\/2019\/11\/24-artes-sapec-5.jpg\" src=\"https:\/\/www.hoymercedes.com.ar\/principal\/wp-content\/uploads\/2019\/11\/24-artes-sapec-5.jpg\" alt=\"\" class=\"wp-image-102886\"\/><\/figure>\n","protected":false},"excerpt":{"rendered":"<p>En las \u00faltimas horas de la tarde del viernes pasado, la Sala de Atenci\u00f3n a Personas con Enfermedades Cr\u00f3nicas (SAPEC) &#8230; <a title=\"Exposici\u00f3n de cuadros: Arte Terapia II en el SAPEC\" class=\"read-more\" href=\"https:\/\/www.hoymercedes.com.ar\/principal\/2019\/11\/24\/exposicion-de-cuadros-arte-terapia-ii-en-el-sapec\/\" aria-label=\"Leer m\u00e1s sobre Exposici\u00f3n de cuadros: Arte Terapia II en el SAPEC\">Leer m\u00e1s<\/a><\/p>\n","protected":false},"author":1,"featured_media":102886,"comment_status":"closed","ping_status":"open","sticky":false,"template":"","format":"standard","meta":{"_monsterinsights_skip_tracking":false,"_monsterinsights_sitenote_active":false,"_monsterinsights_sitenote_note":"","_monsterinsights_sitenote_category":0,"jetpack_post_was_ever_published":false,"_jetpack_newsletter_access":"","_jetpack_dont_email_post_to_subs":false,"_jetpack_newsletter_tier_id":0,"_jetpack_memberships_contains_paywalled_content":false,"_jetpack_memberships_contains_paid_content":false,"footnotes":"","jetpack_publicize_message":"","jetpack_publicize_feature_enabled":true,"jetpack_social_post_already_shared":true,"jetpack_social_options":{"image_generator_settings":{"template":"highway","default_image_id":0,"font":"","enabled":false},"version":2},"_wpas_customize_per_network":false},"categories":[104],"tags":[8890,7805,9056,13798],"class_list":["post-102883","post","type-post","status-publish","format-standard","has-post-thumbnail","hentry","category-cultura","tag-artes-plasticas","tag-cultura","tag-pintura","tag-sapec","generate-columns","tablet-grid-50","mobile-grid-100","grid-parent","grid-50"],"jetpack_publicize_connections":[],"jetpack_featured_media_url":"https:\/\/www.hoymercedes.com.ar\/principal\/wp-content\/uploads\/2019\/11\/24-artes-sapec-5.jpg","wps_subtitle":"Inaugurado el viernes","jetpack_sharing_enabled":true,"_links":{"self":[{"href":"https:\/\/www.hoymercedes.com.ar\/principal\/wp-json\/wp\/v2\/posts\/102883","targetHints":{"allow":["GET"]}}],"collection":[{"href":"https:\/\/www.hoymercedes.com.ar\/principal\/wp-json\/wp\/v2\/posts"}],"about":[{"href":"https:\/\/www.hoymercedes.com.ar\/principal\/wp-json\/wp\/v2\/types\/post"}],"author":[{"embeddable":true,"href":"https:\/\/www.hoymercedes.com.ar\/principal\/wp-json\/wp\/v2\/users\/1"}],"replies":[{"embeddable":true,"href":"https:\/\/www.hoymercedes.com.ar\/principal\/wp-json\/wp\/v2\/comments?post=102883"}],"version-history":[{"count":0,"href":"https:\/\/www.hoymercedes.com.ar\/principal\/wp-json\/wp\/v2\/posts\/102883\/revisions"}],"wp:featuredmedia":[{"embeddable":true,"href":"https:\/\/www.hoymercedes.com.ar\/principal\/wp-json\/wp\/v2\/media\/102886"}],"wp:attachment":[{"href":"https:\/\/www.hoymercedes.com.ar\/principal\/wp-json\/wp\/v2\/media?parent=102883"}],"wp:term":[{"taxonomy":"category","embeddable":true,"href":"https:\/\/www.hoymercedes.com.ar\/principal\/wp-json\/wp\/v2\/categories?post=102883"},{"taxonomy":"post_tag","embeddable":true,"href":"https:\/\/www.hoymercedes.com.ar\/principal\/wp-json\/wp\/v2\/tags?post=102883"}],"curies":[{"name":"wp","href":"https:\/\/api.w.org\/{rel}","templated":true}]}}