{"id":102905,"date":"2019-11-25T10:38:05","date_gmt":"2019-11-25T13:38:05","guid":{"rendered":"http:\/\/www.hoymercedes.com.ar\/principal\/?p=102905"},"modified":"2019-11-25T10:40:57","modified_gmt":"2019-11-25T13:40:57","slug":"club-mercedes-volvio-a-vencer-a-los-carteros-y-se-consagro-campeon-por-22-vez","status":"publish","type":"post","link":"https:\/\/www.hoymercedes.com.ar\/principal\/2019\/11\/25\/club-mercedes-volvio-a-vencer-a-los-carteros-y-se-consagro-campeon-por-22-vez\/","title":{"rendered":"Club Mercedes volvi\u00f3 a vencer a Los Carteros y se consagr\u00f3 campe\u00f3n por 22\u00b0 vez"},"content":{"rendered":"\n<p>Termin\u00f3 la temporada de la Liga Mercedina mucho antes que a\u00f1os anteriores y nuevamente fue Club Mercedes el que dio la vuelta ol\u00edmpica. El Blanquinegro venci\u00f3 1 a 0 a Los Carteros en la final de vuelta y con el global 2 a 0, se qued\u00f3 con el m\u00e1ximo t\u00edtulo del f\u00fatbol local por vigesimosegunda vez. Si se suman los tres que obtuvo en la fusi\u00f3n con Del Progreso, alcanza los 25. El \u00fanico gol del partido lo marc\u00f3 Nicol\u00e1s Contardi a los siete minutos del segundo tiempo.<\/p>\n\n\n\n<figure class=\"wp-block-image size-large\"><img loading=\"lazy\" decoding=\"async\" width=\"1032\" height=\"774\" data-attachment-id=\"102911\" data-permalink=\"https:\/\/www.hoymercedes.com.ar\/principal\/2019\/11\/25\/club-mercedes-volvio-a-vencer-a-los-carteros-y-se-consagro-campeon-por-22-vez\/whatsapp-image-2019-11-24-at-19-57-13-2-1\/#main\" data-orig-file=\"https:\/\/www.hoymercedes.com.ar\/principal\/wp-content\/uploads\/2019\/11\/WhatsApp-Image-2019-11-24-at-19.57.13-2-1.jpeg\" data-orig-size=\"1032,774\" data-comments-opened=\"0\" data-image-meta=\"{&quot;aperture&quot;:&quot;0&quot;,&quot;credit&quot;:&quot;&quot;,&quot;camera&quot;:&quot;&quot;,&quot;caption&quot;:&quot;&quot;,&quot;created_timestamp&quot;:&quot;0&quot;,&quot;copyright&quot;:&quot;&quot;,&quot;focal_length&quot;:&quot;0&quot;,&quot;iso&quot;:&quot;0&quot;,&quot;shutter_speed&quot;:&quot;0&quot;,&quot;title&quot;:&quot;&quot;,&quot;orientation&quot;:&quot;0&quot;}\" data-image-title=\"WhatsApp-Image-2019-11-24-at-19.57.13-2-1\" data-image-description=\"\" data-image-caption=\"\" data-large-file=\"https:\/\/www.hoymercedes.com.ar\/principal\/wp-content\/uploads\/2019\/11\/WhatsApp-Image-2019-11-24-at-19.57.13-2-1.jpeg\" src=\"https:\/\/www.hoymercedes.com.ar\/principal\/wp-content\/uploads\/2019\/11\/WhatsApp-Image-2019-11-24-at-19.57.13-2-1.jpeg\" alt=\"\" class=\"wp-image-102911\"\/><\/figure>\n\n\n\n<p>Con un estadio colmado salieron a la cancha los dos equipos, que brindaron un buen espect\u00e1culo de f\u00fatbol que no tuvo una gran cantidad de situaciones de peligro, pero que las que ocurrieron, fueron certeras. El conjunto de Carlos Molina ten\u00eda que ganar al menos por la m\u00ednima, mientras que el de Walter D\u00edaz con el empate se coronaba. Sin embargo, el que ten\u00eda la pelota era Mercedes, mientras que Los Carteros esperaban para salir r\u00e1pido de contragolpe.<\/p>\n\n\n\n<p>La primera situaci\u00f3n fue para Mercedes, que tras un tiro libre. La pelota pas\u00f3 por entre las piernas de todos los jugadores y le peg\u00f3 a Lucas Picone, quien no lleg\u00f3 poder rematar, terminando todo en un saque de arco. Luego, se vino la primera contra aurinegra cuando Nicol\u00e1s Montengro logr\u00f3 conectar con Mauro Sigona para que el delantero entre al \u00e1rea y remate fuerte, pero Juan Bidone la sac\u00f3 al corner.<\/p>\n\n\n\n<p>Minutos despu\u00e9s lleg\u00f3 la respuesta de Mercedes, cuando un pelotazo habilit\u00f3 a Agust\u00edn Juanicotena, quien domin\u00f3 el juego y cuando entr\u00f3 al \u00e1rea remat\u00f3 fuerte, pero la bocha dio en el travesa\u00f1o y se fue a la popular. Por el medio entraba un solitario Espil que se qued\u00f3 reclamando a su compa\u00f1ero. El dominio del juego era del futuro campe\u00f3n, mientras que los ex Comunicaciones abusaban de pelotazos frontales que resolv\u00edan en forma simple Gatti y Picone. Un tiro libre desde la izquierda ejecutado por Nicol\u00e1s Montenegro desde 45 metros fue directo al arco y casi se le mete en el \u00e1ngulo a Bidone, que primero fue a buscar el centro y cuando vio que la pelota ten\u00eda destino de red, retrocedi\u00f3 hasta chocar contra el poste.<\/p>\n\n\n\n<p>El primer tiempo se iba sin emociones, pero con la final abierta. En el complemento, las cosas comenzaron iguales y tras un corner desde la derecha, la defensa de Los Carteros no la pudo sacar del \u00e1rea chica y entonces fue Nicol\u00e1s Contardi quien la encontr\u00f3 y remat\u00f3 en forma potente para poner el 1 a 0 que empezaba a sentenciar la historia. Si bien faltaba mucho, la falta de juego del rival hac\u00eda pensar que era cosa juzgada.<\/p>\n\n\n\n<p>A partir de ah\u00ed el juego se hizo algo friccionado, no abundaron las situaciones de peligro y el partido entr\u00f3 en una meseta hasta que Jonatan Bartolomeo, que hac\u00eda unos minutos hab\u00eda querido golpear a un compa\u00f1ero, le dio una fuerte patada a Leandro Filippini y vio la roja. No contento con eso, el jugador de Los Carteros intent\u00f3 golpear al \u00e1rbitro, pero \u00e9ste, r\u00e1pido de reflejos, esquiv\u00f3 el golpe. Luego de algunos minutos de sosobra, el partido se continu\u00f3 jugando.<\/p>\n\n\n\n<p>Mercedes lo empez\u00f3 a controlar, fue gastando el tiempo y reci\u00e9n sobre el final Los Carteros mejoraron su juego. Mauro Sigona hizo una gran jugada individual saliendo desde campo propio y asisti\u00f3 a Wilson Alcaraz, de flojo partido, pero este no logr\u00f3 posicionar bien su cuerpo y remat\u00f3 mal. Los cambios que hizo Los Carteros no dieron resultado para torcer la historia, mientras que Mercedes oxigen\u00f3 la delantera, teniendo en cuenta que el rival defend\u00eda con pocos futbolistas. Los minutos se fueron consumiendo, Nicol\u00e1s Contardi vio la roja a los 45 del segundo tiempo y tras los ocho de adici\u00f3n, Club Mercedes se volvi\u00f3 a coronar campe\u00f3n.<\/p>\n\n\n\n<p> <strong>Club Mercedes 1:<\/strong>&nbsp;Juan Bidone, Juan Pedro Gatti, Gast\u00f3n Godoy, Joaqu\u00edn Parra, Nicol\u00e1s Contardi, Lucas Picone, Germ\u00e1n Puliti, Cristian Barrientos, Solano Espil, Agust\u00edn Juanicotena y Leandro Filippini.&nbsp;<strong>DT:<\/strong>&nbsp;Walter D\u00edaz.&nbsp;<strong>Suplentes:<\/strong>&nbsp;Agust\u00edn Moles, Agust\u00edn Frustoli, Juan Dematei y Sebasti\u00e1n Cabral.<br><strong>Los Carteros 0:<\/strong>&nbsp;Davis Br\u00edsoliz, Mauro Pintos, Blas De Los Santos, Jonathan Bartolomeo, Franco Torres, Juli\u00e1n Ag\u00fcero, Laureano Torres, Mauro Sigona, Wilson Alcaraz, Germ\u00e1n Lucero y Nicol\u00e1s Montenegro.&nbsp;<strong>DT:<\/strong>&nbsp;Carlos Molina.<strong>&nbsp;Suplentes:<\/strong>&nbsp;Isa\u00edas Negoci, Cristian Santana, Sebasti\u00e1n Filippini y Jossimar Mosquera.<br><strong>Gol en el ST<\/strong>: A los 7\u2019 Nicol\u00e1s Contardi en Club Mercedes.<br><strong>Cambios:<\/strong>&nbsp;Francisco Silvestre por Germ\u00e1n Puliti, Francisco Bomaggio por Agust\u00edn Juanicotena y Luis Giacoy por Solano Espil en Club Mercedes. Mart\u00edn Zuleta por Blas De Los Santos, Diego S\u00e1nchez por Laureano Torres y Franco Lizardo por Mauro Sigona en Los Carteros.<br><strong>Arbitro:<\/strong>&nbsp;Esteban Nasier (Chascom\u00fas).<br><strong>Expulsados:<\/strong>&nbsp;A los 18\u2019 del ST Jonathan Bartolomeo en Los Carteros y a los 45\u2019 Nicol\u00e1s Contardi en Club Mercedes.  <\/p>\n\n\n\n<figure class=\"wp-block-gallery columns-3 is-cropped wp-block-gallery-1 is-layout-flex wp-block-gallery-is-layout-flex\"><ul class=\"blocks-gallery-grid\"><li class=\"blocks-gallery-item\"><figure><img loading=\"lazy\" decoding=\"async\" width=\"1032\" height=\"774\" data-attachment-id=\"102912\" data-permalink=\"https:\/\/www.hoymercedes.com.ar\/principal\/2019\/11\/25\/club-mercedes-volvio-a-vencer-a-los-carteros-y-se-consagro-campeon-por-22-vez\/whatsapp-image-2019-11-24-at-19-57-13-1-1\/#main\" data-orig-file=\"https:\/\/www.hoymercedes.com.ar\/principal\/wp-content\/uploads\/2019\/11\/WhatsApp-Image-2019-11-24-at-19.57.13-1-1.jpeg\" data-orig-size=\"1032,774\" data-comments-opened=\"0\" data-image-meta=\"{&quot;aperture&quot;:&quot;0&quot;,&quot;credit&quot;:&quot;&quot;,&quot;camera&quot;:&quot;&quot;,&quot;caption&quot;:&quot;&quot;,&quot;created_timestamp&quot;:&quot;0&quot;,&quot;copyright&quot;:&quot;&quot;,&quot;focal_length&quot;:&quot;0&quot;,&quot;iso&quot;:&quot;0&quot;,&quot;shutter_speed&quot;:&quot;0&quot;,&quot;title&quot;:&quot;&quot;,&quot;orientation&quot;:&quot;0&quot;}\" data-image-title=\"WhatsApp-Image-2019-11-24-at-19.57.13-1-1\" data-image-description=\"\" data-image-caption=\"\" data-large-file=\"https:\/\/www.hoymercedes.com.ar\/principal\/wp-content\/uploads\/2019\/11\/WhatsApp-Image-2019-11-24-at-19.57.13-1-1.jpeg\" src=\"https:\/\/www.hoymercedes.com.ar\/principal\/wp-content\/uploads\/2019\/11\/WhatsApp-Image-2019-11-24-at-19.57.13-1-1.jpeg\" alt=\"\" data-id=\"102912\" data-link=\"https:\/\/www.hoymercedes.com.ar\/principal\/?attachment_id=102912\" class=\"wp-image-102912\"\/><\/figure><\/li><li class=\"blocks-gallery-item\"><figure><img loading=\"lazy\" decoding=\"async\" width=\"622\" height=\"1280\" data-attachment-id=\"102913\" data-permalink=\"https:\/\/www.hoymercedes.com.ar\/principal\/2019\/11\/25\/club-mercedes-volvio-a-vencer-a-los-carteros-y-se-consagro-campeon-por-22-vez\/whatsapp-image-2019-11-24-at-19-57-13-3\/#main\" data-orig-file=\"https:\/\/www.hoymercedes.com.ar\/principal\/wp-content\/uploads\/2019\/11\/WhatsApp-Image-2019-11-24-at-19.57.13-3.jpeg\" data-orig-size=\"622,1280\" data-comments-opened=\"0\" data-image-meta=\"{&quot;aperture&quot;:&quot;0&quot;,&quot;credit&quot;:&quot;&quot;,&quot;camera&quot;:&quot;&quot;,&quot;caption&quot;:&quot;&quot;,&quot;created_timestamp&quot;:&quot;0&quot;,&quot;copyright&quot;:&quot;&quot;,&quot;focal_length&quot;:&quot;0&quot;,&quot;iso&quot;:&quot;0&quot;,&quot;shutter_speed&quot;:&quot;0&quot;,&quot;title&quot;:&quot;&quot;,&quot;orientation&quot;:&quot;0&quot;}\" data-image-title=\"WhatsApp-Image-2019-11-24-at-19.57.13-3\" data-image-description=\"\" data-image-caption=\"\" data-large-file=\"https:\/\/www.hoymercedes.com.ar\/principal\/wp-content\/uploads\/2019\/11\/WhatsApp-Image-2019-11-24-at-19.57.13-3.jpeg\" src=\"https:\/\/www.hoymercedes.com.ar\/principal\/wp-content\/uploads\/2019\/11\/WhatsApp-Image-2019-11-24-at-19.57.13-3.jpeg\" alt=\"\" data-id=\"102913\" data-link=\"https:\/\/www.hoymercedes.com.ar\/principal\/?attachment_id=102913\" class=\"wp-image-102913\"\/><\/figure><\/li><li class=\"blocks-gallery-item\"><figure><img loading=\"lazy\" decoding=\"async\" width=\"1032\" height=\"774\" data-attachment-id=\"102914\" data-permalink=\"https:\/\/www.hoymercedes.com.ar\/principal\/2019\/11\/25\/club-mercedes-volvio-a-vencer-a-los-carteros-y-se-consagro-campeon-por-22-vez\/whatsapp-image-2019-11-24-at-19-57-12-1\/#main\" data-orig-file=\"https:\/\/www.hoymercedes.com.ar\/principal\/wp-content\/uploads\/2019\/11\/WhatsApp-Image-2019-11-24-at-19.57.12-1.jpeg\" data-orig-size=\"1032,774\" data-comments-opened=\"0\" data-image-meta=\"{&quot;aperture&quot;:&quot;0&quot;,&quot;credit&quot;:&quot;&quot;,&quot;camera&quot;:&quot;&quot;,&quot;caption&quot;:&quot;&quot;,&quot;created_timestamp&quot;:&quot;0&quot;,&quot;copyright&quot;:&quot;&quot;,&quot;focal_length&quot;:&quot;0&quot;,&quot;iso&quot;:&quot;0&quot;,&quot;shutter_speed&quot;:&quot;0&quot;,&quot;title&quot;:&quot;&quot;,&quot;orientation&quot;:&quot;0&quot;}\" data-image-title=\"WhatsApp-Image-2019-11-24-at-19.57.12-1\" data-image-description=\"\" data-image-caption=\"\" data-large-file=\"https:\/\/www.hoymercedes.com.ar\/principal\/wp-content\/uploads\/2019\/11\/WhatsApp-Image-2019-11-24-at-19.57.12-1.jpeg\" src=\"https:\/\/www.hoymercedes.com.ar\/principal\/wp-content\/uploads\/2019\/11\/WhatsApp-Image-2019-11-24-at-19.57.12-1.jpeg\" alt=\"\" data-id=\"102914\" data-link=\"https:\/\/www.hoymercedes.com.ar\/principal\/?attachment_id=102914\" class=\"wp-image-102914\"\/><\/figure><\/li><li class=\"blocks-gallery-item\"><figure><img loading=\"lazy\" decoding=\"async\" width=\"774\" height=\"1032\" data-attachment-id=\"102915\" data-permalink=\"https:\/\/www.hoymercedes.com.ar\/principal\/2019\/11\/25\/club-mercedes-volvio-a-vencer-a-los-carteros-y-se-consagro-campeon-por-22-vez\/whatsapp-image-2019-11-24-at-19-57-12\/#main\" data-orig-file=\"https:\/\/www.hoymercedes.com.ar\/principal\/wp-content\/uploads\/2019\/11\/WhatsApp-Image-2019-11-24-at-19.57.12.jpeg\" data-orig-size=\"774,1032\" data-comments-opened=\"0\" data-image-meta=\"{&quot;aperture&quot;:&quot;0&quot;,&quot;credit&quot;:&quot;&quot;,&quot;camera&quot;:&quot;&quot;,&quot;caption&quot;:&quot;&quot;,&quot;created_timestamp&quot;:&quot;0&quot;,&quot;copyright&quot;:&quot;&quot;,&quot;focal_length&quot;:&quot;0&quot;,&quot;iso&quot;:&quot;0&quot;,&quot;shutter_speed&quot;:&quot;0&quot;,&quot;title&quot;:&quot;&quot;,&quot;orientation&quot;:&quot;0&quot;}\" data-image-title=\"WhatsApp-Image-2019-11-24-at-19.57.12\" data-image-description=\"\" data-image-caption=\"\" data-large-file=\"https:\/\/www.hoymercedes.com.ar\/principal\/wp-content\/uploads\/2019\/11\/WhatsApp-Image-2019-11-24-at-19.57.12.jpeg\" src=\"https:\/\/www.hoymercedes.com.ar\/principal\/wp-content\/uploads\/2019\/11\/WhatsApp-Image-2019-11-24-at-19.57.12.jpeg\" alt=\"\" data-id=\"102915\" data-link=\"https:\/\/www.hoymercedes.com.ar\/principal\/?attachment_id=102915\" class=\"wp-image-102915\"\/><\/figure><\/li><li class=\"blocks-gallery-item\"><figure><img loading=\"lazy\" decoding=\"async\" width=\"1280\" height=\"720\" data-attachment-id=\"102916\" data-permalink=\"https:\/\/www.hoymercedes.com.ar\/principal\/2019\/11\/25\/club-mercedes-volvio-a-vencer-a-los-carteros-y-se-consagro-campeon-por-22-vez\/whatsapp-image-2019-11-24-at-19-57-11-2\/#main\" data-orig-file=\"https:\/\/www.hoymercedes.com.ar\/principal\/wp-content\/uploads\/2019\/11\/WhatsApp-Image-2019-11-24-at-19.57.11-2.jpeg\" data-orig-size=\"1280,720\" data-comments-opened=\"0\" data-image-meta=\"{&quot;aperture&quot;:&quot;0&quot;,&quot;credit&quot;:&quot;&quot;,&quot;camera&quot;:&quot;&quot;,&quot;caption&quot;:&quot;&quot;,&quot;created_timestamp&quot;:&quot;0&quot;,&quot;copyright&quot;:&quot;&quot;,&quot;focal_length&quot;:&quot;0&quot;,&quot;iso&quot;:&quot;0&quot;,&quot;shutter_speed&quot;:&quot;0&quot;,&quot;title&quot;:&quot;&quot;,&quot;orientation&quot;:&quot;0&quot;}\" data-image-title=\"WhatsApp-Image-2019-11-24-at-19.57.11-2\" data-image-description=\"\" data-image-caption=\"\" data-large-file=\"https:\/\/www.hoymercedes.com.ar\/principal\/wp-content\/uploads\/2019\/11\/WhatsApp-Image-2019-11-24-at-19.57.11-2.jpeg\" src=\"https:\/\/www.hoymercedes.com.ar\/principal\/wp-content\/uploads\/2019\/11\/WhatsApp-Image-2019-11-24-at-19.57.11-2.jpeg\" alt=\"\" data-id=\"102916\" data-link=\"https:\/\/www.hoymercedes.com.ar\/principal\/?attachment_id=102916\" class=\"wp-image-102916\"\/><\/figure><\/li><li class=\"blocks-gallery-item\"><figure><img loading=\"lazy\" decoding=\"async\" width=\"774\" height=\"1032\" data-attachment-id=\"102917\" data-permalink=\"https:\/\/www.hoymercedes.com.ar\/principal\/2019\/11\/25\/club-mercedes-volvio-a-vencer-a-los-carteros-y-se-consagro-campeon-por-22-vez\/whatsapp-image-2019-11-24-at-19-57-11-1\/#main\" data-orig-file=\"https:\/\/www.hoymercedes.com.ar\/principal\/wp-content\/uploads\/2019\/11\/WhatsApp-Image-2019-11-24-at-19.57.11-1.jpeg\" data-orig-size=\"774,1032\" data-comments-opened=\"0\" data-image-meta=\"{&quot;aperture&quot;:&quot;0&quot;,&quot;credit&quot;:&quot;&quot;,&quot;camera&quot;:&quot;&quot;,&quot;caption&quot;:&quot;&quot;,&quot;created_timestamp&quot;:&quot;0&quot;,&quot;copyright&quot;:&quot;&quot;,&quot;focal_length&quot;:&quot;0&quot;,&quot;iso&quot;:&quot;0&quot;,&quot;shutter_speed&quot;:&quot;0&quot;,&quot;title&quot;:&quot;&quot;,&quot;orientation&quot;:&quot;0&quot;}\" data-image-title=\"WhatsApp-Image-2019-11-24-at-19.57.11-1\" data-image-description=\"\" data-image-caption=\"\" data-large-file=\"https:\/\/www.hoymercedes.com.ar\/principal\/wp-content\/uploads\/2019\/11\/WhatsApp-Image-2019-11-24-at-19.57.11-1.jpeg\" src=\"https:\/\/www.hoymercedes.com.ar\/principal\/wp-content\/uploads\/2019\/11\/WhatsApp-Image-2019-11-24-at-19.57.11-1.jpeg\" alt=\"\" data-id=\"102917\" data-link=\"https:\/\/www.hoymercedes.com.ar\/principal\/?attachment_id=102917\" class=\"wp-image-102917\"\/><\/figure><\/li><li class=\"blocks-gallery-item\"><figure><img loading=\"lazy\" decoding=\"async\" width=\"774\" height=\"1032\" data-attachment-id=\"102918\" data-permalink=\"https:\/\/www.hoymercedes.com.ar\/principal\/2019\/11\/25\/club-mercedes-volvio-a-vencer-a-los-carteros-y-se-consagro-campeon-por-22-vez\/whatsapp-image-2019-11-24-at-19-57-11\/#main\" data-orig-file=\"https:\/\/www.hoymercedes.com.ar\/principal\/wp-content\/uploads\/2019\/11\/WhatsApp-Image-2019-11-24-at-19.57.11.jpeg\" data-orig-size=\"774,1032\" data-comments-opened=\"0\" data-image-meta=\"{&quot;aperture&quot;:&quot;0&quot;,&quot;credit&quot;:&quot;&quot;,&quot;camera&quot;:&quot;&quot;,&quot;caption&quot;:&quot;&quot;,&quot;created_timestamp&quot;:&quot;0&quot;,&quot;copyright&quot;:&quot;&quot;,&quot;focal_length&quot;:&quot;0&quot;,&quot;iso&quot;:&quot;0&quot;,&quot;shutter_speed&quot;:&quot;0&quot;,&quot;title&quot;:&quot;&quot;,&quot;orientation&quot;:&quot;0&quot;}\" data-image-title=\"WhatsApp-Image-2019-11-24-at-19.57.11\" data-image-description=\"\" data-image-caption=\"\" data-large-file=\"https:\/\/www.hoymercedes.com.ar\/principal\/wp-content\/uploads\/2019\/11\/WhatsApp-Image-2019-11-24-at-19.57.11.jpeg\" src=\"https:\/\/www.hoymercedes.com.ar\/principal\/wp-content\/uploads\/2019\/11\/WhatsApp-Image-2019-11-24-at-19.57.11.jpeg\" alt=\"\" data-id=\"102918\" data-link=\"https:\/\/www.hoymercedes.com.ar\/principal\/?attachment_id=102918\" class=\"wp-image-102918\"\/><\/figure><\/li><li class=\"blocks-gallery-item\"><figure><img loading=\"lazy\" decoding=\"async\" width=\"1032\" height=\"774\" data-attachment-id=\"102919\" data-permalink=\"https:\/\/www.hoymercedes.com.ar\/principal\/2019\/11\/25\/club-mercedes-volvio-a-vencer-a-los-carteros-y-se-consagro-campeon-por-22-vez\/whatsapp-image-2019-11-24-at-19-57-04-1\/#main\" data-orig-file=\"https:\/\/www.hoymercedes.com.ar\/principal\/wp-content\/uploads\/2019\/11\/WhatsApp-Image-2019-11-24-at-19.57.04-1.jpeg\" data-orig-size=\"1032,774\" data-comments-opened=\"0\" data-image-meta=\"{&quot;aperture&quot;:&quot;0&quot;,&quot;credit&quot;:&quot;&quot;,&quot;camera&quot;:&quot;&quot;,&quot;caption&quot;:&quot;&quot;,&quot;created_timestamp&quot;:&quot;0&quot;,&quot;copyright&quot;:&quot;&quot;,&quot;focal_length&quot;:&quot;0&quot;,&quot;iso&quot;:&quot;0&quot;,&quot;shutter_speed&quot;:&quot;0&quot;,&quot;title&quot;:&quot;&quot;,&quot;orientation&quot;:&quot;0&quot;}\" data-image-title=\"WhatsApp-Image-2019-11-24-at-19.57.04-1\" data-image-description=\"\" data-image-caption=\"\" data-large-file=\"https:\/\/www.hoymercedes.com.ar\/principal\/wp-content\/uploads\/2019\/11\/WhatsApp-Image-2019-11-24-at-19.57.04-1.jpeg\" src=\"https:\/\/www.hoymercedes.com.ar\/principal\/wp-content\/uploads\/2019\/11\/WhatsApp-Image-2019-11-24-at-19.57.04-1.jpeg\" alt=\"\" data-id=\"102919\" data-link=\"https:\/\/www.hoymercedes.com.ar\/principal\/?attachment_id=102919\" class=\"wp-image-102919\"\/><\/figure><\/li><li class=\"blocks-gallery-item\"><figure><img loading=\"lazy\" decoding=\"async\" width=\"720\" height=\"539\" data-attachment-id=\"102920\" data-permalink=\"https:\/\/www.hoymercedes.com.ar\/principal\/2019\/11\/25\/club-mercedes-volvio-a-vencer-a-los-carteros-y-se-consagro-campeon-por-22-vez\/whatsapp-image-2019-11-24-at-19-57-04\/#main\" data-orig-file=\"https:\/\/www.hoymercedes.com.ar\/principal\/wp-content\/uploads\/2019\/11\/WhatsApp-Image-2019-11-24-at-19.57.04.jpeg\" data-orig-size=\"720,539\" data-comments-opened=\"0\" data-image-meta=\"{&quot;aperture&quot;:&quot;0&quot;,&quot;credit&quot;:&quot;&quot;,&quot;camera&quot;:&quot;&quot;,&quot;caption&quot;:&quot;&quot;,&quot;created_timestamp&quot;:&quot;0&quot;,&quot;copyright&quot;:&quot;&quot;,&quot;focal_length&quot;:&quot;0&quot;,&quot;iso&quot;:&quot;0&quot;,&quot;shutter_speed&quot;:&quot;0&quot;,&quot;title&quot;:&quot;&quot;,&quot;orientation&quot;:&quot;0&quot;}\" data-image-title=\"WhatsApp-Image-2019-11-24-at-19.57.04\" data-image-description=\"\" data-image-caption=\"\" data-large-file=\"https:\/\/www.hoymercedes.com.ar\/principal\/wp-content\/uploads\/2019\/11\/WhatsApp-Image-2019-11-24-at-19.57.04.jpeg\" src=\"https:\/\/www.hoymercedes.com.ar\/principal\/wp-content\/uploads\/2019\/11\/WhatsApp-Image-2019-11-24-at-19.57.04.jpeg\" alt=\"\" data-id=\"102920\" data-link=\"https:\/\/www.hoymercedes.com.ar\/principal\/?attachment_id=102920\" class=\"wp-image-102920\"\/><\/figure><\/li><li class=\"blocks-gallery-item\"><figure><img loading=\"lazy\" decoding=\"async\" width=\"1032\" height=\"774\" data-attachment-id=\"102921\" data-permalink=\"https:\/\/www.hoymercedes.com.ar\/principal\/2019\/11\/25\/club-mercedes-volvio-a-vencer-a-los-carteros-y-se-consagro-campeon-por-22-vez\/whatsapp-image-2019-11-24-at-19-57-02-1\/#main\" data-orig-file=\"https:\/\/www.hoymercedes.com.ar\/principal\/wp-content\/uploads\/2019\/11\/WhatsApp-Image-2019-11-24-at-19.57.02-1.jpeg\" data-orig-size=\"1032,774\" data-comments-opened=\"0\" data-image-meta=\"{&quot;aperture&quot;:&quot;0&quot;,&quot;credit&quot;:&quot;&quot;,&quot;camera&quot;:&quot;&quot;,&quot;caption&quot;:&quot;&quot;,&quot;created_timestamp&quot;:&quot;0&quot;,&quot;copyright&quot;:&quot;&quot;,&quot;focal_length&quot;:&quot;0&quot;,&quot;iso&quot;:&quot;0&quot;,&quot;shutter_speed&quot;:&quot;0&quot;,&quot;title&quot;:&quot;&quot;,&quot;orientation&quot;:&quot;0&quot;}\" data-image-title=\"WhatsApp-Image-2019-11-24-at-19.57.02-1\" data-image-description=\"\" data-image-caption=\"\" data-large-file=\"https:\/\/www.hoymercedes.com.ar\/principal\/wp-content\/uploads\/2019\/11\/WhatsApp-Image-2019-11-24-at-19.57.02-1.jpeg\" src=\"https:\/\/www.hoymercedes.com.ar\/principal\/wp-content\/uploads\/2019\/11\/WhatsApp-Image-2019-11-24-at-19.57.02-1.jpeg\" alt=\"\" data-id=\"102921\" data-link=\"https:\/\/www.hoymercedes.com.ar\/principal\/?attachment_id=102921\" class=\"wp-image-102921\"\/><\/figure><\/li><li class=\"blocks-gallery-item\"><figure><img loading=\"lazy\" decoding=\"async\" width=\"1032\" height=\"774\" data-attachment-id=\"102922\" data-permalink=\"https:\/\/www.hoymercedes.com.ar\/principal\/2019\/11\/25\/club-mercedes-volvio-a-vencer-a-los-carteros-y-se-consagro-campeon-por-22-vez\/whatsapp-image-2019-11-24-at-19-57-02\/#main\" data-orig-file=\"https:\/\/www.hoymercedes.com.ar\/principal\/wp-content\/uploads\/2019\/11\/WhatsApp-Image-2019-11-24-at-19.57.02.jpeg\" data-orig-size=\"1032,774\" data-comments-opened=\"0\" data-image-meta=\"{&quot;aperture&quot;:&quot;0&quot;,&quot;credit&quot;:&quot;&quot;,&quot;camera&quot;:&quot;&quot;,&quot;caption&quot;:&quot;&quot;,&quot;created_timestamp&quot;:&quot;0&quot;,&quot;copyright&quot;:&quot;&quot;,&quot;focal_length&quot;:&quot;0&quot;,&quot;iso&quot;:&quot;0&quot;,&quot;shutter_speed&quot;:&quot;0&quot;,&quot;title&quot;:&quot;&quot;,&quot;orientation&quot;:&quot;0&quot;}\" data-image-title=\"WhatsApp-Image-2019-11-24-at-19.57.02\" data-image-description=\"\" data-image-caption=\"\" data-large-file=\"https:\/\/www.hoymercedes.com.ar\/principal\/wp-content\/uploads\/2019\/11\/WhatsApp-Image-2019-11-24-at-19.57.02.jpeg\" src=\"https:\/\/www.hoymercedes.com.ar\/principal\/wp-content\/uploads\/2019\/11\/WhatsApp-Image-2019-11-24-at-19.57.02.jpeg\" alt=\"\" data-id=\"102922\" data-link=\"https:\/\/www.hoymercedes.com.ar\/principal\/?attachment_id=102922\" class=\"wp-image-102922\"\/><\/figure><\/li><\/ul><\/figure>\n\n\n\n<p> <strong>Todos los campeones<\/strong><br>1928 La Vanguardia<br>1929 Hurac\u00e1n<br>1930 Hurac\u00e1n<br>1932 Sportivo Belgrano<br>1932 Deportivo<br>1934 Sportivo Belgrano<br>1935 Sportivo Belgrano<br>1936 Estudiantes<br>1937 Sportivo Belgrano<br>1938 Sportivo Belgrano<br>1939 Estudiantes<br>1940 Hurac\u00e1n<br>1941 Estudiantes<br>1942 Hurac\u00e1n<br>1943 Hurac\u00e1n<br>1944 Hurac\u00e1n<br>1945 Gimnasia<br>1946 Gimnasia<br>1948\/ 49\/ 51\/53 y 54 Estudiantes<br>1955\/ 56\/ 57\/ 58\/ 59\/ 60\/ 61 y 62 Gimnasia<br>1963 Defensores de Suipacha<br>1964 Gimnasia<br>1965\/ 66\/ 67 y 68 Estudiantes<br>1969 Defensores De Belgrano<br>1970 Del Progreso<br>1971 Trocha<br>1972\/ 73\/ 74\/ 75 y 76 Gimnasia<br>1977 V\u00e9lez<br>1978 Del Progreso<br>1979 V\u00e9lez<br>1980 Estudiantes<br>1981 Mercedes-Del Progreso<br>1982 V\u00e9lez<br>1983 V\u00e9lez<br>1984 Mercedes-Del Progreso<br>1985 Mercedes-Del Progreso<br>1986\/ 87\/ 88\/ 89\/ 90\/ 91\/ 92 y 93 Club Mercedes<br>1994 Ateneo de la Juventud<br>1995 Ateneo de la Juventud<br>1996 Club Mercedes<br>1997 Club Mercedes<br>1998 Club Quilmes<br>1999 Club Quilmes<br>2000 Club Mercedes<br>2001 Cub Mercedes<br>2002 Club Mercedes<br>2003 Los Palometas<br>2004 Club Mercedes<br>2005 Club Mercedes<br>2005 Club Mercedes<br>2006 Club Mercedes (Apertura)<br>2006 Club Estudiantes-Los Palometas (Clausura)<br>2007 Club Estudiantes<br>2008 Los Palometas<br>2009 El Front\u00f3n<br>2010 Club Mercedes<br>2011 Club Mercedes<br>2012 El Front\u00f3n<br>2013 Juventud<br>2014 El Front\u00f3n<br>2015 Club Mercedes<br>2016 Quilmes<br>2017 El Front\u00f3n<br>2018 Club Mercedes<br>2019 Club Mercedes <\/p>\n\n\n\n<p>Total de t\u00edtulos<\/p>\n\n\n\n<figure class=\"wp-block-table\"><table class=\"\"><tbody><tr><td>Mercedes<\/td><td>22<\/td><\/tr><tr><td>Gimnasia<\/td><td>16<\/td><\/tr><tr><td>Estudiantes<\/td><td>14<\/td><\/tr><tr><td>Hurac\u00e1n<\/td><td>6<\/td><\/tr><tr><td>Sportivo Belgrano<\/td><td>5<\/td><\/tr><tr><td>El Front\u00f3n<\/td><td>4<\/td><\/tr><tr><td>V\u00e9lez<\/td><td>4<\/td><\/tr><tr><td>Mercedes Del Progreso<\/td><td>3<\/td><\/tr><tr><td>Quilmes<\/td><td>3<\/td><\/tr><tr><td>Ateneo<\/td><td>2<\/td><\/tr><tr><td>Del Progreso<\/td><td>2<\/td><\/tr><tr><td>Palometas<\/td><td>2<\/td><\/tr><tr><td>Defensores de Belgrano<\/td><td>1<\/td><\/tr><tr><td>Defensores de Suipacha<\/td><td>1<\/td><\/tr><tr><td>Deportivo<\/td><td>1<\/td><\/tr><tr><td>Estudiantes Palometas<\/td><td>1<\/td><\/tr><tr><td>Juventud<\/td><td>1<\/td><\/tr><tr><td>La Vanguardia<\/td><td>1<\/td><\/tr><tr><td>Trocha<\/td><td>1<\/td><\/tr><\/tbody><\/table><\/figure>\n","protected":false},"excerpt":{"rendered":"<p>Termin\u00f3 la temporada de la Liga Mercedina mucho antes que a\u00f1os anteriores y nuevamente fue Club Mercedes el que dio &#8230; <a title=\"Club Mercedes volvi\u00f3 a vencer a Los Carteros y se consagr\u00f3 campe\u00f3n por 22\u00b0 vez\" class=\"read-more\" href=\"https:\/\/www.hoymercedes.com.ar\/principal\/2019\/11\/25\/club-mercedes-volvio-a-vencer-a-los-carteros-y-se-consagro-campeon-por-22-vez\/\" aria-label=\"Leer m\u00e1s sobre Club Mercedes volvi\u00f3 a vencer a Los Carteros y se consagr\u00f3 campe\u00f3n por 22\u00b0 vez\">Leer m\u00e1s<\/a><\/p>\n","protected":false},"author":1,"featured_media":102911,"comment_status":"closed","ping_status":"open","sticky":false,"template":"","format":"standard","meta":{"_monsterinsights_skip_tracking":false,"_monsterinsights_sitenote_active":false,"_monsterinsights_sitenote_note":"","_monsterinsights_sitenote_category":0,"jetpack_post_was_ever_published":false,"_jetpack_newsletter_access":"","_jetpack_dont_email_post_to_subs":false,"_jetpack_newsletter_tier_id":0,"_jetpack_memberships_contains_paywalled_content":false,"_jetpack_memberships_contains_paid_content":false,"footnotes":"","jetpack_publicize_message":"","jetpack_publicize_feature_enabled":true,"jetpack_social_post_already_shared":true,"jetpack_social_options":{"image_generator_settings":{"template":"highway","default_image_id":0,"font":"","enabled":false},"version":2},"_wpas_customize_per_network":false},"categories":[21],"tags":[76,8996],"class_list":["post-102905","post","type-post","status-publish","format-standard","has-post-thumbnail","hentry","category-deportes","tag-club-mercedes-campeon","tag-primera-division","generate-columns","tablet-grid-50","mobile-grid-100","grid-parent","grid-50"],"jetpack_publicize_connections":[],"jetpack_featured_media_url":"https:\/\/www.hoymercedes.com.ar\/principal\/wp-content\/uploads\/2019\/11\/WhatsApp-Image-2019-11-24-at-19.57.13-2-1.jpeg","wps_subtitle":"Liga Mercedina","jetpack_sharing_enabled":true,"_links":{"self":[{"href":"https:\/\/www.hoymercedes.com.ar\/principal\/wp-json\/wp\/v2\/posts\/102905","targetHints":{"allow":["GET"]}}],"collection":[{"href":"https:\/\/www.hoymercedes.com.ar\/principal\/wp-json\/wp\/v2\/posts"}],"about":[{"href":"https:\/\/www.hoymercedes.com.ar\/principal\/wp-json\/wp\/v2\/types\/post"}],"author":[{"embeddable":true,"href":"https:\/\/www.hoymercedes.com.ar\/principal\/wp-json\/wp\/v2\/users\/1"}],"replies":[{"embeddable":true,"href":"https:\/\/www.hoymercedes.com.ar\/principal\/wp-json\/wp\/v2\/comments?post=102905"}],"version-history":[{"count":0,"href":"https:\/\/www.hoymercedes.com.ar\/principal\/wp-json\/wp\/v2\/posts\/102905\/revisions"}],"wp:featuredmedia":[{"embeddable":true,"href":"https:\/\/www.hoymercedes.com.ar\/principal\/wp-json\/wp\/v2\/media\/102911"}],"wp:attachment":[{"href":"https:\/\/www.hoymercedes.com.ar\/principal\/wp-json\/wp\/v2\/media?parent=102905"}],"wp:term":[{"taxonomy":"category","embeddable":true,"href":"https:\/\/www.hoymercedes.com.ar\/principal\/wp-json\/wp\/v2\/categories?post=102905"},{"taxonomy":"post_tag","embeddable":true,"href":"https:\/\/www.hoymercedes.com.ar\/principal\/wp-json\/wp\/v2\/tags?post=102905"}],"curies":[{"name":"wp","href":"https:\/\/api.w.org\/{rel}","templated":true}]}}