{"id":102924,"date":"2019-11-25T13:01:00","date_gmt":"2019-11-25T16:01:00","guid":{"rendered":"http:\/\/www.hoymercedes.com.ar\/principal\/?p=102924"},"modified":"2019-11-26T08:18:16","modified_gmt":"2019-11-26T11:18:16","slug":"premian-a-aldo-franco-con-el-premio-mercurio-al-emprendedor","status":"publish","type":"post","link":"https:\/\/www.hoymercedes.com.ar\/principal\/2019\/11\/25\/premian-a-aldo-franco-con-el-premio-mercurio-al-emprendedor\/","title":{"rendered":"Premian a Aldo Franco con el Premio Mercurio al emprendedor"},"content":{"rendered":"\n<p>El emprendedor mercedino Aldo Franco, Director de Grupo Detall gan\u00f3 el premio Mercurio, m\u00e1ximo reconocimiento a la excelencia en Marketing en la Rep\u00fablica Argentina, como mejor emprendedor de 2019.<\/p>\n\n\n\n<figure class=\"wp-block-image size-large\"><img loading=\"lazy\" decoding=\"async\" width=\"800\" height=\"612\" data-attachment-id=\"102936\" data-permalink=\"https:\/\/www.hoymercedes.com.ar\/principal\/2019\/11\/25\/premian-a-aldo-franco-con-el-premio-mercurio-al-emprendedor\/25-aldo-800x612\/#main\" data-orig-file=\"https:\/\/www.hoymercedes.com.ar\/principal\/wp-content\/uploads\/2019\/11\/25-aldo-800x612.jpg\" data-orig-size=\"800,612\" data-comments-opened=\"0\" data-image-meta=\"{&quot;aperture&quot;:&quot;0&quot;,&quot;credit&quot;:&quot;&quot;,&quot;camera&quot;:&quot;&quot;,&quot;caption&quot;:&quot;&quot;,&quot;created_timestamp&quot;:&quot;0&quot;,&quot;copyright&quot;:&quot;&quot;,&quot;focal_length&quot;:&quot;0&quot;,&quot;iso&quot;:&quot;0&quot;,&quot;shutter_speed&quot;:&quot;0&quot;,&quot;title&quot;:&quot;&quot;,&quot;orientation&quot;:&quot;0&quot;}\" data-image-title=\"25 aldo 800&amp;#215;612\" data-image-description=\"\" data-image-caption=\"\" data-large-file=\"https:\/\/www.hoymercedes.com.ar\/principal\/wp-content\/uploads\/2019\/11\/25-aldo-800x612.jpg\" src=\"https:\/\/www.hoymercedes.com.ar\/principal\/wp-content\/uploads\/2019\/11\/25-aldo-800x612.jpg\" alt=\"\" class=\"wp-image-102936\"\/><\/figure>\n\n\n\n<p>La Asociaci\u00f3n Argentina de Marketing distingui\u00f3 al empresario de Mercedes, Aldo Franco, con el Premio Mercurio como mejor emprendedor del 2019. Franco, es Veterano de Guerra de Malvinas y con mucho esfuerzo fund\u00f3 hace 23 a\u00f1os, Detall. La empresa que se dedica a log\u00edstica, distribuci\u00f3n, y guarda documental, entre otras actividades.<\/p>\n\n\n\n<p>Tras a\u00f1os de crecimiento se form\u00f3 Grupo Detall quien opera la empresa de camiones Puerto Argentino con presencia en todo el pa\u00eds y en el puerto de Buenos Aires y el Parque Log\u00edstico Mercedes ubicado sobre la Ruta Nacional 5. El mismo posee m\u00e1s de 29000 metros cuadrados de dep\u00f3sito y cuenta dentro de sus instalaciones con un dep\u00f3sito fiscal \u00fanico en la zona en donde se realiza la importaci\u00f3n y exportaci\u00f3n de la regi\u00f3n.<\/p>\n\n\n\n<p>En el 2019 comenz\u00f3 con un nuevo y pujante proyecto, P5 Almac\u00e9n. Este sistema de distribuci\u00f3n, con reducci\u00f3n de costos log\u00edsticos, busca potenciar todo el corredor de la Ruta 5, abaratando costos de alimentos, vestimenta y calzado entre otros, con un portal de venta online y con entregas en bases operativas ubicadas en Mercedes, Bragado, Trenque Lauquen y en la provincia de La Pampa. <\/p>\n\n\n\n<figure class=\"wp-block-image size-large\"><img loading=\"lazy\" decoding=\"async\" width=\"800\" height=\"738\" data-attachment-id=\"102934\" data-permalink=\"https:\/\/www.hoymercedes.com.ar\/principal\/2019\/11\/25\/premian-a-aldo-franco-con-el-premio-mercurio-al-emprendedor\/25-aldo-0x738\/#main\" data-orig-file=\"https:\/\/www.hoymercedes.com.ar\/principal\/wp-content\/uploads\/2019\/11\/25-aldo-0x738.jpg\" data-orig-size=\"800,738\" data-comments-opened=\"0\" data-image-meta=\"{&quot;aperture&quot;:&quot;0&quot;,&quot;credit&quot;:&quot;&quot;,&quot;camera&quot;:&quot;&quot;,&quot;caption&quot;:&quot;&quot;,&quot;created_timestamp&quot;:&quot;0&quot;,&quot;copyright&quot;:&quot;&quot;,&quot;focal_length&quot;:&quot;0&quot;,&quot;iso&quot;:&quot;0&quot;,&quot;shutter_speed&quot;:&quot;0&quot;,&quot;title&quot;:&quot;&quot;,&quot;orientation&quot;:&quot;0&quot;}\" data-image-title=\"25 aldo 0x738\" data-image-description=\"\" data-image-caption=\"\" data-large-file=\"https:\/\/www.hoymercedes.com.ar\/principal\/wp-content\/uploads\/2019\/11\/25-aldo-0x738.jpg\" src=\"https:\/\/www.hoymercedes.com.ar\/principal\/wp-content\/uploads\/2019\/11\/25-aldo-0x738.jpg\" alt=\"\" class=\"wp-image-102934\"\/><\/figure>\n\n\n\n<p>Adem\u00e1s, del premio emprendedor del a\u00f1o, Grupo Detall gan\u00f3 el premio Mercurio de Bronce compitiendo con empresas como YPF, S.C. Jhonson y Molinos.<\/p>\n\n\n\n<p>Grupo Detall es un grupo de empresas dedicado a la log\u00edstica, con presencia en el mercado desde hace m\u00e1s de 15 a\u00f1os. Cuenta con una n\u00f3mina de m\u00e1s de 2000 empleados y brinda soluciones particulares o integradas dentro de la cadena de abastecimiento. Las 5 unidades de servicios especializadas que se integran permitiendo generar soluciones log\u00edsticas acordes a las necesidades de cada cliente son:<\/p>\n\n\n\n<ul class=\"wp-block-list\"><li>Tercerizaci\u00f3n y Administraci\u00f3n de n\u00f3minas complejas.<\/li><li>Transporte, distribuci\u00f3n y operaciones log\u00edsticas.<\/li><li>Administraci\u00f3n y guarda de documentos.<\/li><li>Log\u00edstica de contenedores.<\/li><li>Operaci\u00f3n de centros de distribuci\u00f3n.<\/li><\/ul>\n\n\n\n<figure class=\"wp-block-image size-large\"><img loading=\"lazy\" decoding=\"async\" width=\"800\" height=\"600\" data-attachment-id=\"102935\" data-permalink=\"https:\/\/www.hoymercedes.com.ar\/principal\/2019\/11\/25\/premian-a-aldo-franco-con-el-premio-mercurio-al-emprendedor\/25-aldo-00x600\/#main\" data-orig-file=\"https:\/\/www.hoymercedes.com.ar\/principal\/wp-content\/uploads\/2019\/11\/25-aldo-00x600.jpg\" data-orig-size=\"800,600\" data-comments-opened=\"0\" data-image-meta=\"{&quot;aperture&quot;:&quot;0&quot;,&quot;credit&quot;:&quot;&quot;,&quot;camera&quot;:&quot;&quot;,&quot;caption&quot;:&quot;&quot;,&quot;created_timestamp&quot;:&quot;0&quot;,&quot;copyright&quot;:&quot;&quot;,&quot;focal_length&quot;:&quot;0&quot;,&quot;iso&quot;:&quot;0&quot;,&quot;shutter_speed&quot;:&quot;0&quot;,&quot;title&quot;:&quot;&quot;,&quot;orientation&quot;:&quot;0&quot;}\" data-image-title=\"25 aldo 00&amp;#215;600\" data-image-description=\"\" data-image-caption=\"\" data-large-file=\"https:\/\/www.hoymercedes.com.ar\/principal\/wp-content\/uploads\/2019\/11\/25-aldo-00x600.jpg\" src=\"https:\/\/www.hoymercedes.com.ar\/principal\/wp-content\/uploads\/2019\/11\/25-aldo-00x600.jpg\" alt=\"\" class=\"wp-image-102935\"\/><\/figure>\n","protected":false},"excerpt":{"rendered":"<p>El emprendedor mercedino Aldo Franco, Director de Grupo Detall gan\u00f3 el premio Mercurio, m\u00e1ximo reconocimiento a la excelencia en Marketing &#8230; <a title=\"Premian a Aldo Franco con el Premio Mercurio al emprendedor\" class=\"read-more\" href=\"https:\/\/www.hoymercedes.com.ar\/principal\/2019\/11\/25\/premian-a-aldo-franco-con-el-premio-mercurio-al-emprendedor\/\" aria-label=\"Leer m\u00e1s sobre Premian a Aldo Franco con el Premio Mercurio al emprendedor\">Leer m\u00e1s<\/a><\/p>\n","protected":false},"author":1,"featured_media":102935,"comment_status":"closed","ping_status":"open","sticky":false,"template":"","format":"standard","meta":{"_monsterinsights_skip_tracking":false,"_monsterinsights_sitenote_active":false,"_monsterinsights_sitenote_note":"","_monsterinsights_sitenote_category":0,"jetpack_post_was_ever_published":false,"_jetpack_newsletter_access":"","_jetpack_dont_email_post_to_subs":false,"_jetpack_newsletter_tier_id":0,"_jetpack_memberships_contains_paywalled_content":false,"_jetpack_memberships_contains_paid_content":false,"footnotes":"","jetpack_publicize_message":"","jetpack_publicize_feature_enabled":true,"jetpack_social_post_already_shared":true,"jetpack_social_options":{"image_generator_settings":{"template":"highway","default_image_id":0,"font":"","enabled":false},"version":2},"_wpas_customize_per_network":false},"categories":[8],"tags":[15961,15960,697],"class_list":["post-102924","post","type-post","status-publish","format-standard","has-post-thumbnail","hentry","category-sociedad","tag-aldo-franco","tag-grupo-dall","tag-premio","generate-columns","tablet-grid-50","mobile-grid-100","grid-parent","grid-50"],"jetpack_publicize_connections":[],"jetpack_featured_media_url":"https:\/\/www.hoymercedes.com.ar\/principal\/wp-content\/uploads\/2019\/11\/25-aldo-00x600.jpg","wps_subtitle":"Distinci\u00f3n de la Asociaci\u00f3n de Marketing","jetpack_sharing_enabled":true,"_links":{"self":[{"href":"https:\/\/www.hoymercedes.com.ar\/principal\/wp-json\/wp\/v2\/posts\/102924","targetHints":{"allow":["GET"]}}],"collection":[{"href":"https:\/\/www.hoymercedes.com.ar\/principal\/wp-json\/wp\/v2\/posts"}],"about":[{"href":"https:\/\/www.hoymercedes.com.ar\/principal\/wp-json\/wp\/v2\/types\/post"}],"author":[{"embeddable":true,"href":"https:\/\/www.hoymercedes.com.ar\/principal\/wp-json\/wp\/v2\/users\/1"}],"replies":[{"embeddable":true,"href":"https:\/\/www.hoymercedes.com.ar\/principal\/wp-json\/wp\/v2\/comments?post=102924"}],"version-history":[{"count":0,"href":"https:\/\/www.hoymercedes.com.ar\/principal\/wp-json\/wp\/v2\/posts\/102924\/revisions"}],"wp:featuredmedia":[{"embeddable":true,"href":"https:\/\/www.hoymercedes.com.ar\/principal\/wp-json\/wp\/v2\/media\/102935"}],"wp:attachment":[{"href":"https:\/\/www.hoymercedes.com.ar\/principal\/wp-json\/wp\/v2\/media?parent=102924"}],"wp:term":[{"taxonomy":"category","embeddable":true,"href":"https:\/\/www.hoymercedes.com.ar\/principal\/wp-json\/wp\/v2\/categories?post=102924"},{"taxonomy":"post_tag","embeddable":true,"href":"https:\/\/www.hoymercedes.com.ar\/principal\/wp-json\/wp\/v2\/tags?post=102924"}],"curies":[{"name":"wp","href":"https:\/\/api.w.org\/{rel}","templated":true}]}}