{"id":102931,"date":"2019-11-25T11:27:26","date_gmt":"2019-11-25T14:27:26","guid":{"rendered":"http:\/\/www.hoymercedes.com.ar\/principal\/?p=102931"},"modified":"2019-11-25T11:30:03","modified_gmt":"2019-11-25T14:30:03","slug":"alfa-es-el-campeon-de-la-primera-del-futbol-femenino","status":"publish","type":"post","link":"https:\/\/www.hoymercedes.com.ar\/principal\/2019\/11\/25\/alfa-es-el-campeon-de-la-primera-del-futbol-femenino\/","title":{"rendered":"ALFA es el campe\u00f3n de la Primera del F\u00fatbol Femenino"},"content":{"rendered":"\n<p>En cancha de la Liga Mercedina se jug\u00f3 la final de Primera Divisi\u00f3n del F\u00fatbol Femenino donde una vez m\u00e1s El Front\u00f3n de San Andr\u00e9s de GIles fue el equipo que la jug\u00f3 y en este caso fue ante ALFA de Olivera, que por segunda vez consecutiva derrot\u00f3 en la final al rojinegro. Con dos goles en el primer tiempo se termin\u00f3 quedando con el t\u00edtulo, m\u00e1s all\u00e1 del descuento en el complemento.<\/p>\n\n\n\n<figure class=\"wp-block-image size-large\"><img loading=\"lazy\" decoding=\"async\" width=\"960\" height=\"720\" data-attachment-id=\"102954\" data-permalink=\"https:\/\/www.hoymercedes.com.ar\/principal\/2019\/11\/25\/alfa-es-el-campeon-de-la-primera-del-futbol-femenino\/alfa-olivera-campeon-nov-19-primera-division-1\/#main\" data-orig-file=\"https:\/\/www.hoymercedes.com.ar\/principal\/wp-content\/uploads\/2019\/11\/ALFA-Olivera-Campe\u00f3n-nov-19-Primera-Division-1.jpg\" data-orig-size=\"960,720\" data-comments-opened=\"0\" data-image-meta=\"{&quot;aperture&quot;:&quot;0&quot;,&quot;credit&quot;:&quot;&quot;,&quot;camera&quot;:&quot;&quot;,&quot;caption&quot;:&quot;&quot;,&quot;created_timestamp&quot;:&quot;0&quot;,&quot;copyright&quot;:&quot;&quot;,&quot;focal_length&quot;:&quot;0&quot;,&quot;iso&quot;:&quot;0&quot;,&quot;shutter_speed&quot;:&quot;0&quot;,&quot;title&quot;:&quot;&quot;,&quot;orientation&quot;:&quot;0&quot;}\" data-image-title=\"ALFA-Olivera-Campe\u00f3n-nov-19-Primera-Division-1\" data-image-description=\"\" data-image-caption=\"\" data-large-file=\"https:\/\/www.hoymercedes.com.ar\/principal\/wp-content\/uploads\/2019\/11\/ALFA-Olivera-Campe\u00f3n-nov-19-Primera-Division-1.jpg\" src=\"https:\/\/www.hoymercedes.com.ar\/principal\/wp-content\/uploads\/2019\/11\/ALFA-Olivera-Campe\u00f3n-nov-19-Primera-Division-1.jpg\" alt=\"\" class=\"wp-image-102954\"\/><\/figure>\n\n\n\n<p> <strong>Alfa 2:<\/strong>&nbsp;Romina Mart\u00ednez, Patricia B\u00e1rzola, Serena Stevena, Milagros Grandolio, Bel\u00e9n Lucero, Victoria Mu\u00f1oz, Y\u00e9sica Nocetti, Natalia Palavecino, &nbsp;Magdalena Ruiz, Pamela Vergara y Mayra Iba\u00f1a.&nbsp;<strong>DT:<\/strong>&nbsp;Marcelo Mu\u00f1oz.&nbsp;<strong>Suplentes:&nbsp;<\/strong>Natalia Gallo, Ileana I\u00f1iguez y Stella Turello.<br><strong>El Front\u00f3n 1:<\/strong>&nbsp;Yamila Pacheco, Agostina Bustos, Daniela Cano, Agustina Cejas, Delfina D\u00edaz, Mar\u00eda Funes, Flavia Gonz\u00e1lez, Yamila Pacheco, Aldana Peralta, Marina Prado y Marianela Sorsen.&nbsp;<strong>DT:<\/strong>&nbsp;Jonathan Pacheco.&nbsp;<strong>Suplentes:<\/strong>&nbsp;Virginia Mart\u00ednez, Antonella Nonna, Laura Fern\u00e1ndez y Teresa Vallejos.<br><strong>Goles en el PT:<\/strong>&nbsp;A los 9\u2019 Magdalena Ruiz y a los 12\u2019 Mayra Iba\u00f1a para Alfa.<br><strong>Gol en el ST:<\/strong>&nbsp;A los 21\u2019 de penal Dalma Carranza para El Front\u00f3n.<br><strong>Cambios:<\/strong>&nbsp;Evelyn Moreyra por Mayra Iba\u00f1a, Natalia Gallo por Y\u00e9sica Nocetti y Kiara Balbuea por Evelyn Moreyra. Oriana Buscalia por Mar\u00eda Funes y Dalma Carranza por Agustina Cejas en El Front\u00f3n.<br><strong>Arbitro:<\/strong>&nbsp;Sergio Monz\u00f3n. <\/p>\n\n\n\n<p><strong>T\u00edtulos<\/strong><\/p>\n\n\n\n<p>El Front\u00f3n &#8211; Apertura 17<\/p>\n\n\n\n<p>ALFA &#8211; Clausura 17<\/p>\n\n\n\n<p>El Front\u00f3n &#8211; Apertura 18<\/p>\n\n\n\n<p>El Front\u00f3n &#8211; Clausura 18<\/p>\n\n\n\n<p>ALFA &#8211; Apertura 19<\/p>\n\n\n\n<p>ALFA &#8211; Clausura 19<\/p>\n\n\n\n<p><strong>Totales<\/strong><\/p>\n\n\n\n<p>El Front\u00f3n &#8211; 3<\/p>\n\n\n\n<p>ALFA &#8211; 3<\/p>\n\n\n\n<p><\/p>\n","protected":false},"excerpt":{"rendered":"<p>En cancha de la Liga Mercedina se jug\u00f3 la final de Primera Divisi\u00f3n del F\u00fatbol Femenino donde una vez m\u00e1s &#8230; <a title=\"ALFA es el campe\u00f3n de la Primera del F\u00fatbol Femenino\" class=\"read-more\" href=\"https:\/\/www.hoymercedes.com.ar\/principal\/2019\/11\/25\/alfa-es-el-campeon-de-la-primera-del-futbol-femenino\/\" aria-label=\"Leer m\u00e1s sobre ALFA es el campe\u00f3n de la Primera del F\u00fatbol Femenino\">Leer m\u00e1s<\/a><\/p>\n","protected":false},"author":1,"featured_media":102954,"comment_status":"closed","ping_status":"open","sticky":false,"template":"","format":"standard","meta":{"_monsterinsights_skip_tracking":false,"_monsterinsights_sitenote_active":false,"_monsterinsights_sitenote_note":"","_monsterinsights_sitenote_category":0,"jetpack_post_was_ever_published":false,"_jetpack_newsletter_access":"","_jetpack_dont_email_post_to_subs":false,"_jetpack_newsletter_tier_id":0,"_jetpack_memberships_contains_paywalled_content":false,"_jetpack_memberships_contains_paid_content":false,"footnotes":"","jetpack_publicize_message":"","jetpack_publicize_feature_enabled":true,"jetpack_social_post_already_shared":true,"jetpack_social_options":{"image_generator_settings":{"template":"highway","default_image_id":0,"font":"","enabled":false},"version":2},"_wpas_customize_per_network":false},"categories":[21],"tags":[],"class_list":["post-102931","post","type-post","status-publish","format-standard","has-post-thumbnail","hentry","category-deportes","generate-columns","tablet-grid-50","mobile-grid-100","grid-parent","grid-50"],"jetpack_publicize_connections":[],"jetpack_featured_media_url":"https:\/\/www.hoymercedes.com.ar\/principal\/wp-content\/uploads\/2019\/11\/ALFA-Olivera-Campe\u00f3n-nov-19-Primera-Division-1.jpg","wps_subtitle":"Liga Mercedina","jetpack_sharing_enabled":true,"_links":{"self":[{"href":"https:\/\/www.hoymercedes.com.ar\/principal\/wp-json\/wp\/v2\/posts\/102931","targetHints":{"allow":["GET"]}}],"collection":[{"href":"https:\/\/www.hoymercedes.com.ar\/principal\/wp-json\/wp\/v2\/posts"}],"about":[{"href":"https:\/\/www.hoymercedes.com.ar\/principal\/wp-json\/wp\/v2\/types\/post"}],"author":[{"embeddable":true,"href":"https:\/\/www.hoymercedes.com.ar\/principal\/wp-json\/wp\/v2\/users\/1"}],"replies":[{"embeddable":true,"href":"https:\/\/www.hoymercedes.com.ar\/principal\/wp-json\/wp\/v2\/comments?post=102931"}],"version-history":[{"count":0,"href":"https:\/\/www.hoymercedes.com.ar\/principal\/wp-json\/wp\/v2\/posts\/102931\/revisions"}],"wp:featuredmedia":[{"embeddable":true,"href":"https:\/\/www.hoymercedes.com.ar\/principal\/wp-json\/wp\/v2\/media\/102954"}],"wp:attachment":[{"href":"https:\/\/www.hoymercedes.com.ar\/principal\/wp-json\/wp\/v2\/media?parent=102931"}],"wp:term":[{"taxonomy":"category","embeddable":true,"href":"https:\/\/www.hoymercedes.com.ar\/principal\/wp-json\/wp\/v2\/categories?post=102931"},{"taxonomy":"post_tag","embeddable":true,"href":"https:\/\/www.hoymercedes.com.ar\/principal\/wp-json\/wp\/v2\/tags?post=102931"}],"curies":[{"name":"wp","href":"https:\/\/api.w.org\/{rel}","templated":true}]}}