{"id":102967,"date":"2019-11-25T17:48:23","date_gmt":"2019-11-25T20:48:23","guid":{"rendered":"http:\/\/www.hoymercedes.com.ar\/principal\/?p=102967"},"modified":"2019-11-26T08:17:31","modified_gmt":"2019-11-26T11:17:31","slug":"la-defensoria-elaboro-recomendaciones-para-que-el-estado-aplique-politicas-con-perspectiva-de-genero","status":"publish","type":"post","link":"https:\/\/www.hoymercedes.com.ar\/principal\/2019\/11\/25\/la-defensoria-elaboro-recomendaciones-para-que-el-estado-aplique-politicas-con-perspectiva-de-genero\/","title":{"rendered":"La Defensor\u00eda elabor\u00f3 recomendaciones para que el Estado aplique pol\u00edticas con perspectiva de g\u00e9nero"},"content":{"rendered":"\n<p>A trav\u00e9s de los Foros de Mujeres y Personas de G\u00e9neros Disidentes, el organismo que conduce Guido Lorenzino elabor\u00f3 un informe que presentar\u00e1 a las nuevas autoridades nacionales y provinciales.<br> Con la intenci\u00f3n de que el Estado implemente pol\u00edticas p\u00fablicas que garanticen la prevenci\u00f3n de la violencia de g\u00e9nero de manera integral, la Defensor\u00eda del Pueblo bonaerense implement\u00f3 los Foros de Mujeres y Personas de G\u00e9neros Disidentes en diferentes distritos de la Provincia.<\/p>\n\n\n\n<p>La Defensor\u00eda gener\u00f3 este espacio como respuesta a una dura problem\u00e1tica: la alta cantidad de femicidios; que las personas trans y travestis tengan una expectativa de vida de 35 a\u00f1os; o que las mujeres dediquen la mayor parte de su tiempo al trabajo no pago, entre otras situaciones de vulnerabilidad.<\/p>\n\n\n\n<p>Es por eso que el Organismo consult\u00f3 a quienes se dedican de manera cotidiana y comprometida a pensar c\u00f3mo revertir esta injusta realidad, como las organizaciones sociales, pol\u00edticas, trabajadorxs de la educaci\u00f3n, de la Justicia, de la seguridad y de los derechos humanos. <\/p>\n\n\n\n<p>De marzo a julio, los Foros se desarrollaron en La Plata, Lomas de Zamora, Mar del Plata, Pergamino y Tornquist, con encuentros que tuvieron car\u00e1cter regional y que contaron con la presencia de cientos de mujeres de diferentes ciudades con el deseo y la necesidad de hacer o\u00edr su voz a trav\u00e9s de esta iniciativa.  <\/p>\n\n\n\n<p>Mediante mesas de trabajo y con din\u00e1micas de taller, se manifest\u00f3 la necesidad de dise\u00f1ar pol\u00edticas p\u00fablicas para generar o fortalecer programas de abordaje de la violencia de g\u00e9nero, como acompa\u00f1amiento y medidas de protecci\u00f3n a las v\u00edctimas de violencia de g\u00e9nero; el abordaje de sus agresores; la capacitaci\u00f3n al personal del Estado en perspectiva de g\u00e9nero; la puesta en marcha de pol\u00edticas educativas, salud, seguridad, justicia y de participaci\u00f3n pol\u00edtica. <\/p>\n\n\n\n<p>As\u00ed mismo, se expres\u00f3 la necesidad de promover el acceso al empleo de mujeres y personas travestis y trans y la creaci\u00f3n de \u00e1mbitos de asesoramiento y acompa\u00f1amiento en situaci\u00f3n de acoso y abuso sexual, entre otras iniciativas.<br> El relevamiento de estos Foros se traduce en un informe t\u00e9cnico que, a manera de recomendaci\u00f3n, se propone un lugar en la agenda de las pol\u00edticas que llevar\u00e1n adelante las  autoridades electas en las \u00faltimas elecciones y que se har\u00e1n cargo de las gestiones en el \u00e1mbito ejecutivo y legislativo. <\/p>\n\n\n\n<p>\u201cLas recomendaciones que surgieron a partir del trabajo de los foros tienen la finalidad de contribuir a la construcci\u00f3n de un piso m\u00ednimo de pol\u00edticas de Estado que garanticen que no retroceda el acceso a los derechos sociales, pol\u00edticos, culturales y econ\u00f3micas de manera equitativa\u00bb, sostuvo Lorenzino.<\/p>\n\n\n\n<p>Fuente: Defensor del Pueblo Bonaerense<\/p>\n","protected":false},"excerpt":{"rendered":"<p>A trav\u00e9s de los Foros de Mujeres y Personas de G\u00e9neros Disidentes, el organismo que conduce Guido Lorenzino elabor\u00f3 un &#8230; <a title=\"La Defensor\u00eda elabor\u00f3 recomendaciones para que el Estado aplique pol\u00edticas con perspectiva de g\u00e9nero\" class=\"read-more\" href=\"https:\/\/www.hoymercedes.com.ar\/principal\/2019\/11\/25\/la-defensoria-elaboro-recomendaciones-para-que-el-estado-aplique-politicas-con-perspectiva-de-genero\/\" aria-label=\"Leer m\u00e1s sobre La Defensor\u00eda elabor\u00f3 recomendaciones para que el Estado aplique pol\u00edticas con perspectiva de g\u00e9nero\">Leer m\u00e1s<\/a><\/p>\n","protected":false},"author":1,"featured_media":102971,"comment_status":"closed","ping_status":"open","sticky":false,"template":"","format":"standard","meta":{"_monsterinsights_skip_tracking":false,"_monsterinsights_sitenote_active":false,"_monsterinsights_sitenote_note":"","_monsterinsights_sitenote_category":0,"jetpack_post_was_ever_published":false,"_jetpack_newsletter_access":"","_jetpack_dont_email_post_to_subs":false,"_jetpack_newsletter_tier_id":0,"_jetpack_memberships_contains_paywalled_content":false,"_jetpack_memberships_contains_paid_content":false,"footnotes":"","jetpack_publicize_message":"","jetpack_publicize_feature_enabled":true,"jetpack_social_post_already_shared":true,"jetpack_social_options":{"image_generator_settings":{"template":"highway","default_image_id":0,"font":"","enabled":false},"version":2},"_wpas_customize_per_network":false},"categories":[8881],"tags":[15959,9284,1803],"class_list":["post-102967","post","type-post","status-publish","format-standard","has-post-thumbnail","hentry","category-provincia","tag-contra-la-violencia-hacia-la-mujer","tag-defensor-del-pueblo","tag-provincia","generate-columns","tablet-grid-50","mobile-grid-100","grid-parent","grid-50"],"jetpack_publicize_connections":[],"jetpack_featured_media_url":"https:\/\/www.hoymercedes.com.ar\/principal\/wp-content\/uploads\/2019\/11\/Noviembre-25-violencia-contra-la-mujer-800x800.jpg","wps_subtitle":"","jetpack_sharing_enabled":true,"_links":{"self":[{"href":"https:\/\/www.hoymercedes.com.ar\/principal\/wp-json\/wp\/v2\/posts\/102967","targetHints":{"allow":["GET"]}}],"collection":[{"href":"https:\/\/www.hoymercedes.com.ar\/principal\/wp-json\/wp\/v2\/posts"}],"about":[{"href":"https:\/\/www.hoymercedes.com.ar\/principal\/wp-json\/wp\/v2\/types\/post"}],"author":[{"embeddable":true,"href":"https:\/\/www.hoymercedes.com.ar\/principal\/wp-json\/wp\/v2\/users\/1"}],"replies":[{"embeddable":true,"href":"https:\/\/www.hoymercedes.com.ar\/principal\/wp-json\/wp\/v2\/comments?post=102967"}],"version-history":[{"count":0,"href":"https:\/\/www.hoymercedes.com.ar\/principal\/wp-json\/wp\/v2\/posts\/102967\/revisions"}],"wp:featuredmedia":[{"embeddable":true,"href":"https:\/\/www.hoymercedes.com.ar\/principal\/wp-json\/wp\/v2\/media\/102971"}],"wp:attachment":[{"href":"https:\/\/www.hoymercedes.com.ar\/principal\/wp-json\/wp\/v2\/media?parent=102967"}],"wp:term":[{"taxonomy":"category","embeddable":true,"href":"https:\/\/www.hoymercedes.com.ar\/principal\/wp-json\/wp\/v2\/categories?post=102967"},{"taxonomy":"post_tag","embeddable":true,"href":"https:\/\/www.hoymercedes.com.ar\/principal\/wp-json\/wp\/v2\/tags?post=102967"}],"curies":[{"name":"wp","href":"https:\/\/api.w.org\/{rel}","templated":true}]}}