{"id":102974,"date":"2019-11-25T20:19:15","date_gmt":"2019-11-25T23:19:15","guid":{"rendered":"http:\/\/www.hoymercedes.com.ar\/principal\/?p=102974"},"modified":"2019-11-25T20:19:20","modified_gmt":"2019-11-25T23:19:20","slug":"damas-y-caballeros-iniciaron-un-nuevo-torneo","status":"publish","type":"post","link":"https:\/\/www.hoymercedes.com.ar\/principal\/2019\/11\/25\/damas-y-caballeros-iniciaron-un-nuevo-torneo\/","title":{"rendered":"Damas y caballeros iniciaron un nuevo torneo"},"content":{"rendered":"\n<p>El tradicional complejo mercedino, liderado por los hermanos Bonamino junto a un intachable grupo de colaboradores, comenz\u00f3 otra etapa m\u00e1s de campeonatos nocturnos. Tanto en damas como en hombres, los equipos de un nivel alto, y cada partido resulta m\u00e1s que atractivo para los ojos de quienes asisten las noches de viernes.<\/p>\n\n\n\n<figure class=\"wp-block-image size-large\"><img loading=\"lazy\" decoding=\"async\" width=\"768\" height=\"1024\" data-attachment-id=\"102975\" data-permalink=\"https:\/\/www.hoymercedes.com.ar\/principal\/2019\/11\/25\/damas-y-caballeros-iniciaron-un-nuevo-torneo\/las-picantes-jpg\/#main\" data-orig-file=\"https:\/\/www.hoymercedes.com.ar\/principal\/wp-content\/uploads\/2019\/11\/las-picantes.jpg.jpg\" data-orig-size=\"768,1024\" data-comments-opened=\"0\" data-image-meta=\"{&quot;aperture&quot;:&quot;0&quot;,&quot;credit&quot;:&quot;&quot;,&quot;camera&quot;:&quot;&quot;,&quot;caption&quot;:&quot;&quot;,&quot;created_timestamp&quot;:&quot;0&quot;,&quot;copyright&quot;:&quot;&quot;,&quot;focal_length&quot;:&quot;0&quot;,&quot;iso&quot;:&quot;0&quot;,&quot;shutter_speed&quot;:&quot;0&quot;,&quot;title&quot;:&quot;&quot;,&quot;orientation&quot;:&quot;0&quot;}\" data-image-title=\"las-picantes.jpg\" data-image-description=\"\" data-image-caption=\"\" data-large-file=\"https:\/\/www.hoymercedes.com.ar\/principal\/wp-content\/uploads\/2019\/11\/las-picantes.jpg.jpg\" src=\"https:\/\/www.hoymercedes.com.ar\/principal\/wp-content\/uploads\/2019\/11\/las-picantes.jpg.jpg\" alt=\"\" class=\"wp-image-102975\"\/><\/figure>\n\n\n\n<p><strong>Hombres<br><\/strong>Trece son los planteles que integran este impactante torneo de caballeros. En principio, con respecto a la zona A, hay que mencionar que el team debutante de Interfas FC, tuvo una complicada parada ante el poderoso Ton Dam\u00f3n. Con gran estilo de juego, y certero a la hora de las definici\u00f3n, los del internet sumaron de a tres luego de quedarse con el juego por cuatro tantos a tres.<\/p>\n\n\n\n<p>En otro de los enfrentamientos correspondientes a este grupo A, los vigentes campeones, La Pesada FC, arrancaron con el pie derecho. Los de la habitual casaca negra con vivos amarillos, fueron duros y complicados para Los Amigos FC, quienes no supieron c\u00f3mo contrarrestarlo a su rival, y cayeron por cinco goles a tres.<\/p>\n\n\n\n<p>Los muchachos de Los Robles se midieron contra otro que debut\u00f3, como hizo el conjunto de Calvillo FC. Sin salirse de su papel, Los Robles fue determinante y ofensivo, para finalizar la historia por diez a tres en su favor, y ser uno de los punteros.<\/p>\n\n\n\n<p>En lo acontecido en la llave B, Don Covacha, que anteriormente hizo un enorme torneo, aplast\u00f3 en la primera fecha a los chicos de La Vieja Escuela. El resultado final determin\u00f3 un quince a tres para Don Covacha, la sumatoria de tres unidades, y seis anotaciones para Mart\u00edn Vega, quien fue la gran figura de la cancha. Culminada su presencia dentro del verde c\u00e9sped, los players de los Ftir\u00e1pteros festejaron su gran victoria contra Ovodec FC por&nbsp;ocho a cuatro. Maximiliano Arzani fue el distinguido del enfrentamiento, ya que se adjudic\u00f3 cuatro anotaciones.<\/p>\n\n\n\n<p>Lo \u00faltimo para decir del torneo de veteranos es que Deportivo Benedetti tuvo una impecable performance frente a FC Real Madrid, y lo apabull\u00f3. Fue una terrible goleada de catorce a cuatro.<\/p>\n\n\n\n<p><strong>Damas<br><\/strong>Los tres partidos que se jugaron fueron electrizantes, con buenos goles, tanto de jugadas colectivas como de individuales. Las mujeres de No Sabemos Jugar FC fue contundente y destroz\u00f3 al Club Policial Altamira FC por ocho tantos a cero, con una tripleta de la habilidosa Julieta Olivieri.<\/p>\n\n\n\n<p>Unidades por el Bal\u00f3n FC y Barrio San Mart\u00edn Damas se enfrentaron en otro de los turnos pactados. En esta historia, la balanza se equilibr\u00f3 para el lado de Unidas por el Bal\u00f3n FC, y terminaron triunfando por cuatro a dos.<\/p>\n\n\n\n<p>Real Colicas FC sac\u00f3 su chapa de campe\u00f3n y arranc\u00f3 el campeonato de la mejor manera. Ya est\u00e1 en lo m\u00e1s alto de la tabla de posiciones, luego de derrotar a Las Picantes FC por seis a dos.<\/p>\n\n\n\n<p><strong>Resultados<br><\/strong>No Sabemos Jugar FC: 8 (Julieta Olivieri 3, Lucila Addis, Vanesa D\u00edaz 2).<br>Club Policial Altamira FC: 0.<\/p>\n\n\n\n<p>Real Colicas FC: 6 (Sof\u00eda Ferreyra, Agustina Bernaule 3, Gabriela Gorosito 2).<br>Las Picantes FC: 2 (Bianca Verzello, Agustina Duarte).<\/p>\n\n\n\n<p>Unidas por el Bal\u00f3n FC: 4 (Mariana Vega 2, Daiana Iba\u00f1a, Ver\u00f3nica Gonz\u00e1lez).<br>Barrio San Mart\u00edn Damas: 2 (Anal\u00eda Maidana, Agustina Katia).<\/p>\n\n\n\n<p><strong>Resultados<br><\/strong>Interfas FC: 4 (Fernando Leguizam\u00f3n, Nahuel Atampi 2, Braian Ojeda).<br>Ron Dam\u00f3n: 3 (Leandro Devincenzi, Jorge Montenegro 2)<\/p>\n\n\n\n<p>La Vieja Escuela: 3 (Juan Manuel Konig 3).<br>Don Covacha: 15 (Federico Baccomarone 2, Dami\u00e1n Carrera, Luciano Aveni 4, Martin Vega 6, Eric Pizzurno, Nicol\u00e1s Constantino).<\/p>\n\n\n\n<p>Los Ftir\u00e1pteros: 8 (Maximiliano Arzani 4, Lucas Cuello, Maximiliano Defelippe, Agust\u00edn Cuello 2).<br>Ovodec FC: 4 (Francisco Gorosito 2, Braian Duarte, Jonathan Duarte).<\/p>\n\n\n\n<p>La Pesada FC: 5 (Alejandro Carrera 5).<br>Los Amigos FC: 3 (Braian Leguizam\u00f3n 3).<\/p>\n\n\n\n<p>Deportivo Benedetti: 14 (Maximiliano Aboitiz e\/c, Sergio Ravassa 2, Diego Villareal 3, Jonathan Ullua 4, Lucio Ojeda 2, Gabriel Gordillo 2).<br>FC Real Madrid: 4 (Maximiliano Aboitiz 2, Gast\u00f3n Moreno 2).<\/p>\n\n\n\n<p>Los Robles: 10 (Federico Jurado 2, Leonel Resqu\u00edn, Braian Rojas 2, Gast\u00f3n Tust 2, Emiliano Ramis 3).<br>Calvillo FC: 3 (Franco Trofelli, Valent\u00edn P\u00e9rez, Adri\u00e1n Natale)<\/p>\n\n\n\n<p><strong>Pr\u00f3xima fecha damas<br><\/strong>Las Picantes FC vs. No Sabemos Jugar FC.<br>Real Colicas FC vs. Barrio San Mart\u00edn Damas.<br>Club Policial Altamira vs. Unidas por el Bal\u00f3n FC.<\/p>\n\n\n\n<p><strong>Pr\u00f3xima fecha hombres<br><\/strong>Barrio San Martin vs. Los Amigos FC..<br>Don Covacha va Ovodec FC.<br>Los Robles vs. Ron Dam\u00f3n.<br>La Vieja Escuela vs. Deportivo Benedetti.<br>La Pesada FC vs. Calvillo FC.<br>FC Real Madrid vs. Los Ftir\u00e1pteros.<\/p>\n\n\n\n<div class=\"wp-block-image\"><figure class=\"aligncenter size-large\"><img loading=\"lazy\" decoding=\"async\" width=\"352\" height=\"418\" data-attachment-id=\"102976\" data-permalink=\"https:\/\/www.hoymercedes.com.ar\/principal\/2019\/11\/25\/damas-y-caballeros-iniciaron-un-nuevo-torneo\/menores-brava-imagen-2019\/#main\" data-orig-file=\"https:\/\/www.hoymercedes.com.ar\/principal\/wp-content\/uploads\/2019\/11\/menores-brava-imagen-2019.png\" data-orig-size=\"352,418\" data-comments-opened=\"0\" data-image-meta=\"{&quot;aperture&quot;:&quot;0&quot;,&quot;credit&quot;:&quot;&quot;,&quot;camera&quot;:&quot;&quot;,&quot;caption&quot;:&quot;&quot;,&quot;created_timestamp&quot;:&quot;0&quot;,&quot;copyright&quot;:&quot;&quot;,&quot;focal_length&quot;:&quot;0&quot;,&quot;iso&quot;:&quot;0&quot;,&quot;shutter_speed&quot;:&quot;0&quot;,&quot;title&quot;:&quot;&quot;,&quot;orientation&quot;:&quot;0&quot;}\" data-image-title=\"menores-brava-imagen-2019\" data-image-description=\"\" data-image-caption=\"\" data-large-file=\"https:\/\/www.hoymercedes.com.ar\/principal\/wp-content\/uploads\/2019\/11\/menores-brava-imagen-2019.png\" src=\"https:\/\/www.hoymercedes.com.ar\/principal\/wp-content\/uploads\/2019\/11\/menores-brava-imagen-2019.png\" alt=\"\" class=\"wp-image-102976\"\/><\/figure><\/div>\n\n\n\n<div class=\"wp-block-image\"><figure class=\"aligncenter size-large\"><img loading=\"lazy\" decoding=\"async\" width=\"357\" height=\"255\" data-attachment-id=\"102977\" data-permalink=\"https:\/\/www.hoymercedes.com.ar\/principal\/2019\/11\/25\/damas-y-caballeros-iniciaron-un-nuevo-torneo\/damas-brava-imagen-2019\/#main\" data-orig-file=\"https:\/\/www.hoymercedes.com.ar\/principal\/wp-content\/uploads\/2019\/11\/damas-brava-imagen-2019.png\" data-orig-size=\"357,255\" data-comments-opened=\"0\" data-image-meta=\"{&quot;aperture&quot;:&quot;0&quot;,&quot;credit&quot;:&quot;&quot;,&quot;camera&quot;:&quot;&quot;,&quot;caption&quot;:&quot;&quot;,&quot;created_timestamp&quot;:&quot;0&quot;,&quot;copyright&quot;:&quot;&quot;,&quot;focal_length&quot;:&quot;0&quot;,&quot;iso&quot;:&quot;0&quot;,&quot;shutter_speed&quot;:&quot;0&quot;,&quot;title&quot;:&quot;&quot;,&quot;orientation&quot;:&quot;0&quot;}\" data-image-title=\"damas-brava-imagen-2019\" data-image-description=\"\" data-image-caption=\"\" data-large-file=\"https:\/\/www.hoymercedes.com.ar\/principal\/wp-content\/uploads\/2019\/11\/damas-brava-imagen-2019.png\" src=\"https:\/\/www.hoymercedes.com.ar\/principal\/wp-content\/uploads\/2019\/11\/damas-brava-imagen-2019.png\" alt=\"\" class=\"wp-image-102977\"\/><\/figure><\/div>\n","protected":false},"excerpt":{"rendered":"<p>El tradicional complejo mercedino, liderado por los hermanos Bonamino junto a un intachable grupo de colaboradores, comenz\u00f3 otra etapa m\u00e1s &#8230; <a title=\"Damas y caballeros iniciaron un nuevo torneo\" class=\"read-more\" href=\"https:\/\/www.hoymercedes.com.ar\/principal\/2019\/11\/25\/damas-y-caballeros-iniciaron-un-nuevo-torneo\/\" aria-label=\"Leer m\u00e1s sobre Damas y caballeros iniciaron un nuevo torneo\">Leer m\u00e1s<\/a><\/p>\n","protected":false},"author":1,"featured_media":102975,"comment_status":"closed","ping_status":"open","sticky":false,"template":"","format":"standard","meta":{"_monsterinsights_skip_tracking":false,"_monsterinsights_sitenote_active":false,"_monsterinsights_sitenote_note":"","_monsterinsights_sitenote_category":0,"jetpack_post_was_ever_published":false,"_jetpack_newsletter_access":"","_jetpack_dont_email_post_to_subs":false,"_jetpack_newsletter_tier_id":0,"_jetpack_memberships_contains_paywalled_content":false,"_jetpack_memberships_contains_paid_content":false,"footnotes":"","jetpack_publicize_message":"","jetpack_publicize_feature_enabled":true,"jetpack_social_post_already_shared":true,"jetpack_social_options":{"image_generator_settings":{"template":"highway","default_image_id":0,"font":"","enabled":false},"version":2},"_wpas_customize_per_network":false},"categories":[21],"tags":[],"class_list":["post-102974","post","type-post","status-publish","format-standard","has-post-thumbnail","hentry","category-deportes","generate-columns","tablet-grid-50","mobile-grid-100","grid-parent","grid-50"],"jetpack_publicize_connections":[],"jetpack_featured_media_url":"https:\/\/www.hoymercedes.com.ar\/principal\/wp-content\/uploads\/2019\/11\/las-picantes.jpg.jpg","wps_subtitle":"La Brava Villa Deportiva","jetpack_sharing_enabled":true,"_links":{"self":[{"href":"https:\/\/www.hoymercedes.com.ar\/principal\/wp-json\/wp\/v2\/posts\/102974","targetHints":{"allow":["GET"]}}],"collection":[{"href":"https:\/\/www.hoymercedes.com.ar\/principal\/wp-json\/wp\/v2\/posts"}],"about":[{"href":"https:\/\/www.hoymercedes.com.ar\/principal\/wp-json\/wp\/v2\/types\/post"}],"author":[{"embeddable":true,"href":"https:\/\/www.hoymercedes.com.ar\/principal\/wp-json\/wp\/v2\/users\/1"}],"replies":[{"embeddable":true,"href":"https:\/\/www.hoymercedes.com.ar\/principal\/wp-json\/wp\/v2\/comments?post=102974"}],"version-history":[{"count":0,"href":"https:\/\/www.hoymercedes.com.ar\/principal\/wp-json\/wp\/v2\/posts\/102974\/revisions"}],"wp:featuredmedia":[{"embeddable":true,"href":"https:\/\/www.hoymercedes.com.ar\/principal\/wp-json\/wp\/v2\/media\/102975"}],"wp:attachment":[{"href":"https:\/\/www.hoymercedes.com.ar\/principal\/wp-json\/wp\/v2\/media?parent=102974"}],"wp:term":[{"taxonomy":"category","embeddable":true,"href":"https:\/\/www.hoymercedes.com.ar\/principal\/wp-json\/wp\/v2\/categories?post=102974"},{"taxonomy":"post_tag","embeddable":true,"href":"https:\/\/www.hoymercedes.com.ar\/principal\/wp-json\/wp\/v2\/tags?post=102974"}],"curies":[{"name":"wp","href":"https:\/\/api.w.org\/{rel}","templated":true}]}}