{"id":102984,"date":"2019-11-26T11:27:27","date_gmt":"2019-11-26T14:27:27","guid":{"rendered":"http:\/\/www.hoymercedes.com.ar\/principal\/?p=102984"},"modified":"2019-11-25T20:30:02","modified_gmt":"2019-11-25T23:30:02","slug":"margarita-bustos-en-el-campeonato-republica-argentina","status":"publish","type":"post","link":"https:\/\/www.hoymercedes.com.ar\/principal\/2019\/11\/26\/margarita-bustos-en-el-campeonato-republica-argentina\/","title":{"rendered":"Margarita Bustos en el campeonato Rep\u00fablica Argentina"},"content":{"rendered":"\n<p>Fue la \u00fanica mercedina presente en el Campeonato Rep\u00fablica Argentina, con muy buena participaci\u00f3n.<\/p>\n\n\n\n<figure class=\"wp-block-image size-large\"><img loading=\"lazy\" decoding=\"async\" width=\"1080\" height=\"719\" data-attachment-id=\"102985\" data-permalink=\"https:\/\/www.hoymercedes.com.ar\/principal\/2019\/11\/26\/margarita-bustos-en-el-campeonato-republica-argentina\/whatsapp-image-2019-11-24-at-19-34-12\/#main\" data-orig-file=\"https:\/\/www.hoymercedes.com.ar\/principal\/wp-content\/uploads\/2019\/11\/WhatsApp-Image-2019-11-24-at-19.34.12.jpeg\" data-orig-size=\"1080,719\" data-comments-opened=\"0\" data-image-meta=\"{&quot;aperture&quot;:&quot;0&quot;,&quot;credit&quot;:&quot;&quot;,&quot;camera&quot;:&quot;&quot;,&quot;caption&quot;:&quot;&quot;,&quot;created_timestamp&quot;:&quot;0&quot;,&quot;copyright&quot;:&quot;&quot;,&quot;focal_length&quot;:&quot;0&quot;,&quot;iso&quot;:&quot;0&quot;,&quot;shutter_speed&quot;:&quot;0&quot;,&quot;title&quot;:&quot;&quot;,&quot;orientation&quot;:&quot;0&quot;}\" data-image-title=\"WhatsApp-Image-2019-11-24-at-19.34.12\" data-image-description=\"\" data-image-caption=\"\" data-large-file=\"https:\/\/www.hoymercedes.com.ar\/principal\/wp-content\/uploads\/2019\/11\/WhatsApp-Image-2019-11-24-at-19.34.12.jpeg\" src=\"https:\/\/www.hoymercedes.com.ar\/principal\/wp-content\/uploads\/2019\/11\/WhatsApp-Image-2019-11-24-at-19.34.12.jpeg\" alt=\"\" class=\"wp-image-102985\"\/><\/figure>\n\n\n\n<p>En las instalaciones del Club H\u00edpico Argentino se realiz\u00f3 el Concurso Oficial preliminar \u201cRep\u00fablica Argentina\u201d C.I.C.O \u201cA\u201d, perteneciente al calendario de la Federaci\u00f3n Ecuestre Argentina.<\/p>\n\n\n\n<p>De la Sociedad Rural Mercedes particip\u00f3 la amazona&nbsp;<strong>Margarita Bustos<\/strong>&nbsp;con Vittorio I en las pruebas de 90 cm y 1\/1.10 m, de tercera categor\u00eda.<\/p>\n\n\n\n<p>En la prueba de 90, definici\u00f3n tiempo directo, finaliz\u00f3 su recorrido sin puntos en contra, quedando posicionada en el noveno lugar.<\/p>\n\n\n\n<p>En 1\/1.10 m, definici\u00f3n dos fases especial, el binomio finaliz\u00f3 con un muy buen recorrido, sin lograr clasificar.<\/p>\n\n\n\n<p><strong>Para aprender equitaci\u00f3n.<\/strong><br>La SRRM cuenta con el \u00fanico predio con las instalaciones y el personal adecuado para realizar la actividad.<\/p>\n\n\n\n<p>\u2013 Caballos de especial mansedumbre<br>\u2013 A partir de los 4 a\u00f1os, sin l\u00edmite de edad<br>\u2013 Ruta Nacional 5 km 100 (sobre la ruta)<br>\u2013 Cel: 2324 15 684631<br>\u2013 M\u00e1s de 20 a\u00f1os de trayectoria<br>\u2013 EQUINOTERAPIA. Atenci\u00f3n por obras sociales<br>\u2013 Participaci\u00f3n en concursos de la Federaci\u00f3n Ecuestre y no oficiales para principiantes<br>\u2013 Inscripci\u00f3n todo el a\u00f1o.<\/p>\n","protected":false},"excerpt":{"rendered":"<p>Fue la \u00fanica mercedina presente en el Campeonato Rep\u00fablica Argentina, con muy buena participaci\u00f3n. En las instalaciones del Club H\u00edpico &#8230; <a title=\"Margarita Bustos en el campeonato Rep\u00fablica Argentina\" class=\"read-more\" href=\"https:\/\/www.hoymercedes.com.ar\/principal\/2019\/11\/26\/margarita-bustos-en-el-campeonato-republica-argentina\/\" aria-label=\"Leer m\u00e1s sobre Margarita Bustos en el campeonato Rep\u00fablica Argentina\">Leer m\u00e1s<\/a><\/p>\n","protected":false},"author":1,"featured_media":102985,"comment_status":"closed","ping_status":"open","sticky":false,"template":"","format":"standard","meta":{"_monsterinsights_skip_tracking":false,"_monsterinsights_sitenote_active":false,"_monsterinsights_sitenote_note":"","_monsterinsights_sitenote_category":0,"jetpack_post_was_ever_published":false,"_jetpack_newsletter_access":"","_jetpack_dont_email_post_to_subs":false,"_jetpack_newsletter_tier_id":0,"_jetpack_memberships_contains_paywalled_content":false,"_jetpack_memberships_contains_paid_content":false,"footnotes":"","jetpack_publicize_message":"","jetpack_publicize_feature_enabled":true,"jetpack_social_post_already_shared":true,"jetpack_social_options":{"image_generator_settings":{"template":"highway","default_image_id":0,"font":"","enabled":false},"version":2},"_wpas_customize_per_network":false},"categories":[21],"tags":[15955,1821,15956],"class_list":["post-102984","post","type-post","status-publish","format-standard","has-post-thumbnail","hentry","category-deportes","tag-campeonato-republica-argentina","tag-equitacion","tag-federacion-ecuestre-argentina","generate-columns","tablet-grid-50","mobile-grid-100","grid-parent","grid-50"],"jetpack_publicize_connections":[],"jetpack_featured_media_url":"https:\/\/www.hoymercedes.com.ar\/principal\/wp-content\/uploads\/2019\/11\/WhatsApp-Image-2019-11-24-at-19.34.12.jpeg","wps_subtitle":"Equitaci\u00f3n","jetpack_sharing_enabled":true,"_links":{"self":[{"href":"https:\/\/www.hoymercedes.com.ar\/principal\/wp-json\/wp\/v2\/posts\/102984","targetHints":{"allow":["GET"]}}],"collection":[{"href":"https:\/\/www.hoymercedes.com.ar\/principal\/wp-json\/wp\/v2\/posts"}],"about":[{"href":"https:\/\/www.hoymercedes.com.ar\/principal\/wp-json\/wp\/v2\/types\/post"}],"author":[{"embeddable":true,"href":"https:\/\/www.hoymercedes.com.ar\/principal\/wp-json\/wp\/v2\/users\/1"}],"replies":[{"embeddable":true,"href":"https:\/\/www.hoymercedes.com.ar\/principal\/wp-json\/wp\/v2\/comments?post=102984"}],"version-history":[{"count":0,"href":"https:\/\/www.hoymercedes.com.ar\/principal\/wp-json\/wp\/v2\/posts\/102984\/revisions"}],"wp:featuredmedia":[{"embeddable":true,"href":"https:\/\/www.hoymercedes.com.ar\/principal\/wp-json\/wp\/v2\/media\/102985"}],"wp:attachment":[{"href":"https:\/\/www.hoymercedes.com.ar\/principal\/wp-json\/wp\/v2\/media?parent=102984"}],"wp:term":[{"taxonomy":"category","embeddable":true,"href":"https:\/\/www.hoymercedes.com.ar\/principal\/wp-json\/wp\/v2\/categories?post=102984"},{"taxonomy":"post_tag","embeddable":true,"href":"https:\/\/www.hoymercedes.com.ar\/principal\/wp-json\/wp\/v2\/tags?post=102984"}],"curies":[{"name":"wp","href":"https:\/\/api.w.org\/{rel}","templated":true}]}}