{"id":103002,"date":"2019-11-26T08:16:17","date_gmt":"2019-11-26T11:16:17","guid":{"rendered":"http:\/\/www.hoymercedes.com.ar\/principal\/?p=103002"},"modified":"2019-11-26T08:17:46","modified_gmt":"2019-11-26T11:17:46","slug":"selva-el-camino-de-la-argentina-es-con-crecimiento","status":"publish","type":"post","link":"https:\/\/www.hoymercedes.com.ar\/principal\/2019\/11\/26\/selva-el-camino-de-la-argentina-es-con-crecimiento\/","title":{"rendered":"Selva: \u201cEl camino de la Argentina es con crecimiento\u201d"},"content":{"rendered":"\n<p>El viernes el diputado nacional Carlos Selva particip\u00f3 activamente del primer Encuentro de Integraci\u00f3n y Desarrollo Regional del departamento de R\u00edo Cuarto, en la provincia de C\u00f3rdoba.<\/p>\n\n\n\n<p>Fue organizado por los intendentes de Achiras, Adella Maria, Bulnes, Chaj\u00e1n, Elena, Holmberg, Las Acequias, Las Abacas, Malena, Sampacho y San Bacilio, y del que participaron actores sociales, econ\u00f3micos y productivos de la regi\u00f3n y miembros de la CGT y sectores empresarios.<\/p>\n\n\n\n<p>\u201cEl fortalecimiento de las econom\u00edas regionales y de los sectores productivos es fundamental en la etapa que viene para la Argentina\u201d, sostuvo Selva.<\/p>\n\n\n\n<p>\u201cEl camino de la Argentina es con crecimiento\u201d, marc\u00f3.<\/p>\n\n\n\n<p>\u201cEl proyecto que se pone en marcha a partir del 10 de diciembre de la mano de Alberto y de Cristina tiene como ejes la producci\u00f3n y el desarrollo, para que volvamos a tener un pa\u00eds que nos incluya a todos\u201d, agreg\u00f3 el diputado y felicit\u00f3 a los ciudadanos de R\u00edo Cuarto por encarar este desaf\u00edo de organizar a todos los actores sociales de la regi\u00f3n con un eje com\u00fan que es el desarrollo y el crecimiento.<\/p>\n\n\n\n<p>Fuente: Web Carlos Selva<\/p>\n","protected":false},"excerpt":{"rendered":"<p>El viernes el diputado nacional Carlos Selva particip\u00f3 activamente del primer Encuentro de Integraci\u00f3n y Desarrollo Regional del departamento de &#8230; <a title=\"Selva: \u201cEl camino de la Argentina es con crecimiento\u201d\" class=\"read-more\" href=\"https:\/\/www.hoymercedes.com.ar\/principal\/2019\/11\/26\/selva-el-camino-de-la-argentina-es-con-crecimiento\/\" aria-label=\"Leer m\u00e1s sobre Selva: \u201cEl camino de la Argentina es con crecimiento\u201d\">Leer m\u00e1s<\/a><\/p>\n","protected":false},"author":1,"featured_media":103004,"comment_status":"closed","ping_status":"open","sticky":false,"template":"","format":"standard","meta":{"_monsterinsights_skip_tracking":false,"_monsterinsights_sitenote_active":false,"_monsterinsights_sitenote_note":"","_monsterinsights_sitenote_category":0,"jetpack_post_was_ever_published":false,"_jetpack_newsletter_access":"","_jetpack_dont_email_post_to_subs":false,"_jetpack_newsletter_tier_id":0,"_jetpack_memberships_contains_paywalled_content":false,"_jetpack_memberships_contains_paid_content":false,"footnotes":"","jetpack_publicize_message":"","jetpack_publicize_feature_enabled":true,"jetpack_social_post_already_shared":true,"jetpack_social_options":{"image_generator_settings":{"template":"highway","default_image_id":0,"font":"","enabled":false},"version":2},"_wpas_customize_per_network":false},"categories":[5210],"tags":[39,10019,10113],"class_list":["post-103002","post","type-post","status-publish","format-standard","has-post-thumbnail","hentry","category-politica-nacional","tag-carlos-selva","tag-diputados-nacionales","tag-politica-nacional","generate-columns","tablet-grid-50","mobile-grid-100","grid-parent","grid-50"],"jetpack_publicize_connections":[],"jetpack_featured_media_url":"https:\/\/www.hoymercedes.com.ar\/principal\/wp-content\/uploads\/2019\/11\/26-selvaa.jpg","wps_subtitle":"","jetpack_sharing_enabled":true,"_links":{"self":[{"href":"https:\/\/www.hoymercedes.com.ar\/principal\/wp-json\/wp\/v2\/posts\/103002","targetHints":{"allow":["GET"]}}],"collection":[{"href":"https:\/\/www.hoymercedes.com.ar\/principal\/wp-json\/wp\/v2\/posts"}],"about":[{"href":"https:\/\/www.hoymercedes.com.ar\/principal\/wp-json\/wp\/v2\/types\/post"}],"author":[{"embeddable":true,"href":"https:\/\/www.hoymercedes.com.ar\/principal\/wp-json\/wp\/v2\/users\/1"}],"replies":[{"embeddable":true,"href":"https:\/\/www.hoymercedes.com.ar\/principal\/wp-json\/wp\/v2\/comments?post=103002"}],"version-history":[{"count":0,"href":"https:\/\/www.hoymercedes.com.ar\/principal\/wp-json\/wp\/v2\/posts\/103002\/revisions"}],"wp:featuredmedia":[{"embeddable":true,"href":"https:\/\/www.hoymercedes.com.ar\/principal\/wp-json\/wp\/v2\/media\/103004"}],"wp:attachment":[{"href":"https:\/\/www.hoymercedes.com.ar\/principal\/wp-json\/wp\/v2\/media?parent=103002"}],"wp:term":[{"taxonomy":"category","embeddable":true,"href":"https:\/\/www.hoymercedes.com.ar\/principal\/wp-json\/wp\/v2\/categories?post=103002"},{"taxonomy":"post_tag","embeddable":true,"href":"https:\/\/www.hoymercedes.com.ar\/principal\/wp-json\/wp\/v2\/tags?post=103002"}],"curies":[{"name":"wp","href":"https:\/\/api.w.org\/{rel}","templated":true}]}}