{"id":103006,"date":"2019-11-26T08:48:00","date_gmt":"2019-11-26T11:48:00","guid":{"rendered":"http:\/\/www.hoymercedes.com.ar\/principal\/?p=103006"},"modified":"2019-11-26T08:26:39","modified_gmt":"2019-11-26T11:26:39","slug":"dia-contra-la-violencia-hacia-la-mujer","status":"publish","type":"post","link":"https:\/\/www.hoymercedes.com.ar\/principal\/2019\/11\/26\/dia-contra-la-violencia-hacia-la-mujer\/","title":{"rendered":"D\u00eda contra la violencia hacia la mujer"},"content":{"rendered":"\n<p>En el marco del D\u00eda Internacional para la Eliminaci\u00f3n de la Violencia contra la Mujer, este lunes 25 de noviembre en el Teatro Argentino \u201cJulio C\u00e9sar Gioscio\u201d se realizaron las actividades previstas para hacer en la Plaza San Mart\u00edn. Actividades organizadas por la Casa de la Mujer y la coordinaci\u00f3n de Derechos Humanos y G\u00e9nero. <\/p>\n\n\n\n<figure class=\"wp-block-image size-large\"><img loading=\"lazy\" decoding=\"async\" width=\"800\" height=\"533\" data-attachment-id=\"103007\" data-permalink=\"https:\/\/www.hoymercedes.com.ar\/principal\/2019\/11\/26\/dia-contra-la-violencia-hacia-la-mujer\/25-mujer-acto-1\/#main\" data-orig-file=\"https:\/\/www.hoymercedes.com.ar\/principal\/wp-content\/uploads\/2019\/11\/25-mujer-acto-1.jpg\" data-orig-size=\"800,533\" data-comments-opened=\"0\" data-image-meta=\"{&quot;aperture&quot;:&quot;0&quot;,&quot;credit&quot;:&quot;&quot;,&quot;camera&quot;:&quot;&quot;,&quot;caption&quot;:&quot;&quot;,&quot;created_timestamp&quot;:&quot;0&quot;,&quot;copyright&quot;:&quot;&quot;,&quot;focal_length&quot;:&quot;0&quot;,&quot;iso&quot;:&quot;0&quot;,&quot;shutter_speed&quot;:&quot;0&quot;,&quot;title&quot;:&quot;&quot;,&quot;orientation&quot;:&quot;0&quot;}\" data-image-title=\"25 mujer acto 1\" data-image-description=\"\" data-image-caption=\"\" data-large-file=\"https:\/\/www.hoymercedes.com.ar\/principal\/wp-content\/uploads\/2019\/11\/25-mujer-acto-1.jpg\" src=\"https:\/\/www.hoymercedes.com.ar\/principal\/wp-content\/uploads\/2019\/11\/25-mujer-acto-1.jpg\" alt=\"\" class=\"wp-image-103007\"\/><\/figure>\n\n\n\n<p>Jorgelina Silva, Secretaria de Desarrollo Social, al dar inicio esta jornada manifest\u00f3 \u201cagradecer la presencia de todos y pensar que siempre el feminismo es un movimiento que est\u00e1 a la altura de la circunstancias en las luchas que tiene que estar\u201d. <\/p>\n\n\n\n<p>Por su parte, la Coordinadora de g\u00e9nero del Municipio de Mercedes, Lic. Guadalupe Gonz\u00e1lez se\u00f1al\u00f3 \u201choy es un d\u00eda de lucha donde nos juntamos adem\u00e1s para dar cierre a un trabajo que venimos haciendo desde La Casa de la Mujer que tiene que ver con la prevenci\u00f3n en el \u00e1mbito de la educaci\u00f3n y que tuvo por protagonistas a los adolescentes\u201d.<\/p>\n\n\n\n<p>\u201cComo sociedad a\u00fan seguimos alojando esta dificultad, por eso es necesario que continuemos reconociendo y visibilizando la implicancia de car\u00e1cter social, cultural e hist\u00f3rico de las relaciones entre los g\u00e9neros y que comencemos a cuestionar este orden para poder seguir avanzando y generando un cambio\u201d expres\u00f3 Mar\u00eda Jos\u00e9 Martino integrante de la Casa de la Mujer.<\/p>\n\n\n\n<p>Los trabajos realizados por los j\u00f3venes de las diferentes instituciones educativas tienen que ver con los cuestionamientos sobre esta problem\u00e1tica a trav\u00e9s de grafitis, im\u00e1genes, afiches y variados trabajos de contenido visual y gr\u00e1fico. Hubo lecturas, rap, presentaci\u00f3n de la revista de los chicos que efectuaron tareas sobre la tem\u00e1tica en el marco de J\u00f3venes y Memoria y el armado de pa\u00f1uelos, murales y pinturas.<\/p>\n","protected":false},"excerpt":{"rendered":"<p>En el marco del D\u00eda Internacional para la Eliminaci\u00f3n de la Violencia contra la Mujer, este lunes 25 de noviembre &#8230; <a title=\"D\u00eda contra la violencia hacia la mujer\" class=\"read-more\" href=\"https:\/\/www.hoymercedes.com.ar\/principal\/2019\/11\/26\/dia-contra-la-violencia-hacia-la-mujer\/\" aria-label=\"Leer m\u00e1s sobre D\u00eda contra la violencia hacia la mujer\">Leer m\u00e1s<\/a><\/p>\n","protected":false},"author":1,"featured_media":103007,"comment_status":"closed","ping_status":"open","sticky":false,"template":"","format":"standard","meta":{"_monsterinsights_skip_tracking":false,"_monsterinsights_sitenote_active":false,"_monsterinsights_sitenote_note":"","_monsterinsights_sitenote_category":0,"jetpack_post_was_ever_published":false,"_jetpack_newsletter_access":"","_jetpack_dont_email_post_to_subs":false,"_jetpack_newsletter_tier_id":0,"_jetpack_memberships_contains_paywalled_content":false,"_jetpack_memberships_contains_paid_content":false,"footnotes":"","jetpack_publicize_message":"","jetpack_publicize_feature_enabled":true,"jetpack_social_post_already_shared":true,"jetpack_social_options":{"image_generator_settings":{"template":"highway","default_image_id":0,"font":"","enabled":false},"version":2},"_wpas_customize_per_network":false},"categories":[30],"tags":[],"class_list":["post-103006","post","type-post","status-publish","format-standard","has-post-thumbnail","hentry","category-municipio","generate-columns","tablet-grid-50","mobile-grid-100","grid-parent","grid-50"],"jetpack_publicize_connections":[],"jetpack_featured_media_url":"https:\/\/www.hoymercedes.com.ar\/principal\/wp-content\/uploads\/2019\/11\/25-mujer-acto-1.jpg","wps_subtitle":"","jetpack_sharing_enabled":true,"_links":{"self":[{"href":"https:\/\/www.hoymercedes.com.ar\/principal\/wp-json\/wp\/v2\/posts\/103006","targetHints":{"allow":["GET"]}}],"collection":[{"href":"https:\/\/www.hoymercedes.com.ar\/principal\/wp-json\/wp\/v2\/posts"}],"about":[{"href":"https:\/\/www.hoymercedes.com.ar\/principal\/wp-json\/wp\/v2\/types\/post"}],"author":[{"embeddable":true,"href":"https:\/\/www.hoymercedes.com.ar\/principal\/wp-json\/wp\/v2\/users\/1"}],"replies":[{"embeddable":true,"href":"https:\/\/www.hoymercedes.com.ar\/principal\/wp-json\/wp\/v2\/comments?post=103006"}],"version-history":[{"count":0,"href":"https:\/\/www.hoymercedes.com.ar\/principal\/wp-json\/wp\/v2\/posts\/103006\/revisions"}],"wp:featuredmedia":[{"embeddable":true,"href":"https:\/\/www.hoymercedes.com.ar\/principal\/wp-json\/wp\/v2\/media\/103007"}],"wp:attachment":[{"href":"https:\/\/www.hoymercedes.com.ar\/principal\/wp-json\/wp\/v2\/media?parent=103006"}],"wp:term":[{"taxonomy":"category","embeddable":true,"href":"https:\/\/www.hoymercedes.com.ar\/principal\/wp-json\/wp\/v2\/categories?post=103006"},{"taxonomy":"post_tag","embeddable":true,"href":"https:\/\/www.hoymercedes.com.ar\/principal\/wp-json\/wp\/v2\/tags?post=103006"}],"curies":[{"name":"wp","href":"https:\/\/api.w.org\/{rel}","templated":true}]}}