{"id":103009,"date":"2019-11-26T09:32:56","date_gmt":"2019-11-26T12:32:56","guid":{"rendered":"http:\/\/www.hoymercedes.com.ar\/principal\/?p=103009"},"modified":"2019-11-26T09:33:57","modified_gmt":"2019-11-26T12:33:57","slug":"el-hcd-reconoce-al-piloto-automovilismo-javier-funcia","status":"publish","type":"post","link":"https:\/\/www.hoymercedes.com.ar\/principal\/2019\/11\/26\/el-hcd-reconoce-al-piloto-automovilismo-javier-funcia\/","title":{"rendered":"El HCD reconoce al piloto automovilismo Javier Funcia"},"content":{"rendered":"\n<p>En el marco de la \u00faltima sesi\u00f3n ordinaria del Concejo Deliberante de Mercedes del lunes, los legisladores entregaron una distinci\u00f3n y reconocimiento al corredor automovil\u00edstico Javier Funcia. <\/p>\n\n\n\n<figure class=\"wp-block-image size-large\"><img loading=\"lazy\" decoding=\"async\" width=\"800\" height=\"600\" data-attachment-id=\"103010\" data-permalink=\"https:\/\/www.hoymercedes.com.ar\/principal\/2019\/11\/26\/el-hcd-reconoce-al-piloto-automovilismo-javier-funcia\/26-funcia-800x600\/#main\" data-orig-file=\"https:\/\/www.hoymercedes.com.ar\/principal\/wp-content\/uploads\/2019\/11\/26-funcia-800x600.jpg\" data-orig-size=\"800,600\" data-comments-opened=\"0\" data-image-meta=\"{&quot;aperture&quot;:&quot;0&quot;,&quot;credit&quot;:&quot;&quot;,&quot;camera&quot;:&quot;&quot;,&quot;caption&quot;:&quot;&quot;,&quot;created_timestamp&quot;:&quot;0&quot;,&quot;copyright&quot;:&quot;&quot;,&quot;focal_length&quot;:&quot;0&quot;,&quot;iso&quot;:&quot;0&quot;,&quot;shutter_speed&quot;:&quot;0&quot;,&quot;title&quot;:&quot;&quot;,&quot;orientation&quot;:&quot;0&quot;}\" data-image-title=\"26 funcia 800&amp;#215;600\" data-image-description=\"\" data-image-caption=\"\" data-large-file=\"https:\/\/www.hoymercedes.com.ar\/principal\/wp-content\/uploads\/2019\/11\/26-funcia-800x600.jpg\" src=\"https:\/\/www.hoymercedes.com.ar\/principal\/wp-content\/uploads\/2019\/11\/26-funcia-800x600.jpg\" alt=\"\" class=\"wp-image-103010\"\/><\/figure>\n\n\n\n<p>Los presidentes de los bloques y la titular del cuerpo convocaron al corredor y a su familia para hacerle la entrega de la placa reconocimiento.<\/p>\n\n\n\n<p>Quien dio cuenta del proyecto y los motivos de la distinci\u00f3n legislativa fue el concejal Ceferino Costa, autor del proyecto, que record\u00f3 los a\u00f1os de participaci\u00f3n de las carreras de automovilismo del deportista. <\/p>\n\n\n\n<p>Por su parte, acompa\u00f1ado de la familia y equipo de trabajo, Funcia agradeci\u00f3 a los concejales y principalmente al equipo y familia que acompa\u00f1a en cada momento.<\/p>\n\n\n\n<figure class=\"wp-block-embed-youtube wp-block-embed is-type-video is-provider-youtube wp-embed-aspect-16-9 wp-has-aspect-ratio\"><div class=\"wp-block-embed__wrapper\">\n<span class=\"embed-youtube\" style=\"text-align:center; display: block;\"><iframe loading=\"lazy\" class=\"youtube-player\" width=\"1200\" height=\"675\" src=\"https:\/\/www.youtube.com\/embed\/ueN5nzaONI4?version=3&#038;rel=1&#038;showsearch=0&#038;showinfo=1&#038;iv_load_policy=1&#038;fs=1&#038;hl=es-ES&#038;autohide=2&#038;wmode=transparent\" allowfullscreen=\"true\" style=\"border:0;\" sandbox=\"allow-scripts allow-same-origin allow-popups allow-presentation allow-popups-to-escape-sandbox\"><\/iframe><\/span>\n<\/div><\/figure>\n","protected":false},"excerpt":{"rendered":"<p>En el marco de la \u00faltima sesi\u00f3n ordinaria del Concejo Deliberante de Mercedes del lunes, los legisladores entregaron una distinci\u00f3n &#8230; <a title=\"El HCD reconoce al piloto automovilismo Javier Funcia\" class=\"read-more\" href=\"https:\/\/www.hoymercedes.com.ar\/principal\/2019\/11\/26\/el-hcd-reconoce-al-piloto-automovilismo-javier-funcia\/\" aria-label=\"Leer m\u00e1s sobre El HCD reconoce al piloto automovilismo Javier Funcia\">Leer m\u00e1s<\/a><\/p>\n","protected":false},"author":1,"featured_media":103010,"comment_status":"closed","ping_status":"open","sticky":false,"template":"","format":"standard","meta":{"_monsterinsights_skip_tracking":false,"_monsterinsights_sitenote_active":false,"_monsterinsights_sitenote_note":"","_monsterinsights_sitenote_category":0,"jetpack_post_was_ever_published":false,"_jetpack_newsletter_access":"","_jetpack_dont_email_post_to_subs":false,"_jetpack_newsletter_tier_id":0,"_jetpack_memberships_contains_paywalled_content":false,"_jetpack_memberships_contains_paid_content":false,"footnotes":"","jetpack_publicize_message":"","jetpack_publicize_feature_enabled":true,"jetpack_social_post_already_shared":true,"jetpack_social_options":{"image_generator_settings":{"template":"highway","default_image_id":0,"font":"","enabled":false},"version":2},"_wpas_customize_per_network":false},"categories":[21],"tags":[],"class_list":["post-103009","post","type-post","status-publish","format-standard","has-post-thumbnail","hentry","category-deportes","generate-columns","tablet-grid-50","mobile-grid-100","grid-parent","grid-50"],"jetpack_publicize_connections":[],"jetpack_featured_media_url":"https:\/\/www.hoymercedes.com.ar\/principal\/wp-content\/uploads\/2019\/11\/26-funcia-800x600.jpg","wps_subtitle":"Distinci\u00f3n legislativa","jetpack_sharing_enabled":true,"_links":{"self":[{"href":"https:\/\/www.hoymercedes.com.ar\/principal\/wp-json\/wp\/v2\/posts\/103009","targetHints":{"allow":["GET"]}}],"collection":[{"href":"https:\/\/www.hoymercedes.com.ar\/principal\/wp-json\/wp\/v2\/posts"}],"about":[{"href":"https:\/\/www.hoymercedes.com.ar\/principal\/wp-json\/wp\/v2\/types\/post"}],"author":[{"embeddable":true,"href":"https:\/\/www.hoymercedes.com.ar\/principal\/wp-json\/wp\/v2\/users\/1"}],"replies":[{"embeddable":true,"href":"https:\/\/www.hoymercedes.com.ar\/principal\/wp-json\/wp\/v2\/comments?post=103009"}],"version-history":[{"count":0,"href":"https:\/\/www.hoymercedes.com.ar\/principal\/wp-json\/wp\/v2\/posts\/103009\/revisions"}],"wp:featuredmedia":[{"embeddable":true,"href":"https:\/\/www.hoymercedes.com.ar\/principal\/wp-json\/wp\/v2\/media\/103010"}],"wp:attachment":[{"href":"https:\/\/www.hoymercedes.com.ar\/principal\/wp-json\/wp\/v2\/media?parent=103009"}],"wp:term":[{"taxonomy":"category","embeddable":true,"href":"https:\/\/www.hoymercedes.com.ar\/principal\/wp-json\/wp\/v2\/categories?post=103009"},{"taxonomy":"post_tag","embeddable":true,"href":"https:\/\/www.hoymercedes.com.ar\/principal\/wp-json\/wp\/v2\/tags?post=103009"}],"curies":[{"name":"wp","href":"https:\/\/api.w.org\/{rel}","templated":true}]}}