{"id":103036,"date":"2019-11-26T19:15:00","date_gmt":"2019-11-26T22:15:00","guid":{"rendered":"http:\/\/www.hoymercedes.com.ar\/principal\/?p=103036"},"modified":"2019-11-26T19:07:39","modified_gmt":"2019-11-26T22:07:39","slug":"dos-casamientos-en-la-unidad-n-5","status":"publish","type":"post","link":"https:\/\/www.hoymercedes.com.ar\/principal\/2019\/11\/26\/dos-casamientos-en-la-unidad-n-5\/","title":{"rendered":"Dos casamientos en la Unidad N\u00b0 5"},"content":{"rendered":"\n<p>D\u00edas atr\u00e1s en la Unidad Penitenciaria N\u00b0 5 de Mercedes se llevaron adelante dos casamientos de internos con sus parejas. <\/p>\n\n\n\n<p>La Jefa del Registro Civil local Silvia Caseres se hizo presente en el penal de Mercedes  para oficializar el matrimonio de las dos parejas. En una sencilla ceremonia \u00ablos declar\u00f3 unidos civilmente ante la Ley\u00bb a los internos y sus parejas\u00a0<\/p>\n\n\n\n<p>Con la emoci\u00f3n que tiene este acto donde se unen dos personas, los novios y testigos se abrazaron para celebrarlo. <\/p>\n\n\n\n<p>En uno de los casos ya tienen dos hijos por lo que fue una culminaci\u00f3n a una situaci\u00f3n de pareja desde hace varios a\u00f1os. <\/p>\n","protected":false},"excerpt":{"rendered":"<p>D\u00edas atr\u00e1s en la Unidad Penitenciaria N\u00b0 5 de Mercedes se llevaron adelante dos casamientos de internos con sus parejas. &#8230; <a title=\"Dos casamientos en la Unidad N\u00b0 5\" class=\"read-more\" href=\"https:\/\/www.hoymercedes.com.ar\/principal\/2019\/11\/26\/dos-casamientos-en-la-unidad-n-5\/\" aria-label=\"Leer m\u00e1s sobre Dos casamientos en la Unidad N\u00b0 5\">Leer m\u00e1s<\/a><\/p>\n","protected":false},"author":1,"featured_media":103037,"comment_status":"closed","ping_status":"open","sticky":false,"template":"","format":"standard","meta":{"_monsterinsights_skip_tracking":false,"_monsterinsights_sitenote_active":false,"_monsterinsights_sitenote_note":"","_monsterinsights_sitenote_category":0,"jetpack_post_was_ever_published":false,"_jetpack_newsletter_access":"","_jetpack_dont_email_post_to_subs":false,"_jetpack_newsletter_tier_id":0,"_jetpack_memberships_contains_paywalled_content":false,"_jetpack_memberships_contains_paid_content":false,"footnotes":"","jetpack_publicize_message":"","jetpack_publicize_feature_enabled":true,"jetpack_social_post_already_shared":true,"jetpack_social_options":{"image_generator_settings":{"template":"highway","default_image_id":0,"font":"","enabled":false},"version":2},"_wpas_customize_per_network":false},"categories":[8],"tags":[],"class_list":["post-103036","post","type-post","status-publish","format-standard","has-post-thumbnail","hentry","category-sociedad","generate-columns","tablet-grid-50","mobile-grid-100","grid-parent","grid-50"],"jetpack_publicize_connections":[],"jetpack_featured_media_url":"https:\/\/www.hoymercedes.com.ar\/principal\/wp-content\/uploads\/2019\/11\/20191119_104121-1.jpg","wps_subtitle":"Dos internos con sus parejas","jetpack_sharing_enabled":true,"_links":{"self":[{"href":"https:\/\/www.hoymercedes.com.ar\/principal\/wp-json\/wp\/v2\/posts\/103036","targetHints":{"allow":["GET"]}}],"collection":[{"href":"https:\/\/www.hoymercedes.com.ar\/principal\/wp-json\/wp\/v2\/posts"}],"about":[{"href":"https:\/\/www.hoymercedes.com.ar\/principal\/wp-json\/wp\/v2\/types\/post"}],"author":[{"embeddable":true,"href":"https:\/\/www.hoymercedes.com.ar\/principal\/wp-json\/wp\/v2\/users\/1"}],"replies":[{"embeddable":true,"href":"https:\/\/www.hoymercedes.com.ar\/principal\/wp-json\/wp\/v2\/comments?post=103036"}],"version-history":[{"count":0,"href":"https:\/\/www.hoymercedes.com.ar\/principal\/wp-json\/wp\/v2\/posts\/103036\/revisions"}],"wp:featuredmedia":[{"embeddable":true,"href":"https:\/\/www.hoymercedes.com.ar\/principal\/wp-json\/wp\/v2\/media\/103037"}],"wp:attachment":[{"href":"https:\/\/www.hoymercedes.com.ar\/principal\/wp-json\/wp\/v2\/media?parent=103036"}],"wp:term":[{"taxonomy":"category","embeddable":true,"href":"https:\/\/www.hoymercedes.com.ar\/principal\/wp-json\/wp\/v2\/categories?post=103036"},{"taxonomy":"post_tag","embeddable":true,"href":"https:\/\/www.hoymercedes.com.ar\/principal\/wp-json\/wp\/v2\/tags?post=103036"}],"curies":[{"name":"wp","href":"https:\/\/api.w.org\/{rel}","templated":true}]}}