{"id":10304,"date":"2012-01-12T10:42:33","date_gmt":"2012-01-12T10:42:33","guid":{"rendered":"http:\/\/www.hoymercedes.com.ar\/principal\/?p=10304"},"modified":"2012-01-12T10:42:33","modified_gmt":"2012-01-12T10:42:33","slug":"concejales-de-union-pro-criticaron-al-municipio-por-el-tema-del-agua-potable","status":"publish","type":"post","link":"https:\/\/www.hoymercedes.com.ar\/principal\/2012\/01\/12\/concejales-de-union-pro-criticaron-al-municipio-por-el-tema-del-agua-potable\/","title":{"rendered":"Concejales de Uni\u00f3n Pro criticaron al municipio por el tema del agua potable"},"content":{"rendered":"<p><a href=\"https:\/\/www.hoymercedes.com.ar\/principal\/wp-content\/uploads\/2012\/01\/Benitez.jpg\"><img loading=\"lazy\" decoding=\"async\" data-attachment-id=\"10306\" data-permalink=\"https:\/\/www.hoymercedes.com.ar\/principal\/2012\/01\/12\/concejales-de-union-pro-criticaron-al-municipio-por-el-tema-del-agua-potable\/benitez-2\/#main\" data-orig-file=\"https:\/\/www.hoymercedes.com.ar\/principal\/wp-content\/uploads\/2012\/01\/Benitez.jpg\" data-orig-size=\"612,322\" data-comments-opened=\"1\" data-image-meta=\"{&quot;aperture&quot;:&quot;2.8&quot;,&quot;credit&quot;:&quot;&quot;,&quot;camera&quot;:&quot;COOLPIX L10&quot;,&quot;caption&quot;:&quot;&quot;,&quot;created_timestamp&quot;:&quot;1326091063&quot;,&quot;copyright&quot;:&quot;Copyright 2006&quot;,&quot;focal_length&quot;:&quot;6.2&quot;,&quot;iso&quot;:&quot;200&quot;,&quot;shutter_speed&quot;:&quot;0.033333333333333&quot;,&quot;title&quot;:&quot;&quot;}\" data-image-title=\"Benitez\" data-image-description=\"\" data-image-caption=\"\" data-large-file=\"https:\/\/www.hoymercedes.com.ar\/principal\/wp-content\/uploads\/2012\/01\/Benitez.jpg\" class=\"aligncenter size-full wp-image-10306\" title=\"Benitez\" src=\"https:\/\/www.hoymercedes.com.ar\/principal\/wp-content\/uploads\/2012\/01\/Benitez.jpg\" alt=\"\" width=\"612\" height=\"322\" \/><\/a><\/p>\n<p>Juan Carlos Ben\u00edtez y Carlos Aristi criticaron la gesti\u00f3n municipal por tener un plan estrat\u00e9gico que no ha dado ning\u00fan tipo de resultados con relaci\u00f3n a la distribuci\u00f3n en la ciudad de agua potable. Dijeron que si bien el servicio que presta EDEN SA es ineficiente no se la puede estar culpando de manera permanente ya que el municipio no cuenta con medios alternativos para solucionar los problemas que se generan<\/p>\n<p>Dos de los tres integrantes del Bloque de Concejales de Uni\u00f3n Pro en nuestra ciudad, Juan Carlos Ben\u00edtez y el Dr. Carlos Aristi concretaron ayer una conferencia de prensa en la cual entre otros temas se refirieron a la situaci\u00f3n que atraviesa la ciudad con relaci\u00f3n a la provisi\u00f3n de parte del municipio de agua potable.<\/p>\n<p>En primer t\u00e9rmino Ben\u00edtez sostuvo \u201cdesde hace algunos meses desde nuestro boque venimos manifestando la necesidad de mejorar el sistema de distribuci\u00f3n de agua potable como as\u00ed tambi\u00e9n hemos dejado en claro nuestra posici\u00f3n relacionada con el aumento en la tasa de Obras Sanitarias que es la que contempla los valores que se perciben por el suministro de agua en la ciudad.<\/p>\n<p>Hoy queremos decir que el agua potable es un servicio mal prestado por el municipio pero antes que nada queremos saludar al personal, jefes ya sea quienes est\u00e1n en la planta de 119 y 104 como el de calle que hace reparaciones por el esfuerzo que hacen todos los d\u00edas para mejorar las cosas pero es evidente que con eso no alcanza.<\/p>\n<p>La realidad de nuestra ciudad es que son varios los barrios en los que se presentan problemas de falta de presi\u00f3n o directamente falta de l\u00edquido y que por otra parte los cortes en toda la ciudad son reiterados y casi diarios.<\/p>\n<p>Es evidente que existe con relaci\u00f3n ala gua un plan estrat\u00e9gico del cual los responsables son el intendente y el funcionario a cargo del \u00e1rea que ha fracasado sin ninguna duda ya que vemos que solo generan diagn\u00f3stico que van desde decir que hay que hacer mayores y mejores controles, que se aplicar\u00e1n multas pero no se dice cuales ser\u00e1n las bases para hacer dichas multas y como ser\u00e1n los controles. Es decir son tan solo expresiones d e buena voluntad que no llevan a nada y a lo largo de todo este tiempo vemos que barrios como el de la calle 2, el que est\u00e1 frente a la ex Hilmesa, el Trocha, por citar algunos, sufren a diario el problema de la falta de agua no solo en el verano sino que los mismos comienzan llegar el mes de septiembre en adelante y no reciben agua en los tanques de las viviendas.<\/p>\n<p>Nosotros hemos formulado varias propuestas como poner en marcha la utilizaci\u00f3n de los tanques de empresas que hoy las mismas no usan para conectarlos a la red a trav\u00e9s de la colocaci\u00f3n de las respectivas bombas haciendo un convenio de uso, esto en cuanto a la distribuci\u00f3n y si el tema pasa por el derroche hemos dicho que se deben colocar m\u00e1s medidores, lo que tenemos que hacer es aprovechar la cajas que ya se encuentran instaladas repar5ando o colocando nuevos relojes medidores y comenzar a cobrar el consumo ya que en tal sentido la Ordenanza Fiscal permite dicha forma de cobro por el suministro de agua potable.<\/p>\n<p>Tambi\u00e9n hemos dicho \u00faltimamente que se necesita saber ciertamente el grado de d\u00e9ficit que tiene el agua corriente y para ello hemos propuesto colocar medidos de presi\u00f3n, man\u00f3metros, en todo el circuito y capturadores de datos lo cual significa saber cual es la presi\u00f3n y el caudal de agua en diferentes puntos de la ciudad para detectar cuales son los lugares donde se registran un consumo mayor o fuera de lo normal pero lamentablemente todo esto cae en un saco vaci\u00f3 ya que va a pasar el verano y como es l\u00f3gico muchos de los problemas ya no existir\u00e1n porque el consumo de agua es mucho menor, y as\u00ed llegaremos al pr\u00f3ximo verano nuevamente con reclamos generalizados como los del actual.<\/p>\n<p>Tampoco sirve culpara de manera permanente a la empresa EDEN SA que evidentemente es un mal prestador del servicio el\u00e9ctrico, porque el Municipio sabiendo de esos problemas ya deber\u00eda contar con los medios de alternativas para poder subsanar los inconvenientes y mantener el servicio aun cuando EDEN SA no cumpla y esto significa contar con los equipos necesarios, grupos electr\u00f3genos, que al menos puedan abastecer de energ\u00eda el\u00e9ctrica a los ocho posos que se encuentran en la sede central de Agua Corriente donde est\u00e1 emplazado el tanque principal de la ciudad\u201d.<\/p>\n<p>Sobre el tema de los auto generadores, Carlos Aristi sostuvo \u201csi vemos en uno de los comercios locales que se dedica a la venta de este tipo de equipos notaremos que el costo no pasa de los cuanto mil pesos por lo cual no ser\u00eda para nada dif\u00edcil al Municipio hasta tener un generador en cada uno de los ocho pozos existentes.<\/p>\n<p>Hoy observamos por ejemplo en la calle 25 que la mayor\u00eda de os comercios ubicados en la misma cuentan con equipos de dicha naturaleza y si el comercio privado los puede tener con m\u00e1s raz\u00f3n deber\u00eda tenerlos la comuna<\/p>\n<p>Por otra parte vemos que no hay una intenci\u00f3n de efectuar un estudio que al menos permita ir encontrando una soluci\u00f3n al problema que viene desde hace mucho a\u00f1os y si bien Mercedes sigue creciendo, el n\u00facleo principal, la base del sistema de distribuci\u00f3n de agua corriente sigue siendo el mismo que el de a\u00f1o 1947 y nadie conoce como est\u00e1n dichos ca\u00f1os y estamos gastando una importante suma de dinero en energ\u00eda el\u00e9ctrica para poder bombear agua a toda la ciudad\u201d.<\/p>\n<p>Luego los ediles manifestaron \u201clamentablemente en este tema, la gesti\u00f3n del gobierno municipal parece tener una anteojera colocada que no le permite ver en todas las direcciones\u201d.<\/p>\n<p><strong>Pedio de informes sobre atribuciones de un funcionario<\/strong><\/p>\n<p>Posteriormente en la misma conferencia de prensa el concejal Aristi se refiri\u00f3 al pedido de informes que han pedido al Departamento Ejecutivo acera de las atribuciones de un funcionario del equipo de gobierno expresando \u201cnosotros vemos con cierta preocupaci\u00f3n el hecho de no conocer a ciencia cierta cuales son las atribuciones que tiene el se\u00f1or Secretario de Control Urbano.<\/p>\n<p>Lamentamos el hecho del accidente privado que sufriera que reflej\u00f3 en los medios pero pueda ser que ahora tras haber sufrido el se\u00f1or Bern\u00e1rdez en carne propia un hecho se ponga a trabajar en serio en todo lo que es el problema de tr\u00e1nsito en Mercedes.<\/p>\n<p>Tambi\u00e9n vemos con preocupaci\u00f3n los comentarios que se hacen con respecto a cuales son las atribuciones del Secretario de Control Urbano y si se maneja con abuso de autoridad, si en determinados casos ha actuado de esa manera o no, por eso le pedimos al Ejecutivo que nos informe acerca de ese tema\u201d agregando luego Juan Carlos Ben\u00edtez \u201ctodo ello teniendo en cuenta el video que hace algunas semanas se mostro en la ciudad del accionar policial para detener a un persona que circulaba en una moto donde el Secretario justica dicho accionar diciendo que es el procedimiento adecuado y si que un polic\u00eda le ponga una rodilla encima de la cabeza de un ciudadano por gestos o palabras que hubiese emitido creo que es una cosa que no se justifica, por ello es que pretendemos sabe cuales son sus atribuciones para poder ponerse en fiscal o en juez para decir a u un polic\u00eda cual es el procedimiento que tiene que utilizar\u201d.<\/p>\n","protected":false},"excerpt":{"rendered":"<p>Juan Carlos Ben\u00edtez y Carlos Aristi criticaron la gesti\u00f3n municipal por tener un plan estrat\u00e9gico que no ha dado ning\u00fan &#8230; <a title=\"Concejales de Uni\u00f3n Pro criticaron al municipio por el tema del agua potable\" class=\"read-more\" href=\"https:\/\/www.hoymercedes.com.ar\/principal\/2012\/01\/12\/concejales-de-union-pro-criticaron-al-municipio-por-el-tema-del-agua-potable\/\" aria-label=\"Leer m\u00e1s sobre Concejales de Uni\u00f3n Pro criticaron al municipio por el tema del agua potable\">Leer m\u00e1s<\/a><\/p>\n","protected":false},"author":1,"featured_media":0,"comment_status":"open","ping_status":"open","sticky":false,"template":"","format":"standard","meta":{"_monsterinsights_skip_tracking":false,"_monsterinsights_sitenote_active":false,"_monsterinsights_sitenote_note":"","_monsterinsights_sitenote_category":0,"jetpack_post_was_ever_published":false,"_jetpack_newsletter_access":"","_jetpack_dont_email_post_to_subs":false,"_jetpack_newsletter_tier_id":0,"_jetpack_memberships_contains_paywalled_content":false,"_jetpack_memberships_contains_paid_content":false,"footnotes":"","jetpack_publicize_message":"","jetpack_publicize_feature_enabled":true,"jetpack_social_post_already_shared":false,"jetpack_social_options":{"image_generator_settings":{"template":"highway","default_image_id":0,"font":"","enabled":false},"version":2},"_wpas_customize_per_network":false},"categories":[5],"tags":[1228,1780,313],"class_list":["post-10304","post","type-post","status-publish","format-standard","hentry","category-politica","tag-aristi","tag-concejales-union-pro","tag-juan-carlos-benitez","generate-columns","tablet-grid-50","mobile-grid-100","grid-parent","grid-50"],"jetpack_publicize_connections":[],"jetpack_featured_media_url":"","wps_subtitle":"","jetpack_sharing_enabled":true,"_links":{"self":[{"href":"https:\/\/www.hoymercedes.com.ar\/principal\/wp-json\/wp\/v2\/posts\/10304","targetHints":{"allow":["GET"]}}],"collection":[{"href":"https:\/\/www.hoymercedes.com.ar\/principal\/wp-json\/wp\/v2\/posts"}],"about":[{"href":"https:\/\/www.hoymercedes.com.ar\/principal\/wp-json\/wp\/v2\/types\/post"}],"author":[{"embeddable":true,"href":"https:\/\/www.hoymercedes.com.ar\/principal\/wp-json\/wp\/v2\/users\/1"}],"replies":[{"embeddable":true,"href":"https:\/\/www.hoymercedes.com.ar\/principal\/wp-json\/wp\/v2\/comments?post=10304"}],"version-history":[{"count":0,"href":"https:\/\/www.hoymercedes.com.ar\/principal\/wp-json\/wp\/v2\/posts\/10304\/revisions"}],"wp:attachment":[{"href":"https:\/\/www.hoymercedes.com.ar\/principal\/wp-json\/wp\/v2\/media?parent=10304"}],"wp:term":[{"taxonomy":"category","embeddable":true,"href":"https:\/\/www.hoymercedes.com.ar\/principal\/wp-json\/wp\/v2\/categories?post=10304"},{"taxonomy":"post_tag","embeddable":true,"href":"https:\/\/www.hoymercedes.com.ar\/principal\/wp-json\/wp\/v2\/tags?post=10304"}],"curies":[{"name":"wp","href":"https:\/\/api.w.org\/{rel}","templated":true}]}}