{"id":103040,"date":"2019-11-27T07:22:04","date_gmt":"2019-11-27T10:22:04","guid":{"rendered":"http:\/\/www.hoymercedes.com.ar\/principal\/?p=103040"},"modified":"2019-11-26T19:38:58","modified_gmt":"2019-11-26T22:38:58","slug":"la-escuela-municipal-de-patin-y-un-gran-desempeno-en-san-clemente-del-tuyu","status":"publish","type":"post","link":"https:\/\/www.hoymercedes.com.ar\/principal\/2019\/11\/27\/la-escuela-municipal-de-patin-y-un-gran-desempeno-en-san-clemente-del-tuyu\/","title":{"rendered":"La Escuela Municipal de pat\u00edn y un gran desempe\u00f1o en San Clemente del Tuy\u00fa"},"content":{"rendered":"\n<p>Los d\u00edas 16 y 17 de noviembre, la Escuela de Pat\u00edn Art\u00edstico Municipal particip\u00f3 del \u00faltimo torneo del a\u00f1o, realizado en la localidad de San Clemente del Tuy\u00fa. Adem\u00e1s participaron clubes de toda la provincia tales como Ituzaing\u00f3, Buen Camino, Amistad, Cultural Guernica, Dolores, Porvenir de Castelar, Ameghino, Escalada, Medalla Tesey, Nueva Generaci\u00f3n, Escuela Municipal de Monte, Parque Alvear, San Miguel de Monte, Sociedad de Fomento San Mart\u00edn, Pat\u00edn Art\u00edstico Mar del Plata, Los \u00c1lamos, San Clemente, Parque Calchaqu\u00ed y Peumay\u00e9n.<\/p>\n\n\n\n<div class=\"wp-block-image\"><figure class=\"aligncenter size-large\"><img loading=\"lazy\" decoding=\"async\" width=\"650\" height=\"603\" data-attachment-id=\"103041\" data-permalink=\"https:\/\/www.hoymercedes.com.ar\/principal\/2019\/11\/27\/la-escuela-municipal-de-patin-y-un-gran-desempeno-en-san-clemente-del-tuyu\/emp-2\/#main\" data-orig-file=\"https:\/\/www.hoymercedes.com.ar\/principal\/wp-content\/uploads\/2019\/11\/EMP-2.jpg\" data-orig-size=\"650,603\" data-comments-opened=\"0\" data-image-meta=\"{&quot;aperture&quot;:&quot;0&quot;,&quot;credit&quot;:&quot;&quot;,&quot;camera&quot;:&quot;&quot;,&quot;caption&quot;:&quot;&quot;,&quot;created_timestamp&quot;:&quot;0&quot;,&quot;copyright&quot;:&quot;&quot;,&quot;focal_length&quot;:&quot;0&quot;,&quot;iso&quot;:&quot;0&quot;,&quot;shutter_speed&quot;:&quot;0&quot;,&quot;title&quot;:&quot;&quot;,&quot;orientation&quot;:&quot;0&quot;}\" data-image-title=\"EMP-2\" data-image-description=\"\" data-image-caption=\"\" data-large-file=\"https:\/\/www.hoymercedes.com.ar\/principal\/wp-content\/uploads\/2019\/11\/EMP-2.jpg\" src=\"https:\/\/www.hoymercedes.com.ar\/principal\/wp-content\/uploads\/2019\/11\/EMP-2.jpg\" alt=\"\" class=\"wp-image-103041\"\/><\/figure><\/div>\n\n\n\n<p>Los resultados obtenidos fueron los siguientes:<br>Trinidad Silva Mart\u00edn 1 puesto.<br>Sof\u00eda Molinari 2 puesto.<br>Amira L\u00f3pez \u00c1vila 2 puesto.<br>Zoe Gim\u00e9nez 1 puesto.<br>Bianca Wimber 3 puesto.<br>Valentina Cestari 1 puesto.<br>Agostina Lucero 5 puesto.<br>Roc\u00edo Reynoso 1 puesto.<br>Helena Pittoni menci\u00f3n.<br>Valentina Nievas 2 puesto.<br>Nicole M\u00fchlberger 3 puesto.<br>Milagros Su\u00e1rez 2 puesto.<br>Julieta Su\u00e1rez menci\u00f3n.<br>Delfina Florido 1 puesto.<br>Juan Fern\u00e1ndez Campos 1 puesto.<br>Juanita Sambarino menci\u00f3n.<\/p>\n\n\n\n<div class=\"wp-block-image\"><figure class=\"aligncenter size-large\"><img loading=\"lazy\" decoding=\"async\" width=\"650\" height=\"458\" data-attachment-id=\"103042\" data-permalink=\"https:\/\/www.hoymercedes.com.ar\/principal\/2019\/11\/27\/la-escuela-municipal-de-patin-y-un-gran-desempeno-en-san-clemente-del-tuyu\/emp-1\/#main\" data-orig-file=\"https:\/\/www.hoymercedes.com.ar\/principal\/wp-content\/uploads\/2019\/11\/EMP-1.jpg\" data-orig-size=\"650,458\" data-comments-opened=\"0\" data-image-meta=\"{&quot;aperture&quot;:&quot;0&quot;,&quot;credit&quot;:&quot;&quot;,&quot;camera&quot;:&quot;&quot;,&quot;caption&quot;:&quot;&quot;,&quot;created_timestamp&quot;:&quot;0&quot;,&quot;copyright&quot;:&quot;&quot;,&quot;focal_length&quot;:&quot;0&quot;,&quot;iso&quot;:&quot;0&quot;,&quot;shutter_speed&quot;:&quot;0&quot;,&quot;title&quot;:&quot;&quot;,&quot;orientation&quot;:&quot;0&quot;}\" data-image-title=\"EMP-1\" data-image-description=\"\" data-image-caption=\"\" data-large-file=\"https:\/\/www.hoymercedes.com.ar\/principal\/wp-content\/uploads\/2019\/11\/EMP-1.jpg\" src=\"https:\/\/www.hoymercedes.com.ar\/principal\/wp-content\/uploads\/2019\/11\/EMP-1.jpg\" alt=\"\" class=\"wp-image-103042\"\/><\/figure><\/div>\n\n\n\n<p>A modo de exhibici\u00f3n hizo su debut la pareja integrada por Delfina Florido y Juan Fern\u00e1ndez Campos. Las t\u00e9cnicas Cecilia Carreiras, Clara Panessi y Elina Panessi agradecieron la colaboraci\u00f3n y el esfuerzo de las familias para poder realizar tan linda experiencia como as\u00ed tambi\u00e9n a la Direcci\u00f3n de Deportes Mercedes por el apoyo constante a los patinadores mercedinos.<\/p>\n\n\n\n<p>El d\u00eda viernes 29 se llevar\u00e1 a cabo la exhibici\u00f3n de fin de a\u00f1o en conjunto con el equipo de Gimnasia Deportiva Municipal y la Escuela de Pat\u00edn de Gowland a las 19 horas en el campo de deportes de la AJB (calle 39 y 50) con entrada p\u00fablica y gratuita.<\/p>\n","protected":false},"excerpt":{"rendered":"<p>Los d\u00edas 16 y 17 de noviembre, la Escuela de Pat\u00edn Art\u00edstico Municipal particip\u00f3 del \u00faltimo torneo del a\u00f1o, realizado &#8230; <a title=\"La Escuela Municipal de pat\u00edn y un gran desempe\u00f1o en San Clemente del Tuy\u00fa\" class=\"read-more\" href=\"https:\/\/www.hoymercedes.com.ar\/principal\/2019\/11\/27\/la-escuela-municipal-de-patin-y-un-gran-desempeno-en-san-clemente-del-tuyu\/\" aria-label=\"Leer m\u00e1s sobre La Escuela Municipal de pat\u00edn y un gran desempe\u00f1o en San Clemente del Tuy\u00fa\">Leer m\u00e1s<\/a><\/p>\n","protected":false},"author":1,"featured_media":103041,"comment_status":"closed","ping_status":"open","sticky":false,"template":"","format":"standard","meta":{"_monsterinsights_skip_tracking":false,"_monsterinsights_sitenote_active":false,"_monsterinsights_sitenote_note":"","_monsterinsights_sitenote_category":0,"jetpack_post_was_ever_published":false,"_jetpack_newsletter_access":"","_jetpack_dont_email_post_to_subs":false,"_jetpack_newsletter_tier_id":0,"_jetpack_memberships_contains_paywalled_content":false,"_jetpack_memberships_contains_paid_content":false,"footnotes":"","jetpack_publicize_message":"","jetpack_publicize_feature_enabled":true,"jetpack_social_post_already_shared":true,"jetpack_social_options":{"image_generator_settings":{"template":"highway","default_image_id":0,"font":"","enabled":false},"version":2},"_wpas_customize_per_network":false},"categories":[21],"tags":[15188,9183,15965],"class_list":["post-103040","post","type-post","status-publish","format-standard","has-post-thumbnail","hentry","category-deportes","tag-escuela-municipal-de-patin","tag-patin-artistico","tag-san-clemente-del-tuyu","generate-columns","tablet-grid-50","mobile-grid-100","grid-parent","grid-50"],"jetpack_publicize_connections":[],"jetpack_featured_media_url":"https:\/\/www.hoymercedes.com.ar\/principal\/wp-content\/uploads\/2019\/11\/EMP-2.jpg","wps_subtitle":"Pat\u00edn","jetpack_sharing_enabled":true,"_links":{"self":[{"href":"https:\/\/www.hoymercedes.com.ar\/principal\/wp-json\/wp\/v2\/posts\/103040","targetHints":{"allow":["GET"]}}],"collection":[{"href":"https:\/\/www.hoymercedes.com.ar\/principal\/wp-json\/wp\/v2\/posts"}],"about":[{"href":"https:\/\/www.hoymercedes.com.ar\/principal\/wp-json\/wp\/v2\/types\/post"}],"author":[{"embeddable":true,"href":"https:\/\/www.hoymercedes.com.ar\/principal\/wp-json\/wp\/v2\/users\/1"}],"replies":[{"embeddable":true,"href":"https:\/\/www.hoymercedes.com.ar\/principal\/wp-json\/wp\/v2\/comments?post=103040"}],"version-history":[{"count":0,"href":"https:\/\/www.hoymercedes.com.ar\/principal\/wp-json\/wp\/v2\/posts\/103040\/revisions"}],"wp:featuredmedia":[{"embeddable":true,"href":"https:\/\/www.hoymercedes.com.ar\/principal\/wp-json\/wp\/v2\/media\/103041"}],"wp:attachment":[{"href":"https:\/\/www.hoymercedes.com.ar\/principal\/wp-json\/wp\/v2\/media?parent=103040"}],"wp:term":[{"taxonomy":"category","embeddable":true,"href":"https:\/\/www.hoymercedes.com.ar\/principal\/wp-json\/wp\/v2\/categories?post=103040"},{"taxonomy":"post_tag","embeddable":true,"href":"https:\/\/www.hoymercedes.com.ar\/principal\/wp-json\/wp\/v2\/tags?post=103040"}],"curies":[{"name":"wp","href":"https:\/\/api.w.org\/{rel}","templated":true}]}}