{"id":103085,"date":"2019-11-27T10:21:00","date_gmt":"2019-11-27T13:21:00","guid":{"rendered":"http:\/\/www.hoymercedes.com.ar\/principal\/?p=103085"},"modified":"2019-11-27T10:02:34","modified_gmt":"2019-11-27T13:02:34","slug":"a-dos-meses-del-desastre-ambiental","status":"publish","type":"post","link":"https:\/\/www.hoymercedes.com.ar\/principal\/2019\/11\/27\/a-dos-meses-del-desastre-ambiental\/","title":{"rendered":"A dos meses del desastre ambiental"},"content":{"rendered":"\n<p>Mercedes fue fundada un 25 de junio de 1752 quiere decir que el 27 de septiembre del 2019 se produjo el peor desastre ambiental de sus 267 a\u00f1os de vida.<br>Dos meses de miedo y desolaci\u00f3n.<br>Dos meses de promesas incumplidas .<br>Dos meses de reuniones tediosas y sin resultados .<br>Dos meses de ba\u00f1arse con angustia. <br>Dos meses de ver como la empresa no hace nada . <br>Dos meses de escuchar estupideces de la O.P.D.S .<br>Dos meses que el municipio mira para otro lado como perro que volte\u00f3 la olla..<br>Dos meses de viajes y reuniones sin ton ni son . <br>Pero les digo, La Verde no se rinde <br>Su gente no se entrega.<br>En honor a los Porro, Zelaya, Ricchini, Cabrera, Acu\u00f1a, Cejas, Fagundez, Pizzurno, Lagostena, Gollo, Benardelli, etc,  en memoria de todos ellos que levantaron este paraje. <br>Sus descendientes no dejaremos que SIGMA nos ponga color gris al pago. <br>El 27 de septiembre  hace hoy dos meses un sismo movi\u00f3 a todos sus hijos. <br>No fue la naturaleza, fue la negligencia humana de una empresa que solo piensa en ganar dinero a costa de lo que sea .<br>Y de todos los estamentos gubernamentales. <br>Es una verg\u00fcenza lo que nos hicieron y lo que nos est\u00e1n haciendo.<br>No somos ratas de laboratorio <br>LA VERDE NO SE RINDE. <\/p>\n\n\n\n<p>Posdata.  No se olviden de los que viven en la escuela y la estaci\u00f3n a 300 metros y menos no olvidar  a Rub\u00e9n Ponce. <\/p>\n\n\n\n<p>Mi nombre Jorge Pizzurno, un hijo de La Verde. <\/p>\n\n\n\n<div class=\"wp-block-image\"><figure class=\"aligncenter size-large\"><img loading=\"lazy\" decoding=\"async\" width=\"598\" height=\"730\" data-attachment-id=\"103088\" data-permalink=\"https:\/\/www.hoymercedes.com.ar\/principal\/2019\/11\/27\/a-dos-meses-del-desastre-ambiental\/27-la-verde\/#main\" data-orig-file=\"https:\/\/www.hoymercedes.com.ar\/principal\/wp-content\/uploads\/2019\/11\/27-La-verde.jpg\" data-orig-size=\"598,730\" data-comments-opened=\"0\" data-image-meta=\"{&quot;aperture&quot;:&quot;0&quot;,&quot;credit&quot;:&quot;&quot;,&quot;camera&quot;:&quot;&quot;,&quot;caption&quot;:&quot;&quot;,&quot;created_timestamp&quot;:&quot;0&quot;,&quot;copyright&quot;:&quot;&quot;,&quot;focal_length&quot;:&quot;0&quot;,&quot;iso&quot;:&quot;0&quot;,&quot;shutter_speed&quot;:&quot;0&quot;,&quot;title&quot;:&quot;&quot;,&quot;orientation&quot;:&quot;0&quot;}\" data-image-title=\"27-La-verde\" data-image-description=\"\" data-image-caption=\"\" data-large-file=\"https:\/\/www.hoymercedes.com.ar\/principal\/wp-content\/uploads\/2019\/11\/27-La-verde.jpg\" src=\"https:\/\/www.hoymercedes.com.ar\/principal\/wp-content\/uploads\/2019\/11\/27-La-verde.jpg\" alt=\"\" class=\"wp-image-103088\"\/><\/figure><\/div>\n","protected":false},"excerpt":{"rendered":"<p>Mercedes fue fundada un 25 de junio de 1752 quiere decir que el 27 de septiembre del 2019 se produjo &#8230; <a title=\"A dos meses del desastre ambiental\" class=\"read-more\" href=\"https:\/\/www.hoymercedes.com.ar\/principal\/2019\/11\/27\/a-dos-meses-del-desastre-ambiental\/\" aria-label=\"Leer m\u00e1s sobre A dos meses del desastre ambiental\">Leer m\u00e1s<\/a><\/p>\n","protected":false},"author":1,"featured_media":100534,"comment_status":"closed","ping_status":"open","sticky":false,"template":"","format":"standard","meta":{"_monsterinsights_skip_tracking":false,"_monsterinsights_sitenote_active":false,"_monsterinsights_sitenote_note":"","_monsterinsights_sitenote_category":0,"jetpack_post_was_ever_published":false,"_jetpack_newsletter_access":"","_jetpack_dont_email_post_to_subs":false,"_jetpack_newsletter_tier_id":0,"_jetpack_memberships_contains_paywalled_content":false,"_jetpack_memberships_contains_paid_content":false,"footnotes":"","jetpack_publicize_message":"","jetpack_publicize_feature_enabled":true,"jetpack_social_post_already_shared":true,"jetpack_social_options":{"image_generator_settings":{"template":"highway","default_image_id":0,"font":"","enabled":false},"version":2},"_wpas_customize_per_network":false},"categories":[1],"tags":[15809,8748,9036],"class_list":["post-103085","post","type-post","status-publish","format-standard","has-post-thumbnail","hentry","category-opinion","tag-incendio-la-verde","tag-opinion","tag-vecinos","generate-columns","tablet-grid-50","mobile-grid-100","grid-parent","grid-50"],"jetpack_publicize_connections":[],"jetpack_featured_media_url":"https:\/\/www.hoymercedes.com.ar\/principal\/wp-content\/uploads\/2019\/09\/Incendio-La-Verde-1.jpeg","wps_subtitle":"Carta de un vecino","jetpack_sharing_enabled":true,"_links":{"self":[{"href":"https:\/\/www.hoymercedes.com.ar\/principal\/wp-json\/wp\/v2\/posts\/103085","targetHints":{"allow":["GET"]}}],"collection":[{"href":"https:\/\/www.hoymercedes.com.ar\/principal\/wp-json\/wp\/v2\/posts"}],"about":[{"href":"https:\/\/www.hoymercedes.com.ar\/principal\/wp-json\/wp\/v2\/types\/post"}],"author":[{"embeddable":true,"href":"https:\/\/www.hoymercedes.com.ar\/principal\/wp-json\/wp\/v2\/users\/1"}],"replies":[{"embeddable":true,"href":"https:\/\/www.hoymercedes.com.ar\/principal\/wp-json\/wp\/v2\/comments?post=103085"}],"version-history":[{"count":0,"href":"https:\/\/www.hoymercedes.com.ar\/principal\/wp-json\/wp\/v2\/posts\/103085\/revisions"}],"wp:featuredmedia":[{"embeddable":true,"href":"https:\/\/www.hoymercedes.com.ar\/principal\/wp-json\/wp\/v2\/media\/100534"}],"wp:attachment":[{"href":"https:\/\/www.hoymercedes.com.ar\/principal\/wp-json\/wp\/v2\/media?parent=103085"}],"wp:term":[{"taxonomy":"category","embeddable":true,"href":"https:\/\/www.hoymercedes.com.ar\/principal\/wp-json\/wp\/v2\/categories?post=103085"},{"taxonomy":"post_tag","embeddable":true,"href":"https:\/\/www.hoymercedes.com.ar\/principal\/wp-json\/wp\/v2\/tags?post=103085"}],"curies":[{"name":"wp","href":"https:\/\/api.w.org\/{rel}","templated":true}]}}