{"id":1031,"date":"2010-12-13T02:23:36","date_gmt":"2010-12-13T02:23:36","guid":{"rendered":"http:\/\/www.hoymercedes.com.ar\/principal\/?p=1031"},"modified":"2010-12-13T02:23:36","modified_gmt":"2010-12-13T02:23:36","slug":"carolina-fal-y-santo-biasatti-estarian-esperando-su-primer-hijo","status":"publish","type":"post","link":"https:\/\/www.hoymercedes.com.ar\/principal\/2010\/12\/13\/carolina-fal-y-santo-biasatti-estarian-esperando-su-primer-hijo\/","title":{"rendered":"Carolina Fal y Santo Biasatti estar\u00edan esperando su primer hijo"},"content":{"rendered":"<figure id=\"attachment_1033\" aria-describedby=\"caption-attachment-1033\" style=\"width: 206px\" class=\"wp-caption alignleft\"><a href=\"https:\/\/www.hoymercedes.com.ar\/principal\/wp-content\/uploads\/2010\/12\/biasatti-fal.jpg\"><img loading=\"lazy\" decoding=\"async\" data-attachment-id=\"1033\" data-permalink=\"https:\/\/www.hoymercedes.com.ar\/principal\/2010\/12\/13\/carolina-fal-y-santo-biasatti-estarian-esperando-su-primer-hijo\/biasatti-fal\/#main\" data-orig-file=\"https:\/\/www.hoymercedes.com.ar\/principal\/wp-content\/uploads\/2010\/12\/biasatti-fal.jpg\" data-orig-size=\"360,250\" data-comments-opened=\"1\" data-image-meta=\"{&quot;aperture&quot;:&quot;0&quot;,&quot;credit&quot;:&quot;&quot;,&quot;camera&quot;:&quot;&quot;,&quot;caption&quot;:&quot;&quot;,&quot;created_timestamp&quot;:&quot;0&quot;,&quot;copyright&quot;:&quot;&quot;,&quot;focal_length&quot;:&quot;0&quot;,&quot;iso&quot;:&quot;0&quot;,&quot;shutter_speed&quot;:&quot;0&quot;,&quot;title&quot;:&quot;&quot;}\" data-image-title=\"biasatti-fal\" data-image-description=\"\" data-image-caption=\"\" data-large-file=\"https:\/\/www.hoymercedes.com.ar\/principal\/wp-content\/uploads\/2010\/12\/biasatti-fal.jpg\" class=\"size-full wp-image-1033\" title=\"biasatti-fal\" src=\"https:\/\/www.hoymercedes.com.ar\/principal\/wp-content\/uploads\/2010\/12\/biasatti-fal.jpg\" alt=\"\" width=\"216\" height=\"150\" \/><\/a><figcaption id=\"caption-attachment-1033\" class=\"wp-caption-text\">Fal - Biasatti - Foto: PrimiciasYa<\/figcaption><\/figure>\n<p style=\"text-align: justify;\">Tal como confirm\u00f3 hoy Jorge Rial en su programa radial, la actriz y el periodista esperan el nacimiento de la primera hija de la pareja.<br \/>\nCarolina est\u00e1 embarazada de siete meses, luego de un largo tratamiento de fertilizaci\u00f3n. Reci\u00e9n ahora se confirma la noticia.<br \/>\nNunca confirmaron el romance, pero en el ambiente ya estaba m\u00e1s que claro que entre Carolina Fal y Santo Biasatti hab\u00eda una bella historia de amor.<\/p>\n<p style=\"text-align: justify;\">Desde hace varios a\u00f1os, el prestigioso periodista y la actriz comenzaron a escribir su p\u00e1gina amorosa, aunque prefirieron preservar la intimidad de la pareja.<\/p>\n<p style=\"text-align: justify;\">Hay pocos registros fotogr\u00e1ficos del romance, pero no faltaron las voces que se alzaron para dar cuenta del mismo.<\/p>\n<p style=\"text-align: justify;\">Cierto es que hoy, en Ciudad G\u00f3tiK, su ciclo radial, Jorge Rial dio la primicia: Carolina Fal est\u00e1 embarazada de siete meses.<\/p>\n<p style=\"text-align: justify;\">Asimismo confes\u00f3 que la actriz, quien actualmente se encuentra estudiando medicina, y el comunicador de \u201cTelenoche\u201d, realizaron un extenso tratamiento de fertilizaci\u00f3n y lograron concebir a su primer hijo.<\/p>\n<p style=\"text-align: justify;\">La beba se llamar\u00e1 Sof\u00eda y nacer\u00e1 durante los primeros d\u00edas de febrero.<\/p>\n<p style=\"text-align: justify;\">La noticia reci\u00e9n trasciende ya que Carolina, en sus horas de estudio, se mostraba siempre con ropa holgada para que nadie perciba que estaba embarazada.<\/p>\n<p style=\"text-align: justify;\">Pese a la elecci\u00f3n de la pareja de mantener en el anonimato el trascendido, no deja de ser una bella noticia y la confirmaci\u00f3n es un hecho para celebrar. \u00a1Felicitaciones!<\/p>\n<p style=\"text-align: justify;\">Texto e imagen: <a href=\"http:\/\/www.primiciasya.com\/despliegue.php?idnoticia=86188&amp;contratapa=false\" target=\"_self\" rel=\"noopener\">PrimiciasYa.com<\/a><\/p>\n","protected":false},"excerpt":{"rendered":"<p>Tal como confirm\u00f3 hoy Jorge Rial en su programa radial, la actriz y el periodista esperan el nacimiento de la &#8230; <a title=\"Carolina Fal y Santo Biasatti estar\u00edan esperando su primer hijo\" class=\"read-more\" href=\"https:\/\/www.hoymercedes.com.ar\/principal\/2010\/12\/13\/carolina-fal-y-santo-biasatti-estarian-esperando-su-primer-hijo\/\" aria-label=\"Leer m\u00e1s sobre Carolina Fal y Santo Biasatti estar\u00edan esperando su primer hijo\">Leer m\u00e1s<\/a><\/p>\n","protected":false},"author":1,"featured_media":0,"comment_status":"open","ping_status":"open","sticky":false,"template":"","format":"standard","meta":{"_monsterinsights_skip_tracking":false,"_monsterinsights_sitenote_active":false,"_monsterinsights_sitenote_note":"","_monsterinsights_sitenote_category":0,"jetpack_post_was_ever_published":false,"_jetpack_newsletter_access":"","_jetpack_dont_email_post_to_subs":false,"_jetpack_newsletter_tier_id":0,"_jetpack_memberships_contains_paywalled_content":false,"_jetpack_memberships_contains_paid_content":false,"footnotes":"","jetpack_publicize_message":"","jetpack_publicize_feature_enabled":true,"jetpack_social_post_already_shared":false,"jetpack_social_options":{"image_generator_settings":{"template":"highway","default_image_id":0,"font":"","enabled":false},"version":2},"_wpas_customize_per_network":false},"categories":[8],"tags":[247,248],"class_list":["post-1031","post","type-post","status-publish","format-standard","hentry","category-sociedad","tag-carolina-fal","tag-santo-biasatti","generate-columns","tablet-grid-50","mobile-grid-100","grid-parent","grid-50"],"jetpack_publicize_connections":[],"jetpack_featured_media_url":"","wps_subtitle":"","jetpack_sharing_enabled":true,"_links":{"self":[{"href":"https:\/\/www.hoymercedes.com.ar\/principal\/wp-json\/wp\/v2\/posts\/1031","targetHints":{"allow":["GET"]}}],"collection":[{"href":"https:\/\/www.hoymercedes.com.ar\/principal\/wp-json\/wp\/v2\/posts"}],"about":[{"href":"https:\/\/www.hoymercedes.com.ar\/principal\/wp-json\/wp\/v2\/types\/post"}],"author":[{"embeddable":true,"href":"https:\/\/www.hoymercedes.com.ar\/principal\/wp-json\/wp\/v2\/users\/1"}],"replies":[{"embeddable":true,"href":"https:\/\/www.hoymercedes.com.ar\/principal\/wp-json\/wp\/v2\/comments?post=1031"}],"version-history":[{"count":0,"href":"https:\/\/www.hoymercedes.com.ar\/principal\/wp-json\/wp\/v2\/posts\/1031\/revisions"}],"wp:attachment":[{"href":"https:\/\/www.hoymercedes.com.ar\/principal\/wp-json\/wp\/v2\/media?parent=1031"}],"wp:term":[{"taxonomy":"category","embeddable":true,"href":"https:\/\/www.hoymercedes.com.ar\/principal\/wp-json\/wp\/v2\/categories?post=1031"},{"taxonomy":"post_tag","embeddable":true,"href":"https:\/\/www.hoymercedes.com.ar\/principal\/wp-json\/wp\/v2\/tags?post=1031"}],"curies":[{"name":"wp","href":"https:\/\/api.w.org\/{rel}","templated":true}]}}