{"id":103123,"date":"2019-11-28T15:29:24","date_gmt":"2019-11-28T18:29:24","guid":{"rendered":"http:\/\/www.hoymercedes.com.ar\/principal\/?p=103123"},"modified":"2019-11-27T20:38:56","modified_gmt":"2019-11-27T23:38:56","slug":"quilmes-culmino-cuarto-en-u17","status":"publish","type":"post","link":"https:\/\/www.hoymercedes.com.ar\/principal\/2019\/11\/28\/quilmes-culmino-cuarto-en-u17\/","title":{"rendered":"Quilmes culmin\u00f3 cuarto en U17"},"content":{"rendered":"\n<p>Este s\u00e1bado se llevaron adelante las copas de Oro y Plata de la categor\u00eda U17 de la Asocaci\u00f3n de Basquet de Chivilcoy, y Quilmes se present\u00f3 en Chivilcoy para jugar por el t\u00edtulo. Sin embargo, tras caer ante el l\u00edder de la tabla de posiciones, Col\u00f3n, por 81 a 65, luego termin\u00f3 cediendo ante Los Millonarios de Bragado por 57 a 54.<\/p>\n\n\n\n<figure class=\"wp-block-image size-large\"><img loading=\"lazy\" decoding=\"async\" width=\"800\" height=\"561\" data-attachment-id=\"103124\" data-permalink=\"https:\/\/www.hoymercedes.com.ar\/principal\/2019\/11\/28\/quilmes-culmino-cuarto-en-u17\/quilmes-u17-cuarto\/#main\" data-orig-file=\"https:\/\/www.hoymercedes.com.ar\/principal\/wp-content\/uploads\/2019\/11\/Quilmes-U17-Cuarto.jpg\" data-orig-size=\"800,561\" data-comments-opened=\"0\" data-image-meta=\"{&quot;aperture&quot;:&quot;0&quot;,&quot;credit&quot;:&quot;&quot;,&quot;camera&quot;:&quot;&quot;,&quot;caption&quot;:&quot;&quot;,&quot;created_timestamp&quot;:&quot;0&quot;,&quot;copyright&quot;:&quot;&quot;,&quot;focal_length&quot;:&quot;0&quot;,&quot;iso&quot;:&quot;0&quot;,&quot;shutter_speed&quot;:&quot;0&quot;,&quot;title&quot;:&quot;&quot;,&quot;orientation&quot;:&quot;0&quot;}\" data-image-title=\"Quilmes-U17-Cuarto\" data-image-description=\"\" data-image-caption=\"\" data-large-file=\"https:\/\/www.hoymercedes.com.ar\/principal\/wp-content\/uploads\/2019\/11\/Quilmes-U17-Cuarto.jpg\" src=\"https:\/\/www.hoymercedes.com.ar\/principal\/wp-content\/uploads\/2019\/11\/Quilmes-U17-Cuarto.jpg\" alt=\"\" class=\"wp-image-103124\"\/><\/figure>\n\n\n\n<p><strong>Semifinal<\/strong><\/p>\n\n\n\n<p><strong>Colon (Ch) 81<\/strong>\u00a0(T. Zanlungo 23, M. Bola\u00f1o 14, Mambelli 12, R. Amado 8, R. Percossi 7, L. Moreno 6, Denicio (C) 5, T. Caruso 2, Bugliolo 2, Boveri 2, A. Zanlungo, R\u00edos) (DT: E. Beguerie)<\/p>\n\n\n\n<p><strong>Quilmes 65<\/strong>\u00a0(Beyer 18, Graziadei (C) 17, F. Contardi 15, Bourdieu 6, Festugatto 5, Cabana 3, Tassara 1, Lencioni, Verd\u00f3n, Belanger, Brovelli) (DT:J. L. Giallorenzo)\u00a0<strong>Jueces:<\/strong>\u00a0M. Castroagud\u00edn \u2013 J. M. Tenaglia<\/p>\n\n\n\n<p><strong>2da Semifinal:<\/strong>\u00a0Atl. 9 de Julio (67) 79 \u2013 Millonarios (B) (67) 71<\/p>\n\n\n\n<p><strong>Tercer Puesto<\/strong><\/p>\n\n\n\n<p><strong>Quilmes 54<\/strong>\u00a0(Bourdieu 12, Beyer 11, Graziadei (C) 11, Festugatto 6, Lencioni 6, F. Contardi 4, Tassara 3, Cabana 1, Verd\u00f3n, Belanger, Brovelli) (DT:J. L. Giallorenzo)\u00a0<\/p>\n\n\n\n<p><strong>Millonarios (Bragado):<\/strong>\u00a0<strong>57<\/strong>\u00a0(Ca\u00f1\u00f3n (C) 17, Pi\u00f1ero 11, I.Zapacosta 8, Garc\u00eda 6, Mopardo 5, Cecatto 3, Pardo 2, Ben\u00edtez 2, Elmeaudy 2, Aliano 1, Ur\u00eda, Proenca)(DT: L. Genovese)<\/p>\n\n\n\n<p><strong>Jueces:<\/strong>&nbsp;M. Castroagud\u00edn \u2013 E. Piacentini<\/p>\n\n\n\n<p><strong>Final:<\/strong>&nbsp;Col\u00f3n (Ch) 94 \u2013 Atl. 9 de Julio 62<\/p>\n\n\n\n<p><strong>Goleadores Quilmes (Campeonato):<\/strong><\/p>\n\n\n\n<p>Beyer 174, F. Contardi 122, Festugatto 108, Graziadei 103, Carcagno 61, Lencioni 55, Tassara 38, Jos\u00e9 Cabana 31, Bourdieu 18, Brovelli 12, Joaqu\u00edn Cabanas 5, Quinteros 4, Voigt 4, Belanger 3, Verd\u00f3n 3, Indurain 2, B. Brilado, Fanucci, Ayesa, Wimber, Hernandez, Constante.<\/p>\n","protected":false},"excerpt":{"rendered":"<p>Este s\u00e1bado se llevaron adelante las copas de Oro y Plata de la categor\u00eda U17 de la Asocaci\u00f3n de Basquet &#8230; <a title=\"Quilmes culmin\u00f3 cuarto en U17\" class=\"read-more\" href=\"https:\/\/www.hoymercedes.com.ar\/principal\/2019\/11\/28\/quilmes-culmino-cuarto-en-u17\/\" aria-label=\"Leer m\u00e1s sobre Quilmes culmin\u00f3 cuarto en U17\">Leer m\u00e1s<\/a><\/p>\n","protected":false},"author":1,"featured_media":103124,"comment_status":"closed","ping_status":"open","sticky":false,"template":"","format":"standard","meta":{"_monsterinsights_skip_tracking":false,"_monsterinsights_sitenote_active":false,"_monsterinsights_sitenote_note":"","_monsterinsights_sitenote_category":0,"jetpack_post_was_ever_published":false,"_jetpack_newsletter_access":"","_jetpack_dont_email_post_to_subs":false,"_jetpack_newsletter_tier_id":0,"_jetpack_memberships_contains_paywalled_content":false,"_jetpack_memberships_contains_paid_content":false,"footnotes":"","jetpack_publicize_message":"","jetpack_publicize_feature_enabled":true,"jetpack_social_post_already_shared":true,"jetpack_social_options":{"image_generator_settings":{"template":"highway","default_image_id":0,"font":"","enabled":false},"version":2},"_wpas_customize_per_network":false},"categories":[21],"tags":[1058,12352],"class_list":["post-103123","post","type-post","status-publish","format-standard","has-post-thumbnail","hentry","category-deportes","tag-basquet","tag-liga-de-chivilcoy","generate-columns","tablet-grid-50","mobile-grid-100","grid-parent","grid-50"],"jetpack_publicize_connections":[],"jetpack_featured_media_url":"https:\/\/www.hoymercedes.com.ar\/principal\/wp-content\/uploads\/2019\/11\/Quilmes-U17-Cuarto.jpg","wps_subtitle":"Basquet Juvenil","jetpack_sharing_enabled":true,"_links":{"self":[{"href":"https:\/\/www.hoymercedes.com.ar\/principal\/wp-json\/wp\/v2\/posts\/103123","targetHints":{"allow":["GET"]}}],"collection":[{"href":"https:\/\/www.hoymercedes.com.ar\/principal\/wp-json\/wp\/v2\/posts"}],"about":[{"href":"https:\/\/www.hoymercedes.com.ar\/principal\/wp-json\/wp\/v2\/types\/post"}],"author":[{"embeddable":true,"href":"https:\/\/www.hoymercedes.com.ar\/principal\/wp-json\/wp\/v2\/users\/1"}],"replies":[{"embeddable":true,"href":"https:\/\/www.hoymercedes.com.ar\/principal\/wp-json\/wp\/v2\/comments?post=103123"}],"version-history":[{"count":0,"href":"https:\/\/www.hoymercedes.com.ar\/principal\/wp-json\/wp\/v2\/posts\/103123\/revisions"}],"wp:featuredmedia":[{"embeddable":true,"href":"https:\/\/www.hoymercedes.com.ar\/principal\/wp-json\/wp\/v2\/media\/103124"}],"wp:attachment":[{"href":"https:\/\/www.hoymercedes.com.ar\/principal\/wp-json\/wp\/v2\/media?parent=103123"}],"wp:term":[{"taxonomy":"category","embeddable":true,"href":"https:\/\/www.hoymercedes.com.ar\/principal\/wp-json\/wp\/v2\/categories?post=103123"},{"taxonomy":"post_tag","embeddable":true,"href":"https:\/\/www.hoymercedes.com.ar\/principal\/wp-json\/wp\/v2\/tags?post=103123"}],"curies":[{"name":"wp","href":"https:\/\/api.w.org\/{rel}","templated":true}]}}