{"id":103128,"date":"2019-11-28T01:03:54","date_gmt":"2019-11-28T04:03:54","guid":{"rendered":"http:\/\/www.hoymercedes.com.ar\/principal\/?p=103128"},"modified":"2019-11-29T09:16:42","modified_gmt":"2019-11-29T12:16:42","slug":"senador-martinez-los-buenos-ejemplos-hay-que-copiarlos-porque-son-a-favor-de-la-gente","status":"publish","type":"post","link":"https:\/\/www.hoymercedes.com.ar\/principal\/2019\/11\/28\/senador-martinez-los-buenos-ejemplos-hay-que-copiarlos-porque-son-a-favor-de-la-gente\/","title":{"rendered":"Senador Mart\u00ednez: \u201cLos buenos ejemplos hay que copiarlos porque son a favor de la gente\u201d"},"content":{"rendered":"\n<p>Tras la entrega del reconocimiento a nuestra ciudad por la \u201cBuena\nGesti\u00f3n 2019\u201d el senador Julio Mart\u00ednez, presidente de la Comisi\u00f3n de Asuntos\nAdministrativos y Municipales del Senado de la Naci\u00f3n se refiri\u00f3 a la\nimportancia de los programas de cuidado da la ni\u00f1ez que se desarrollan en\nMercedes.<\/p>\n\n\n\n<figure class=\"wp-block-image size-large\"><img loading=\"lazy\" decoding=\"async\" width=\"814\" height=\"631\" data-attachment-id=\"103129\" data-permalink=\"https:\/\/www.hoymercedes.com.ar\/principal\/2019\/11\/28\/senador-martinez-los-buenos-ejemplos-hay-que-copiarlos-porque-son-a-favor-de-la-gente\/senador-martinez\/#main\" data-orig-file=\"https:\/\/www.hoymercedes.com.ar\/principal\/wp-content\/uploads\/2019\/11\/Senador-Martinez.jpg\" data-orig-size=\"814,631\" data-comments-opened=\"0\" data-image-meta=\"{&quot;aperture&quot;:&quot;0&quot;,&quot;credit&quot;:&quot;&quot;,&quot;camera&quot;:&quot;&quot;,&quot;caption&quot;:&quot;&quot;,&quot;created_timestamp&quot;:&quot;0&quot;,&quot;copyright&quot;:&quot;&quot;,&quot;focal_length&quot;:&quot;0&quot;,&quot;iso&quot;:&quot;0&quot;,&quot;shutter_speed&quot;:&quot;0&quot;,&quot;title&quot;:&quot;&quot;,&quot;orientation&quot;:&quot;0&quot;}\" data-image-title=\"Senador-Martinez\" data-image-description=\"\" data-image-caption=\"\" data-large-file=\"https:\/\/www.hoymercedes.com.ar\/principal\/wp-content\/uploads\/2019\/11\/Senador-Martinez.jpg\" src=\"https:\/\/www.hoymercedes.com.ar\/principal\/wp-content\/uploads\/2019\/11\/Senador-Martinez.jpg\" alt=\"\" class=\"wp-image-103129\"\/><figcaption>Senador Martines<\/figcaption><\/figure>\n\n\n\n<p>El Senador nacional oriundo de La Rioja en el encuentro expreso que \u201ceste\nprograma nos pareci\u00f3 importante, donde participan las abuelas tejedoras y\ndem\u00e1s, por eso es algo que se tiene que difundir para que otro municipio lo\npuedan hacer, que es un poco la funci\u00f3n de esta premiaci\u00f3n\u201d y se\u00f1al\u00f3 que ser\u00eda\nimportante que \u201clo tomen algunos gobiernos provinciales y ojal\u00e1 el gobierno\nnacional\u201d. <\/p>\n\n\n\n<p>&nbsp;\u201cLos buenos ejemplos hay que copiarlos porque son a favor de la gente,\nesto no tiene bander\u00eda pol\u00edtica, no tiene partidismo. Por eso es que el jurado\nha visto a este programa (por Mil D\u00edas y la ni\u00f1ez) y lo termin\u00f3 votando\u201d\nmanifest\u00f3 el Senador Nacional y remarc\u00f3 \u201cfelicitaciones al equipo del\nintendente Ustarroz y a toda la comunidad que ha podido llevar a cabo este\nprograma\u201d.&nbsp;<\/p>\n","protected":false},"excerpt":{"rendered":"<p>Tras la entrega del reconocimiento a nuestra ciudad por la \u201cBuena Gesti\u00f3n 2019\u201d el senador Julio Mart\u00ednez, presidente de la &#8230; <a title=\"Senador Mart\u00ednez: \u201cLos buenos ejemplos hay que copiarlos porque son a favor de la gente\u201d\" class=\"read-more\" href=\"https:\/\/www.hoymercedes.com.ar\/principal\/2019\/11\/28\/senador-martinez-los-buenos-ejemplos-hay-que-copiarlos-porque-son-a-favor-de-la-gente\/\" aria-label=\"Leer m\u00e1s sobre Senador Mart\u00ednez: \u201cLos buenos ejemplos hay que copiarlos porque son a favor de la gente\u201d\">Leer m\u00e1s<\/a><\/p>\n","protected":false},"author":1,"featured_media":103129,"comment_status":"closed","ping_status":"open","sticky":false,"template":"","format":"standard","meta":{"_monsterinsights_skip_tracking":false,"_monsterinsights_sitenote_active":false,"_monsterinsights_sitenote_note":"","_monsterinsights_sitenote_category":0,"jetpack_post_was_ever_published":false,"_jetpack_newsletter_access":"","_jetpack_dont_email_post_to_subs":false,"_jetpack_newsletter_tier_id":0,"_jetpack_memberships_contains_paywalled_content":false,"_jetpack_memberships_contains_paid_content":false,"footnotes":"","jetpack_publicize_message":"","jetpack_publicize_feature_enabled":true,"jetpack_social_post_already_shared":true,"jetpack_social_options":{"image_generator_settings":{"template":"highway","default_image_id":0,"font":"","enabled":false},"version":2},"_wpas_customize_per_network":false},"categories":[30],"tags":[15974,11368,134,14037,15973],"class_list":["post-103128","post","type-post","status-publish","format-standard","has-post-thumbnail","hentry","category-municipio","tag-premio-mercedes","tag-programa-mil-dias","tag-salud","tag-senado-nacional","tag-senador-martinez","generate-columns","tablet-grid-50","mobile-grid-100","grid-parent","grid-50"],"jetpack_publicize_connections":[],"jetpack_featured_media_url":"https:\/\/www.hoymercedes.com.ar\/principal\/wp-content\/uploads\/2019\/11\/Senador-Martinez.jpg","wps_subtitle":"Primeros Mil D\u00edas","jetpack_sharing_enabled":true,"_links":{"self":[{"href":"https:\/\/www.hoymercedes.com.ar\/principal\/wp-json\/wp\/v2\/posts\/103128","targetHints":{"allow":["GET"]}}],"collection":[{"href":"https:\/\/www.hoymercedes.com.ar\/principal\/wp-json\/wp\/v2\/posts"}],"about":[{"href":"https:\/\/www.hoymercedes.com.ar\/principal\/wp-json\/wp\/v2\/types\/post"}],"author":[{"embeddable":true,"href":"https:\/\/www.hoymercedes.com.ar\/principal\/wp-json\/wp\/v2\/users\/1"}],"replies":[{"embeddable":true,"href":"https:\/\/www.hoymercedes.com.ar\/principal\/wp-json\/wp\/v2\/comments?post=103128"}],"version-history":[{"count":0,"href":"https:\/\/www.hoymercedes.com.ar\/principal\/wp-json\/wp\/v2\/posts\/103128\/revisions"}],"wp:featuredmedia":[{"embeddable":true,"href":"https:\/\/www.hoymercedes.com.ar\/principal\/wp-json\/wp\/v2\/media\/103129"}],"wp:attachment":[{"href":"https:\/\/www.hoymercedes.com.ar\/principal\/wp-json\/wp\/v2\/media?parent=103128"}],"wp:term":[{"taxonomy":"category","embeddable":true,"href":"https:\/\/www.hoymercedes.com.ar\/principal\/wp-json\/wp\/v2\/categories?post=103128"},{"taxonomy":"post_tag","embeddable":true,"href":"https:\/\/www.hoymercedes.com.ar\/principal\/wp-json\/wp\/v2\/tags?post=103128"}],"curies":[{"name":"wp","href":"https:\/\/api.w.org\/{rel}","templated":true}]}}