{"id":103132,"date":"2019-11-28T09:23:15","date_gmt":"2019-11-28T12:23:15","guid":{"rendered":"http:\/\/www.hoymercedes.com.ar\/principal\/?p=103132"},"modified":"2019-11-29T09:16:18","modified_gmt":"2019-11-29T12:16:18","slug":"fiscalia-de-delitos-complejos-de-la-justicia-mercedina-investiga-posibles-certificados-falsos-en-municipio-de-lujan","status":"publish","type":"post","link":"https:\/\/www.hoymercedes.com.ar\/principal\/2019\/11\/28\/fiscalia-de-delitos-complejos-de-la-justicia-mercedina-investiga-posibles-certificados-falsos-en-municipio-de-lujan\/","title":{"rendered":"Fiscal\u00eda de Delitos Complejos de la justicia mercedina investiga posibles certificados falsos en Municipio de Luj\u00e1n"},"content":{"rendered":"\n<p>La justicia de nuestra ciudad\ndebi\u00f3 intervenir tras la denuncia efectuada por la Municipalidad de Luj\u00e1n por\nposibles falsificaciones de documentos p\u00fablicos. En este caso se trata de una\nimportante cantidad de certificados m\u00e9dicos.&nbsp;\n<\/p>\n\n\n\n<p>Seg\u00fan se supo todo se inicia tras\ndetectar y sumariar a 17 trabajadores municipales lujanenses por presentar\ncertificados para licencias con firmas ap\u00f3crifas. <\/p>\n\n\n\n<p>El \u00e1rea de recursos humanos de la\nvecina localidad detect\u00f3 firmas parecidas y sellos extra\u00f1os, ante lo cual\ninici\u00f3 una revisi\u00f3n completa y tras ello lograr identificar la anomal\u00eda hoy\ndenunciada.<\/p>\n\n\n\n<p>Ahora la Fiscal\u00eda de Delitos\nComplejos del Departamento Judicial Mercedes<\/p>\n\n\n\n<p>\u201cTenemos un camino de\ninvestigaci\u00f3n. No lo podemos confirmar a\u00fan, pero tenemos un indicio de d\u00f3nde\nsal\u00edan esos certificados que obviamente lo vamos a investigar en este sumario.\nLa Justicia seguramente llamar\u00e1 a declarar a todas estas personas que han\npresentado estos certificados ap\u00f3crifos\u201d, respondi\u00f3 Musso, responsable de RRHH\nde la comuna de Luj\u00e1n al medio El Civismo. <\/p>\n","protected":false},"excerpt":{"rendered":"<p>La justicia de nuestra ciudad debi\u00f3 intervenir tras la denuncia efectuada por la Municipalidad de Luj\u00e1n por posibles falsificaciones de &#8230; <a title=\"Fiscal\u00eda de Delitos Complejos de la justicia mercedina investiga posibles certificados falsos en Municipio de Luj\u00e1n\" class=\"read-more\" href=\"https:\/\/www.hoymercedes.com.ar\/principal\/2019\/11\/28\/fiscalia-de-delitos-complejos-de-la-justicia-mercedina-investiga-posibles-certificados-falsos-en-municipio-de-lujan\/\" aria-label=\"Leer m\u00e1s sobre Fiscal\u00eda de Delitos Complejos de la justicia mercedina investiga posibles certificados falsos en Municipio de Luj\u00e1n\">Leer m\u00e1s<\/a><\/p>\n","protected":false},"author":1,"featured_media":64433,"comment_status":"closed","ping_status":"open","sticky":false,"template":"","format":"standard","meta":{"_monsterinsights_skip_tracking":false,"_monsterinsights_sitenote_active":false,"_monsterinsights_sitenote_note":"","_monsterinsights_sitenote_category":0,"jetpack_post_was_ever_published":false,"_jetpack_newsletter_access":"","_jetpack_dont_email_post_to_subs":false,"_jetpack_newsletter_tier_id":0,"_jetpack_memberships_contains_paywalled_content":false,"_jetpack_memberships_contains_paid_content":false,"footnotes":"","jetpack_publicize_message":"","jetpack_publicize_feature_enabled":true,"jetpack_social_post_already_shared":true,"jetpack_social_options":{"image_generator_settings":{"template":"highway","default_image_id":0,"font":"","enabled":false},"version":2},"_wpas_customize_per_network":false},"categories":[85],"tags":[15975,677,86,1057],"class_list":["post-103132","post","type-post","status-publish","format-standard","has-post-thumbnail","hentry","category-policial","tag-delitos-complejos","tag-justicia-mercedes","tag-lujan","tag-regional","generate-columns","tablet-grid-50","mobile-grid-100","grid-parent","grid-50"],"jetpack_publicize_connections":[],"jetpack_featured_media_url":"https:\/\/www.hoymercedes.com.ar\/principal\/wp-content\/uploads\/2017\/07\/tribunales.jpg","wps_subtitle":"En Luj\u00e1n","jetpack_sharing_enabled":true,"_links":{"self":[{"href":"https:\/\/www.hoymercedes.com.ar\/principal\/wp-json\/wp\/v2\/posts\/103132","targetHints":{"allow":["GET"]}}],"collection":[{"href":"https:\/\/www.hoymercedes.com.ar\/principal\/wp-json\/wp\/v2\/posts"}],"about":[{"href":"https:\/\/www.hoymercedes.com.ar\/principal\/wp-json\/wp\/v2\/types\/post"}],"author":[{"embeddable":true,"href":"https:\/\/www.hoymercedes.com.ar\/principal\/wp-json\/wp\/v2\/users\/1"}],"replies":[{"embeddable":true,"href":"https:\/\/www.hoymercedes.com.ar\/principal\/wp-json\/wp\/v2\/comments?post=103132"}],"version-history":[{"count":0,"href":"https:\/\/www.hoymercedes.com.ar\/principal\/wp-json\/wp\/v2\/posts\/103132\/revisions"}],"wp:featuredmedia":[{"embeddable":true,"href":"https:\/\/www.hoymercedes.com.ar\/principal\/wp-json\/wp\/v2\/media\/64433"}],"wp:attachment":[{"href":"https:\/\/www.hoymercedes.com.ar\/principal\/wp-json\/wp\/v2\/media?parent=103132"}],"wp:term":[{"taxonomy":"category","embeddable":true,"href":"https:\/\/www.hoymercedes.com.ar\/principal\/wp-json\/wp\/v2\/categories?post=103132"},{"taxonomy":"post_tag","embeddable":true,"href":"https:\/\/www.hoymercedes.com.ar\/principal\/wp-json\/wp\/v2\/tags?post=103132"}],"curies":[{"name":"wp","href":"https:\/\/api.w.org\/{rel}","templated":true}]}}