{"id":103135,"date":"2019-11-28T15:32:20","date_gmt":"2019-11-28T18:32:20","guid":{"rendered":"http:\/\/www.hoymercedes.com.ar\/principal\/?p=103135"},"modified":"2019-11-29T09:15:47","modified_gmt":"2019-11-29T12:15:47","slug":"con-navegacion-y-musica-se-viene-la-fiesta-del-rio","status":"publish","type":"post","link":"https:\/\/www.hoymercedes.com.ar\/principal\/2019\/11\/28\/con-navegacion-y-musica-se-viene-la-fiesta-del-rio\/","title":{"rendered":"Con navegaci\u00f3n y m\u00fasica se viene la \u00abFiesta del R\u00edo\u00bb"},"content":{"rendered":"\n<figure class=\"wp-block-embed-youtube wp-block-embed is-type-video is-provider-youtube wp-embed-aspect-16-9 wp-has-aspect-ratio\"><div class=\"wp-block-embed__wrapper\">\n<span class=\"embed-youtube\" style=\"text-align:center; display: block;\"><iframe loading=\"lazy\" class=\"youtube-player\" width=\"1200\" height=\"675\" src=\"https:\/\/www.youtube.com\/embed\/qRFUPBz7O4g?version=3&#038;rel=1&#038;showsearch=0&#038;showinfo=1&#038;iv_load_policy=1&#038;fs=1&#038;hl=es-ES&#038;autohide=2&#038;wmode=transparent\" allowfullscreen=\"true\" style=\"border:0;\" sandbox=\"allow-scripts allow-same-origin allow-popups allow-presentation allow-popups-to-escape-sandbox\"><\/iframe><\/span>\n<\/div><\/figure>\n\n\n\n<p>El pr\u00f3ximo 1 de diciembre se llevar\u00e1 a cabo una nueva \u00abFiesta del R\u00edo\u00bb. Se navegar\u00e1 y disfrutar\u00e1 de la naturaleza, promoviendo su cuidado. Habr\u00e1 grandes artistas y cantina en Parque Municipal para celebrar el D\u00eda del R\u00edo. <\/p>\n\n\n\n<p>[Este es un evento muy lindo donde se convoca a todos los vecinos de Mercedes, no s\u00f3lo a disfrutar de una jornada en comunidad sino adem\u00e1s a tomar conciencia sobre una problem\u00e1tica que nos afecta a todos\u201d manifest\u00f3 el secretario de gobierno, Dr. Juan Pablo L\u00f3pez Baggio.<\/p>\n\n\n\n<p><br> Este es un trabajo mancomunado entre las diferentes \u00e1reas del municipio y el Asociaci\u00f3n Civil SOS H\u00e1bitat.<\/p>\n\n\n\n<p><br>\u00abLos invitamos a todos a disfrutar de esta traves\u00eda que es muy bonita y que nos deja descubrir al r\u00edo pero de otra manera\u00bb dijeron desde Amigos del R\u00edo<\/p>\n","protected":false},"excerpt":{"rendered":"<p>El pr\u00f3ximo 1 de diciembre se llevar\u00e1 a cabo una nueva \u00abFiesta del R\u00edo\u00bb. Se navegar\u00e1 y disfrutar\u00e1 de la &#8230; <a title=\"Con navegaci\u00f3n y m\u00fasica se viene la \u00abFiesta del R\u00edo\u00bb\" class=\"read-more\" href=\"https:\/\/www.hoymercedes.com.ar\/principal\/2019\/11\/28\/con-navegacion-y-musica-se-viene-la-fiesta-del-rio\/\" aria-label=\"Leer m\u00e1s sobre Con navegaci\u00f3n y m\u00fasica se viene la \u00abFiesta del R\u00edo\u00bb\">Leer m\u00e1s<\/a><\/p>\n","protected":false},"author":1,"featured_media":103136,"comment_status":"closed","ping_status":"open","sticky":false,"template":"","format":"standard","meta":{"_monsterinsights_skip_tracking":false,"_monsterinsights_sitenote_active":false,"_monsterinsights_sitenote_note":"","_monsterinsights_sitenote_category":0,"jetpack_post_was_ever_published":false,"_jetpack_newsletter_access":"","_jetpack_dont_email_post_to_subs":false,"_jetpack_newsletter_tier_id":0,"_jetpack_memberships_contains_paywalled_content":false,"_jetpack_memberships_contains_paid_content":false,"footnotes":"","jetpack_publicize_message":"","jetpack_publicize_feature_enabled":true,"jetpack_social_post_already_shared":true,"jetpack_social_options":{"image_generator_settings":{"template":"highway","default_image_id":0,"font":"","enabled":false},"version":2},"_wpas_customize_per_network":false},"categories":[8],"tags":[15976,887],"class_list":["post-103135","post","type-post","status-publish","format-standard","has-post-thumbnail","hentry","category-sociedad","tag-fiesta-del-rio-lujan","tag-sos-habitat","generate-columns","tablet-grid-50","mobile-grid-100","grid-parent","grid-50"],"jetpack_publicize_connections":[],"jetpack_featured_media_url":"https:\/\/www.hoymercedes.com.ar\/principal\/wp-content\/uploads\/2019\/11\/FiestaDelRio.jpg","wps_subtitle":"Encuentro y fiesta","jetpack_sharing_enabled":true,"_links":{"self":[{"href":"https:\/\/www.hoymercedes.com.ar\/principal\/wp-json\/wp\/v2\/posts\/103135","targetHints":{"allow":["GET"]}}],"collection":[{"href":"https:\/\/www.hoymercedes.com.ar\/principal\/wp-json\/wp\/v2\/posts"}],"about":[{"href":"https:\/\/www.hoymercedes.com.ar\/principal\/wp-json\/wp\/v2\/types\/post"}],"author":[{"embeddable":true,"href":"https:\/\/www.hoymercedes.com.ar\/principal\/wp-json\/wp\/v2\/users\/1"}],"replies":[{"embeddable":true,"href":"https:\/\/www.hoymercedes.com.ar\/principal\/wp-json\/wp\/v2\/comments?post=103135"}],"version-history":[{"count":0,"href":"https:\/\/www.hoymercedes.com.ar\/principal\/wp-json\/wp\/v2\/posts\/103135\/revisions"}],"wp:featuredmedia":[{"embeddable":true,"href":"https:\/\/www.hoymercedes.com.ar\/principal\/wp-json\/wp\/v2\/media\/103136"}],"wp:attachment":[{"href":"https:\/\/www.hoymercedes.com.ar\/principal\/wp-json\/wp\/v2\/media?parent=103135"}],"wp:term":[{"taxonomy":"category","embeddable":true,"href":"https:\/\/www.hoymercedes.com.ar\/principal\/wp-json\/wp\/v2\/categories?post=103135"},{"taxonomy":"post_tag","embeddable":true,"href":"https:\/\/www.hoymercedes.com.ar\/principal\/wp-json\/wp\/v2\/tags?post=103135"}],"curies":[{"name":"wp","href":"https:\/\/api.w.org\/{rel}","templated":true}]}}