{"id":103143,"date":"2019-11-28T20:27:40","date_gmt":"2019-11-28T23:27:40","guid":{"rendered":"http:\/\/www.hoymercedes.com.ar\/principal\/?p=103143"},"modified":"2019-11-29T09:15:34","modified_gmt":"2019-11-29T12:15:34","slug":"silvia-farias-sobre-mil-dias-es-una-apuesta-que-ha-hecho-el-municipio-desde-el-amor","status":"publish","type":"post","link":"https:\/\/www.hoymercedes.com.ar\/principal\/2019\/11\/28\/silvia-farias-sobre-mil-dias-es-una-apuesta-que-ha-hecho-el-municipio-desde-el-amor\/","title":{"rendered":"Silvia Far\u00edas sobre Mil D\u00edas: \u201ces una apuesta que ha hecho el municipio desde el amor\u201d"},"content":{"rendered":"\n<figure class=\"wp-block-embed-youtube wp-block-embed is-type-video is-provider-youtube wp-embed-aspect-16-9 wp-has-aspect-ratio\"><div class=\"wp-block-embed__wrapper\">\n<span class=\"embed-youtube\" style=\"text-align:center; display: block;\"><iframe loading=\"lazy\" class=\"youtube-player\" width=\"1200\" height=\"675\" src=\"https:\/\/www.youtube.com\/embed\/wgax2pO-y20?version=3&#038;rel=1&#038;showsearch=0&#038;showinfo=1&#038;iv_load_policy=1&#038;fs=1&#038;hl=es-ES&#038;autohide=2&#038;wmode=transparent\" allowfullscreen=\"true\" style=\"border:0;\" sandbox=\"allow-scripts allow-same-origin allow-popups allow-presentation allow-popups-to-escape-sandbox\"><\/iframe><\/span>\n<\/div><\/figure>\n\n\n\n<p>Silvia Patricia Far\u00edas: \u201cpara nosotros es un orgullo haber premiado la\niniciativa donde vimos muchas fortalezas\u201d expres\u00f3 la investigadora de la\nUniversidad de Quilmes, integrante del jurado que d\u00edas atr\u00e1s dio a conocer el\nreconocimiento de la gesti\u00f3n municipal a \u201cla buena gesti\u00f3n\u201d por sus pol\u00edticas\nde infancia y 1000 D\u00edas. <\/p>\n\n\n\n<p>La investigadora coment\u00f3 al ser consultada por los medios que \u201ca pesar\nde que ya hemos premiado iniciativas de esta caracter\u00edsticas, lo que nos\npareci\u00f3 fundamental fue el hecho que no sea una pol\u00edtica focalizada\u201d y agreg\u00f3\n\u201cen este caso est\u00e1n incluidas todas las mujeres embarazadas, todos los ni\u00f1os\nhasta los 2 a\u00f1os, y eso nos pareci\u00f3 muy importante\u201d afirm\u00f3 la docentes\nuniversitaria. &nbsp;<\/p>\n\n\n\n<p>Asimismo, Far\u00edas se\u00f1al\u00f3 \u201ceste programa es importante para crear lazos en\nla comunidad, donde participan las abuelas tejedoras, las costureras y las\nmam\u00e1s en su poder a re vincularse de otras formas con los ni\u00f1os\u201d y destac\u00f3 \u201ces\nuna apuesta que ha hecho el municipio desde el amor, cuidado y desde el respeto\na cuidar la semilla que luego ser\u00e1 el \u00e1rbol de la sociedad\u201d. <\/p>\n\n\n\n<p>\u201cUna de las cosas que yo destaco como docente investigadora es el hecho\nde la construcci\u00f3n de datos propios y que se haya creado el observatorio de la\nprimera infancia es fundamental porque es la \u00fanica forma de ver los resultados.\nPorque una cosa es hacer pol\u00edtica p\u00fablica desde el escritorio y otra es el\nviaje de c\u00f3mo aterriza esa pol\u00edtica en el territorio, cu\u00e1les son los resultados\ny tener la suficiente humildad como para poder corregir aquello que no se est\u00e1\nlogrando\u201d indic\u00f3 Silvia Patricia Far\u00edas.&nbsp;&nbsp;\n&nbsp;&nbsp;&nbsp;&nbsp;&nbsp;&nbsp;&nbsp;<\/p>\n","protected":false},"excerpt":{"rendered":"<p>Silvia Patricia Far\u00edas: \u201cpara nosotros es un orgullo haber premiado la iniciativa donde vimos muchas fortalezas\u201d expres\u00f3 la investigadora de &#8230; <a title=\"Silvia Far\u00edas sobre Mil D\u00edas: \u201ces una apuesta que ha hecho el municipio desde el amor\u201d\" class=\"read-more\" href=\"https:\/\/www.hoymercedes.com.ar\/principal\/2019\/11\/28\/silvia-farias-sobre-mil-dias-es-una-apuesta-que-ha-hecho-el-municipio-desde-el-amor\/\" aria-label=\"Leer m\u00e1s sobre Silvia Far\u00edas sobre Mil D\u00edas: \u201ces una apuesta que ha hecho el municipio desde el amor\u201d\">Leer m\u00e1s<\/a><\/p>\n","protected":false},"author":1,"featured_media":103144,"comment_status":"closed","ping_status":"open","sticky":false,"template":"","format":"standard","meta":{"_monsterinsights_skip_tracking":false,"_monsterinsights_sitenote_active":false,"_monsterinsights_sitenote_note":"","_monsterinsights_sitenote_category":0,"jetpack_post_was_ever_published":false,"_jetpack_newsletter_access":"","_jetpack_dont_email_post_to_subs":false,"_jetpack_newsletter_tier_id":0,"_jetpack_memberships_contains_paywalled_content":false,"_jetpack_memberships_contains_paid_content":false,"footnotes":"","jetpack_publicize_message":"","jetpack_publicize_feature_enabled":true,"jetpack_social_post_already_shared":true,"jetpack_social_options":{"image_generator_settings":{"template":"highway","default_image_id":0,"font":"","enabled":false},"version":2},"_wpas_customize_per_network":false},"categories":[30],"tags":[11734,15977,134,14037],"class_list":["post-103143","post","type-post","status-publish","format-standard","has-post-thumbnail","hentry","category-municipio","tag-mil-dias","tag-reconocimiento-municipio","tag-salud","tag-senado-nacional","generate-columns","tablet-grid-50","mobile-grid-100","grid-parent","grid-50"],"jetpack_publicize_connections":[],"jetpack_featured_media_url":"https:\/\/www.hoymercedes.com.ar\/principal\/wp-content\/uploads\/2019\/11\/Silvia-Farias.jpg","wps_subtitle":"Pol\u00edticas P\u00fablicas","jetpack_sharing_enabled":true,"_links":{"self":[{"href":"https:\/\/www.hoymercedes.com.ar\/principal\/wp-json\/wp\/v2\/posts\/103143","targetHints":{"allow":["GET"]}}],"collection":[{"href":"https:\/\/www.hoymercedes.com.ar\/principal\/wp-json\/wp\/v2\/posts"}],"about":[{"href":"https:\/\/www.hoymercedes.com.ar\/principal\/wp-json\/wp\/v2\/types\/post"}],"author":[{"embeddable":true,"href":"https:\/\/www.hoymercedes.com.ar\/principal\/wp-json\/wp\/v2\/users\/1"}],"replies":[{"embeddable":true,"href":"https:\/\/www.hoymercedes.com.ar\/principal\/wp-json\/wp\/v2\/comments?post=103143"}],"version-history":[{"count":0,"href":"https:\/\/www.hoymercedes.com.ar\/principal\/wp-json\/wp\/v2\/posts\/103143\/revisions"}],"wp:featuredmedia":[{"embeddable":true,"href":"https:\/\/www.hoymercedes.com.ar\/principal\/wp-json\/wp\/v2\/media\/103144"}],"wp:attachment":[{"href":"https:\/\/www.hoymercedes.com.ar\/principal\/wp-json\/wp\/v2\/media?parent=103143"}],"wp:term":[{"taxonomy":"category","embeddable":true,"href":"https:\/\/www.hoymercedes.com.ar\/principal\/wp-json\/wp\/v2\/categories?post=103143"},{"taxonomy":"post_tag","embeddable":true,"href":"https:\/\/www.hoymercedes.com.ar\/principal\/wp-json\/wp\/v2\/tags?post=103143"}],"curies":[{"name":"wp","href":"https:\/\/api.w.org\/{rel}","templated":true}]}}