{"id":103147,"date":"2019-11-28T22:30:00","date_gmt":"2019-11-29T01:30:00","guid":{"rendered":"http:\/\/www.hoymercedes.com.ar\/principal\/?p=103147"},"modified":"2019-11-29T09:15:02","modified_gmt":"2019-11-29T12:15:02","slug":"ponen-en-valor-e-inauguran-plaza-para-barrios-san-martin-y-12-de-octubre","status":"publish","type":"post","link":"https:\/\/www.hoymercedes.com.ar\/principal\/2019\/11\/28\/ponen-en-valor-e-inauguran-plaza-para-barrios-san-martin-y-12-de-octubre\/","title":{"rendered":"Ponen en valor e inauguran plaza para barrios San Mart\u00edn y 12 de Octubre"},"content":{"rendered":"\n<p>Los barrios San Mart\u00edn y 12 de Octubre ya pueden disfrutar de un nuevo\nespacio recuperado por el Municipio de Mercedes. Esta nueva intervenci\u00f3n le\nofrece a la comunidad un lugar para que los ni\u00f1os y las familias de la ciudad\nse encuentren y disfruten. Esta plaza hecha a nueva con juegos inclusivos y\nzonas de esparcimiento para todos se suma a la gran gama de espacios\nconstruidos en toda la ciudad. \u201cCreo que es un sue\u00f1o, que todos tenemos, el de\nhacer realidad el axioma que dice que los \u00fanicos privilegiados deben ser los\nni\u00f1os\u201d remarc\u00f3 el intendente Juan Ignacio Ustarroz. <\/p>\n\n\n\n<figure class=\"wp-block-image size-large\"><img loading=\"lazy\" decoding=\"async\" width=\"948\" height=\"632\" data-attachment-id=\"103150\" data-permalink=\"https:\/\/www.hoymercedes.com.ar\/principal\/2019\/11\/28\/ponen-en-valor-e-inauguran-plaza-para-barrios-san-martin-y-12-de-octubre\/dsc_0066-3\/#main\" data-orig-file=\"https:\/\/www.hoymercedes.com.ar\/principal\/wp-content\/uploads\/2019\/11\/DSC_0066.jpg\" data-orig-size=\"948,632\" data-comments-opened=\"0\" data-image-meta=\"{&quot;aperture&quot;:&quot;0&quot;,&quot;credit&quot;:&quot;&quot;,&quot;camera&quot;:&quot;&quot;,&quot;caption&quot;:&quot;&quot;,&quot;created_timestamp&quot;:&quot;0&quot;,&quot;copyright&quot;:&quot;&quot;,&quot;focal_length&quot;:&quot;0&quot;,&quot;iso&quot;:&quot;0&quot;,&quot;shutter_speed&quot;:&quot;0&quot;,&quot;title&quot;:&quot;&quot;,&quot;orientation&quot;:&quot;0&quot;}\" data-image-title=\"DSC_0066\" data-image-description=\"\" data-image-caption=\"\" data-large-file=\"https:\/\/www.hoymercedes.com.ar\/principal\/wp-content\/uploads\/2019\/11\/DSC_0066.jpg\" src=\"https:\/\/www.hoymercedes.com.ar\/principal\/wp-content\/uploads\/2019\/11\/DSC_0066.jpg\" alt=\"\" class=\"wp-image-103150\"\/><figcaption>Ustarroz y vecinos de 12 de Octubre y San Mart\u00edn <\/figcaption><\/figure>\n\n\n\n<p>El intendente Ustarroz en el marco de la inauguraci\u00f3n de esta nueva\nplaza se\u00f1al\u00f3 \u201cqueremos convocar a todos los vecinos a abrazarnos, unirnos y a\nponernos codo a codo para trabajar por nuestra ni\u00f1ez, porque una ciudad, un\npueblo, una comunidad que trabaja por los ni\u00f1os es un lugar mejor\u201d. <\/p>\n\n\n\n<p>Asimismo, el Dr. Ustarroz manifest\u00f3 \u201cgracias a la voluntad popular\ntenemos 4 a\u00f1os m\u00e1s de gobierno por delante, los cuales debemos recorrerlos\nentre todos trabajando por los barrios, los ni\u00f1os, la educaci\u00f3n, por la salud,\npor la felicidad de un pueblo\u201d. <\/p>\n\n\n\n<p>\u201cQuiero pedirles a los chicos y sus familias que cuiden mucho este\nespacio, que respeten a los vecinos que viven ac\u00e1 y que podamos hacer de este\nlugar una plaza de alegr\u00eda y encuentro\u201d sostuvo el Dr. Ustarroz y convoc\u00f3 \u201ca\nestar m\u00e1s unidos que nunca, a seguir trabajando que entre todos podemos hacer\ncrecer y florecer esta ciudad hermosa\u201d.&nbsp;&nbsp; &nbsp;<\/p>\n\n\n\n<figure class=\"wp-block-image size-large\"><img loading=\"lazy\" decoding=\"async\" width=\"948\" height=\"632\" data-attachment-id=\"103152\" data-permalink=\"https:\/\/www.hoymercedes.com.ar\/principal\/2019\/11\/28\/ponen-en-valor-e-inauguran-plaza-para-barrios-san-martin-y-12-de-octubre\/dsc_0018-2\/#main\" data-orig-file=\"https:\/\/www.hoymercedes.com.ar\/principal\/wp-content\/uploads\/2019\/11\/DSC_0018.jpg\" data-orig-size=\"948,632\" data-comments-opened=\"0\" data-image-meta=\"{&quot;aperture&quot;:&quot;0&quot;,&quot;credit&quot;:&quot;&quot;,&quot;camera&quot;:&quot;&quot;,&quot;caption&quot;:&quot;&quot;,&quot;created_timestamp&quot;:&quot;0&quot;,&quot;copyright&quot;:&quot;&quot;,&quot;focal_length&quot;:&quot;0&quot;,&quot;iso&quot;:&quot;0&quot;,&quot;shutter_speed&quot;:&quot;0&quot;,&quot;title&quot;:&quot;&quot;,&quot;orientation&quot;:&quot;0&quot;}\" data-image-title=\"DSC_0018\" data-image-description=\"\" data-image-caption=\"\" data-large-file=\"https:\/\/www.hoymercedes.com.ar\/principal\/wp-content\/uploads\/2019\/11\/DSC_0018.jpg\" src=\"https:\/\/www.hoymercedes.com.ar\/principal\/wp-content\/uploads\/2019\/11\/DSC_0018.jpg\" alt=\"\" class=\"wp-image-103152\"\/><figcaption>Plaza recuperada<\/figcaption><\/figure>\n\n\n\n<p>Ester Ram\u00edrez, vecina del lugar expres\u00f3 \u201ces una alegr\u00eda muy grande poder\nver c\u00f3mo qued\u00f3 la plaza, ac\u00e1 juegan muchos ni\u00f1os por eso muchas gracias al\nse\u00f1or intendente Ustarroz\u201d y agreg\u00f3 \u201cespero que la podamos cuidar, porque este\nlugar cost\u00f3 trabajo y dinero, esta plaza depende de nosotros\u201d.&nbsp;&nbsp; <\/p>\n\n\n\n<p>De esta manera el Municipio de Mercedes contin\u00faa con los muchos y diversos trabajos de recuperaci\u00f3n de espacios p\u00fablicos e inversi\u00f3n en la construcci\u00f3n de nuevas plazas inclusivas en toda la ciudad.<\/p>\n\n\n\n<p>Info: Municipio<\/p>\n","protected":false},"excerpt":{"rendered":"<p>Los barrios San Mart\u00edn y 12 de Octubre ya pueden disfrutar de un nuevo espacio recuperado por el Municipio de &#8230; <a title=\"Ponen en valor e inauguran plaza para barrios San Mart\u00edn y 12 de Octubre\" class=\"read-more\" href=\"https:\/\/www.hoymercedes.com.ar\/principal\/2019\/11\/28\/ponen-en-valor-e-inauguran-plaza-para-barrios-san-martin-y-12-de-octubre\/\" aria-label=\"Leer m\u00e1s sobre Ponen en valor e inauguran plaza para barrios San Mart\u00edn y 12 de Octubre\">Leer m\u00e1s<\/a><\/p>\n","protected":false},"author":1,"featured_media":103152,"comment_status":"closed","ping_status":"open","sticky":false,"template":"","format":"standard","meta":{"_monsterinsights_skip_tracking":false,"_monsterinsights_sitenote_active":false,"_monsterinsights_sitenote_note":"","_monsterinsights_sitenote_category":0,"jetpack_post_was_ever_published":false,"_jetpack_newsletter_access":"","_jetpack_dont_email_post_to_subs":false,"_jetpack_newsletter_tier_id":0,"_jetpack_memberships_contains_paywalled_content":false,"_jetpack_memberships_contains_paid_content":false,"footnotes":"","jetpack_publicize_message":"","jetpack_publicize_feature_enabled":true,"jetpack_social_post_already_shared":true,"jetpack_social_options":{"image_generator_settings":{"template":"highway","default_image_id":0,"font":"","enabled":false},"version":2},"_wpas_customize_per_network":false},"categories":[30],"tags":[10258,244],"class_list":["post-103147","post","type-post","status-publish","format-standard","has-post-thumbnail","hentry","category-municipio","tag-espacios-publicos","tag-municipio-2","generate-columns","tablet-grid-50","mobile-grid-100","grid-parent","grid-50"],"jetpack_publicize_connections":[],"jetpack_featured_media_url":"https:\/\/www.hoymercedes.com.ar\/principal\/wp-content\/uploads\/2019\/11\/DSC_0018.jpg","wps_subtitle":"Espacios p\u00fablicos","jetpack_sharing_enabled":true,"_links":{"self":[{"href":"https:\/\/www.hoymercedes.com.ar\/principal\/wp-json\/wp\/v2\/posts\/103147","targetHints":{"allow":["GET"]}}],"collection":[{"href":"https:\/\/www.hoymercedes.com.ar\/principal\/wp-json\/wp\/v2\/posts"}],"about":[{"href":"https:\/\/www.hoymercedes.com.ar\/principal\/wp-json\/wp\/v2\/types\/post"}],"author":[{"embeddable":true,"href":"https:\/\/www.hoymercedes.com.ar\/principal\/wp-json\/wp\/v2\/users\/1"}],"replies":[{"embeddable":true,"href":"https:\/\/www.hoymercedes.com.ar\/principal\/wp-json\/wp\/v2\/comments?post=103147"}],"version-history":[{"count":0,"href":"https:\/\/www.hoymercedes.com.ar\/principal\/wp-json\/wp\/v2\/posts\/103147\/revisions"}],"wp:featuredmedia":[{"embeddable":true,"href":"https:\/\/www.hoymercedes.com.ar\/principal\/wp-json\/wp\/v2\/media\/103152"}],"wp:attachment":[{"href":"https:\/\/www.hoymercedes.com.ar\/principal\/wp-json\/wp\/v2\/media?parent=103147"}],"wp:term":[{"taxonomy":"category","embeddable":true,"href":"https:\/\/www.hoymercedes.com.ar\/principal\/wp-json\/wp\/v2\/categories?post=103147"},{"taxonomy":"post_tag","embeddable":true,"href":"https:\/\/www.hoymercedes.com.ar\/principal\/wp-json\/wp\/v2\/tags?post=103147"}],"curies":[{"name":"wp","href":"https:\/\/api.w.org\/{rel}","templated":true}]}}