{"id":103172,"date":"2019-11-29T12:45:00","date_gmt":"2019-11-29T15:45:00","guid":{"rendered":"http:\/\/www.hoymercedes.com.ar\/principal\/?p=103172"},"modified":"2019-11-29T09:03:00","modified_gmt":"2019-11-29T12:03:00","slug":"abierta-inscripcion-2020-para-la-escuela-de-estetica-n-1","status":"publish","type":"post","link":"https:\/\/www.hoymercedes.com.ar\/principal\/2019\/11\/29\/abierta-inscripcion-2020-para-la-escuela-de-estetica-n-1\/","title":{"rendered":"Abierta inscripci\u00f3n 2020 para la Escuela de Est\u00e9tica N\u00b0 1"},"content":{"rendered":"\n<p>Hasta fin de a\u00f1o\nest\u00e1 abierta la inscripci\u00f3n de la Escuela de Est\u00e9tica N\u00b0 1 de Mercedes para cursar\na lo largo del 2020, m\u00e1s all\u00e1 de que tambi\u00e9n tendr\u00e1n escuela de verano. <\/p>\n\n\n\n<p>Para ni\u00f1os de 5 a\n11 a\u00f1os, la propuesta educativa complementaria a la escuela de nivel primario,\npropone talleres de m\u00fasica, pl\u00e1stica, expresi\u00f3n corporal y teatro. <\/p>\n\n\n\n<p>Dos d\u00edas a la\nsemana, de 9 a 12 o de 14 a 17 horas, la Escuela de Est\u00e9tica es oficial y\ngratuita y se cursa en el predio del Mart\u00edn Rodr\u00edguez ingresando por calle 11\nentre las calles 4 y 6. <\/p>\n\n\n\n<p>La inscripci\u00f3n\nest\u00e1 abierta hasta el 27 de diciembre. Es necesario llevar DNI del alumno y de\nlos padres o tutores que lo inscriben, y una constancia de alumno regular de la\nescuela primaria a la que asisten nos estudiantes. <\/p>\n","protected":false},"excerpt":{"rendered":"<p>Hasta fin de a\u00f1o est\u00e1 abierta la inscripci\u00f3n de la Escuela de Est\u00e9tica N\u00b0 1 de Mercedes para cursar a &#8230; <a title=\"Abierta inscripci\u00f3n 2020 para la Escuela de Est\u00e9tica N\u00b0 1\" class=\"read-more\" href=\"https:\/\/www.hoymercedes.com.ar\/principal\/2019\/11\/29\/abierta-inscripcion-2020-para-la-escuela-de-estetica-n-1\/\" aria-label=\"Leer m\u00e1s sobre Abierta inscripci\u00f3n 2020 para la Escuela de Est\u00e9tica N\u00b0 1\">Leer m\u00e1s<\/a><\/p>\n","protected":false},"author":1,"featured_media":103162,"comment_status":"closed","ping_status":"open","sticky":false,"template":"","format":"standard","meta":{"_monsterinsights_skip_tracking":false,"_monsterinsights_sitenote_active":false,"_monsterinsights_sitenote_note":"","_monsterinsights_sitenote_category":0,"jetpack_post_was_ever_published":false,"_jetpack_newsletter_access":"","_jetpack_dont_email_post_to_subs":false,"_jetpack_newsletter_tier_id":0,"_jetpack_memberships_contains_paywalled_content":false,"_jetpack_memberships_contains_paid_content":false,"footnotes":"","jetpack_publicize_message":"","jetpack_publicize_feature_enabled":true,"jetpack_social_post_already_shared":true,"jetpack_social_options":{"image_generator_settings":{"template":"highway","default_image_id":0,"font":"","enabled":false},"version":2},"_wpas_customize_per_network":false},"categories":[23],"tags":[47,9400,15978],"class_list":["post-103172","post","type-post","status-publish","format-standard","has-post-thumbnail","hentry","category-educacion","tag-educacion-2","tag-escuela-de-estetica","tag-inscripcion-abierta","generate-columns","tablet-grid-50","mobile-grid-100","grid-parent","grid-50"],"jetpack_publicize_connections":[],"jetpack_featured_media_url":"https:\/\/www.hoymercedes.com.ar\/principal\/wp-content\/uploads\/2019\/11\/29-esc-estetica.png","wps_subtitle":"Educaci\u00f3n p\u00fablica y gratuita","jetpack_sharing_enabled":true,"_links":{"self":[{"href":"https:\/\/www.hoymercedes.com.ar\/principal\/wp-json\/wp\/v2\/posts\/103172","targetHints":{"allow":["GET"]}}],"collection":[{"href":"https:\/\/www.hoymercedes.com.ar\/principal\/wp-json\/wp\/v2\/posts"}],"about":[{"href":"https:\/\/www.hoymercedes.com.ar\/principal\/wp-json\/wp\/v2\/types\/post"}],"author":[{"embeddable":true,"href":"https:\/\/www.hoymercedes.com.ar\/principal\/wp-json\/wp\/v2\/users\/1"}],"replies":[{"embeddable":true,"href":"https:\/\/www.hoymercedes.com.ar\/principal\/wp-json\/wp\/v2\/comments?post=103172"}],"version-history":[{"count":0,"href":"https:\/\/www.hoymercedes.com.ar\/principal\/wp-json\/wp\/v2\/posts\/103172\/revisions"}],"wp:featuredmedia":[{"embeddable":true,"href":"https:\/\/www.hoymercedes.com.ar\/principal\/wp-json\/wp\/v2\/media\/103162"}],"wp:attachment":[{"href":"https:\/\/www.hoymercedes.com.ar\/principal\/wp-json\/wp\/v2\/media?parent=103172"}],"wp:term":[{"taxonomy":"category","embeddable":true,"href":"https:\/\/www.hoymercedes.com.ar\/principal\/wp-json\/wp\/v2\/categories?post=103172"},{"taxonomy":"post_tag","embeddable":true,"href":"https:\/\/www.hoymercedes.com.ar\/principal\/wp-json\/wp\/v2\/tags?post=103172"}],"curies":[{"name":"wp","href":"https:\/\/api.w.org\/{rel}","templated":true}]}}