{"id":103174,"date":"2019-11-29T11:47:00","date_gmt":"2019-11-29T14:47:00","guid":{"rendered":"http:\/\/www.hoymercedes.com.ar\/principal\/?p=103174"},"modified":"2019-11-29T09:13:20","modified_gmt":"2019-11-29T12:13:20","slug":"lujan-un-nuevo-detenido-por-una-tentativa-de-homicidio","status":"publish","type":"post","link":"https:\/\/www.hoymercedes.com.ar\/principal\/2019\/11\/29\/lujan-un-nuevo-detenido-por-una-tentativa-de-homicidio\/","title":{"rendered":"Luj\u00e1n: Un nuevo detenido por una tentativa de homicidio"},"content":{"rendered":"\n<p>L<em>a Polic\u00eda logr\u00f3 aprehender al segundo sujeto involucrado en una balacera ocurrida el 28 de agosto pasado en Colectora Acceso Oeste y ruta 192. El operativo se llev\u00f3 a cabo en el barrio Santa Marta.<\/em><\/p>\n\n\n\n<p>En el mes de septiembre se hab\u00eda llevado a cabo la aprehensi\u00f3n de un hombre de 29 a\u00f1os en el marco de una investigaci\u00f3n penal preparatoria por una denuncia por tentativa de homicidio. Desde la UFI N\u00ba 9 de Lujan, del Departamento Judicial de Mercedes se logr\u00f3, por medio de una orden de allanamiento concedida por Juzgado de Garant\u00edas N\u00ba 1 Departamental a cargo del Dr. Marcelo Romero, que se llevara a cabo la misma.<\/p>\n\n\n\n<p>Ahora, y tras una ardua tarea desde el Cuerpo de\nInstructores de Luj\u00e1n, se logr\u00f3 dar con otro sujeto, sindicado como coautor del\ndelito que se les imputa. Una vez m\u00e1s con la anuencia del juez de Garant\u00edas que\nlibr\u00f3 una nueva orden de allanamiento y detenci\u00f3n, se llev\u00f3 a cabo la medida\ncon intervenci\u00f3n de la Direcci\u00f3n Departamental de Investigaciones Mercedes en\nla madrugada de este jueves 28 en el barrio Santa Marta de la localidad de\nLuj\u00e1n.<\/p>\n\n\n\n<p>El detenido es un hombre de 24 a\u00f1os, y\ncomparecer\u00e1 ante el agente fiscal, en el marco de la audiencia de declaraci\u00f3n\nen los t\u00e9rminos del art. 308 del C\u00f3digo Procesal Penal, en la jornada de hoy.<\/p>\n\n\n\n<p>Vale recordar que el pasado 28 de agosto en horas\ndel mediod\u00eda, ambos imputados arremetieron a los disparos contra otro sujeto en\ncercan\u00edas de una gomer\u00eda ubicada en&nbsp; Colectora\nAcceso Oeste y Ruta 192. Afortunadamente, la v\u00edctima solo recibi\u00f3 lesiones\nleves tras haber logrado refugiarse cerrando la puerta de blindex que asegura\nel comercio. <\/p>\n\n\n\n<p>A los pocos d\u00edas del hecho se logr\u00f3 la detenci\u00f3n\ndel primero &#8211; que actualmente se encuentra con prisi\u00f3n preventiva-,&nbsp; se realizaron varios allanamientos y se\nsecuestr\u00f3 la moto en la que se movilizaban.<\/p>\n\n\n\n<p>Ambos enfrentan cargos por el delito de\n\u201cHomicidio agravado por haber sido cometido mediante el empleo de un arma de\nfuego y por su comisi\u00f3n con alevos\u00eda, en grado de tentativa\u201d.<\/p>\n","protected":false},"excerpt":{"rendered":"<p>La Polic\u00eda logr\u00f3 aprehender al segundo sujeto involucrado en una balacera ocurrida el 28 de agosto pasado en Colectora Acceso &#8230; <a title=\"Luj\u00e1n: Un nuevo detenido por una tentativa de homicidio\" class=\"read-more\" href=\"https:\/\/www.hoymercedes.com.ar\/principal\/2019\/11\/29\/lujan-un-nuevo-detenido-por-una-tentativa-de-homicidio\/\" aria-label=\"Leer m\u00e1s sobre Luj\u00e1n: Un nuevo detenido por una tentativa de homicidio\">Leer m\u00e1s<\/a><\/p>\n","protected":false},"author":1,"featured_media":103175,"comment_status":"closed","ping_status":"open","sticky":false,"template":"","format":"standard","meta":{"_monsterinsights_skip_tracking":false,"_monsterinsights_sitenote_active":false,"_monsterinsights_sitenote_note":"","_monsterinsights_sitenote_category":0,"jetpack_post_was_ever_published":false,"_jetpack_newsletter_access":"","_jetpack_dont_email_post_to_subs":false,"_jetpack_newsletter_tier_id":0,"_jetpack_memberships_contains_paywalled_content":false,"_jetpack_memberships_contains_paid_content":false,"footnotes":"","jetpack_publicize_message":"","jetpack_publicize_feature_enabled":true,"jetpack_social_post_already_shared":true,"jetpack_social_options":{"image_generator_settings":{"template":"highway","default_image_id":0,"font":"","enabled":false},"version":2},"_wpas_customize_per_network":false},"categories":[85],"tags":[86,96,1057],"class_list":["post-103174","post","type-post","status-publish","format-standard","has-post-thumbnail","hentry","category-policial","tag-lujan","tag-policial-2","tag-regional","generate-columns","tablet-grid-50","mobile-grid-100","grid-parent","grid-50"],"jetpack_publicize_connections":[],"jetpack_featured_media_url":"https:\/\/www.hoymercedes.com.ar\/principal\/wp-content\/uploads\/2019\/11\/29-policial-lujan.jpg","wps_subtitle":"Regional","jetpack_sharing_enabled":true,"_links":{"self":[{"href":"https:\/\/www.hoymercedes.com.ar\/principal\/wp-json\/wp\/v2\/posts\/103174","targetHints":{"allow":["GET"]}}],"collection":[{"href":"https:\/\/www.hoymercedes.com.ar\/principal\/wp-json\/wp\/v2\/posts"}],"about":[{"href":"https:\/\/www.hoymercedes.com.ar\/principal\/wp-json\/wp\/v2\/types\/post"}],"author":[{"embeddable":true,"href":"https:\/\/www.hoymercedes.com.ar\/principal\/wp-json\/wp\/v2\/users\/1"}],"replies":[{"embeddable":true,"href":"https:\/\/www.hoymercedes.com.ar\/principal\/wp-json\/wp\/v2\/comments?post=103174"}],"version-history":[{"count":0,"href":"https:\/\/www.hoymercedes.com.ar\/principal\/wp-json\/wp\/v2\/posts\/103174\/revisions"}],"wp:featuredmedia":[{"embeddable":true,"href":"https:\/\/www.hoymercedes.com.ar\/principal\/wp-json\/wp\/v2\/media\/103175"}],"wp:attachment":[{"href":"https:\/\/www.hoymercedes.com.ar\/principal\/wp-json\/wp\/v2\/media?parent=103174"}],"wp:term":[{"taxonomy":"category","embeddable":true,"href":"https:\/\/www.hoymercedes.com.ar\/principal\/wp-json\/wp\/v2\/categories?post=103174"},{"taxonomy":"post_tag","embeddable":true,"href":"https:\/\/www.hoymercedes.com.ar\/principal\/wp-json\/wp\/v2\/tags?post=103174"}],"curies":[{"name":"wp","href":"https:\/\/api.w.org\/{rel}","templated":true}]}}