{"id":103185,"date":"2019-11-29T10:17:43","date_gmt":"2019-11-29T13:17:43","guid":{"rendered":"http:\/\/www.hoymercedes.com.ar\/principal\/?p=103185"},"modified":"2019-11-29T11:51:56","modified_gmt":"2019-11-29T14:51:56","slug":"prorrogan-entrega-de-presupuesto-2020-hasta-el-19-de-diciembre","status":"publish","type":"post","link":"https:\/\/www.hoymercedes.com.ar\/principal\/2019\/11\/29\/prorrogan-entrega-de-presupuesto-2020-hasta-el-19-de-diciembre\/","title":{"rendered":"Prorrogan entrega de presupuesto 2020 hasta el 19 de diciembre"},"content":{"rendered":"\n<p>#Ahora Promediando la ma\u00f1ana de este viernes, el Concejo Deliberante sesion\u00f3 de manera extraordinaria para solicitarle una nueva pr\u00f3rroga para presentar el presupuesto 2020. Los legisladores locales aprobaron dando como nuevo plazo el 19 de diciembre. <\/p>\n","protected":false},"excerpt":{"rendered":"<p>#Ahora Promediando la ma\u00f1ana de este viernes, el Concejo Deliberante sesion\u00f3 de manera extraordinaria para solicitarle una nueva pr\u00f3rroga para &#8230; <a title=\"Prorrogan entrega de presupuesto 2020 hasta el 19 de diciembre\" class=\"read-more\" href=\"https:\/\/www.hoymercedes.com.ar\/principal\/2019\/11\/29\/prorrogan-entrega-de-presupuesto-2020-hasta-el-19-de-diciembre\/\" aria-label=\"Leer m\u00e1s sobre Prorrogan entrega de presupuesto 2020 hasta el 19 de diciembre\">Leer m\u00e1s<\/a><\/p>\n","protected":false},"author":1,"featured_media":103186,"comment_status":"closed","ping_status":"open","sticky":false,"template":"","format":"standard","meta":{"_monsterinsights_skip_tracking":false,"_monsterinsights_sitenote_active":false,"_monsterinsights_sitenote_note":"","_monsterinsights_sitenote_category":0,"jetpack_post_was_ever_published":false,"_jetpack_newsletter_access":"","_jetpack_dont_email_post_to_subs":false,"_jetpack_newsletter_tier_id":0,"_jetpack_memberships_contains_paywalled_content":false,"_jetpack_memberships_contains_paid_content":false,"footnotes":"","jetpack_publicize_message":"","jetpack_publicize_feature_enabled":true,"jetpack_social_post_already_shared":true,"jetpack_social_options":{"image_generator_settings":{"template":"highway","default_image_id":0,"font":"","enabled":false},"version":2},"_wpas_customize_per_network":false},"categories":[8],"tags":[15,15980,10453],"class_list":["post-103185","post","type-post","status-publish","format-standard","has-post-thumbnail","hentry","category-sociedad","tag-hcd","tag-presupuesto-2020","tag-prorroga","generate-columns","tablet-grid-50","mobile-grid-100","grid-parent","grid-50"],"jetpack_publicize_connections":[],"jetpack_featured_media_url":"https:\/\/www.hoymercedes.com.ar\/principal\/wp-content\/uploads\/2019\/11\/sesi\u00f3n-800x600.jpeg","wps_subtitle":"En sesi\u00f3n extraordinaria","jetpack_sharing_enabled":true,"_links":{"self":[{"href":"https:\/\/www.hoymercedes.com.ar\/principal\/wp-json\/wp\/v2\/posts\/103185","targetHints":{"allow":["GET"]}}],"collection":[{"href":"https:\/\/www.hoymercedes.com.ar\/principal\/wp-json\/wp\/v2\/posts"}],"about":[{"href":"https:\/\/www.hoymercedes.com.ar\/principal\/wp-json\/wp\/v2\/types\/post"}],"author":[{"embeddable":true,"href":"https:\/\/www.hoymercedes.com.ar\/principal\/wp-json\/wp\/v2\/users\/1"}],"replies":[{"embeddable":true,"href":"https:\/\/www.hoymercedes.com.ar\/principal\/wp-json\/wp\/v2\/comments?post=103185"}],"version-history":[{"count":0,"href":"https:\/\/www.hoymercedes.com.ar\/principal\/wp-json\/wp\/v2\/posts\/103185\/revisions"}],"wp:featuredmedia":[{"embeddable":true,"href":"https:\/\/www.hoymercedes.com.ar\/principal\/wp-json\/wp\/v2\/media\/103186"}],"wp:attachment":[{"href":"https:\/\/www.hoymercedes.com.ar\/principal\/wp-json\/wp\/v2\/media?parent=103185"}],"wp:term":[{"taxonomy":"category","embeddable":true,"href":"https:\/\/www.hoymercedes.com.ar\/principal\/wp-json\/wp\/v2\/categories?post=103185"},{"taxonomy":"post_tag","embeddable":true,"href":"https:\/\/www.hoymercedes.com.ar\/principal\/wp-json\/wp\/v2\/tags?post=103185"}],"curies":[{"name":"wp","href":"https:\/\/api.w.org\/{rel}","templated":true}]}}