{"id":103240,"date":"2019-12-01T17:14:00","date_gmt":"2019-12-01T20:14:00","guid":{"rendered":"http:\/\/www.hoymercedes.com.ar\/principal\/?p=103240"},"modified":"2019-12-01T15:15:49","modified_gmt":"2019-12-01T18:15:49","slug":"roban-en-suipacha-y-son-detenidos-en-ruta-n5-jurisdicciones-mercedes","status":"publish","type":"post","link":"https:\/\/www.hoymercedes.com.ar\/principal\/2019\/12\/01\/roban-en-suipacha-y-son-detenidos-en-ruta-n5-jurisdicciones-mercedes\/","title":{"rendered":"Roban en Suipacha y son detenidos en Ruta N\u00b05 jurisdicciones Mercedes"},"content":{"rendered":"\n<figure class=\"wp-block-image size-large\"><img loading=\"lazy\" decoding=\"async\" width=\"800\" height=\"896\" data-attachment-id=\"103230\" data-permalink=\"https:\/\/www.hoymercedes.com.ar\/principal\/ford-fiesta-detencion-suipacha\/\" data-orig-file=\"https:\/\/www.hoymercedes.com.ar\/principal\/wp-content\/uploads\/2019\/11\/ford-fiesta-detencion-suipacha.jpg\" data-orig-size=\"800,896\" data-comments-opened=\"0\" data-image-meta=\"{&quot;aperture&quot;:&quot;0&quot;,&quot;credit&quot;:&quot;&quot;,&quot;camera&quot;:&quot;&quot;,&quot;caption&quot;:&quot;&quot;,&quot;created_timestamp&quot;:&quot;0&quot;,&quot;copyright&quot;:&quot;&quot;,&quot;focal_length&quot;:&quot;0&quot;,&quot;iso&quot;:&quot;0&quot;,&quot;shutter_speed&quot;:&quot;0&quot;,&quot;title&quot;:&quot;&quot;,&quot;orientation&quot;:&quot;0&quot;}\" data-image-title=\"ford-fiesta-detencion-suipacha\" data-image-description=\"\" data-image-caption=\"\" data-large-file=\"https:\/\/www.hoymercedes.com.ar\/principal\/wp-content\/uploads\/2019\/11\/ford-fiesta-detencion-suipacha.jpg\" src=\"https:\/\/www.hoymercedes.com.ar\/principal\/wp-content\/uploads\/2019\/11\/ford-fiesta-detencion-suipacha.jpg\" alt=\"\" class=\"wp-image-103230\"\/><\/figure>\n\n\n\n<p>Tras persecuci\u00f3n logran detener en jurisdicci\u00f3n de Mercedes\na una mujer con un mejor tras cometer un il\u00edcito en la localidad de Suipacha.\nHubo desde la mencionada ciudad un alerta a las comisar\u00edas de la zona logrando\nla detenci\u00f3n en ruta nacional n\u00b05. <\/p>\n\n\n\n<p>Seg\u00fan se inform\u00f3 fue una kinesi\u00f3loga la que da el alerta\nsobre un veh\u00edculo, marca Ford Fiesta de color rojo, con una femenina y un menor\nen su interior, estacionado en contramano visibilizando un equipo de m\u00fasica de\nsu propiedad. A partir de all\u00ed se da b\u00fasqueda por medio de las c\u00e1maras de\nseguridad y con pedido de intervenci\u00f3n de las polic\u00edas zonales comprendiendo\nque el \u201cintento de fuga\u201d iba a darse tal como finalmente sucedi\u00f3<\/p>\n\n\n\n<p>Logran detectar que se fugaba con direcci\u00f3n a Mercedes y fue\nas\u00ed que moviliz\u00e1ndose con rapidez logran detenerlo ya sobre tierras mercedinas.\n<\/p>\n\n\n\n<p>Ahora la mujer deber\u00e1 dar cuenta ante el Departamento\nJudicial Mercedes por el il\u00edcito cometido.&nbsp;\n<\/p>\n","protected":false},"excerpt":{"rendered":"<p>Tras persecuci\u00f3n logran detener en jurisdicci\u00f3n de Mercedes a una mujer con un mejor tras cometer un il\u00edcito en la &#8230; <a title=\"Roban en Suipacha y son detenidos en Ruta N\u00b05 jurisdicciones Mercedes\" class=\"read-more\" href=\"https:\/\/www.hoymercedes.com.ar\/principal\/2019\/12\/01\/roban-en-suipacha-y-son-detenidos-en-ruta-n5-jurisdicciones-mercedes\/\" aria-label=\"Leer m\u00e1s sobre Roban en Suipacha y son detenidos en Ruta N\u00b05 jurisdicciones Mercedes\">Leer m\u00e1s<\/a><\/p>\n","protected":false},"author":1,"featured_media":103230,"comment_status":"closed","ping_status":"open","sticky":false,"template":"","format":"standard","meta":{"_monsterinsights_skip_tracking":false,"_monsterinsights_sitenote_active":false,"_monsterinsights_sitenote_note":"","_monsterinsights_sitenote_category":0,"jetpack_post_was_ever_published":false,"_jetpack_newsletter_access":"","_jetpack_dont_email_post_to_subs":false,"_jetpack_newsletter_tier_id":0,"_jetpack_memberships_contains_paywalled_content":false,"_jetpack_memberships_contains_paid_content":false,"footnotes":"","jetpack_publicize_message":"","jetpack_publicize_feature_enabled":true,"jetpack_social_post_already_shared":true,"jetpack_social_options":{"image_generator_settings":{"template":"highway","default_image_id":0,"font":"","enabled":false},"version":2},"_wpas_customize_per_network":false},"categories":[85],"tags":[559],"class_list":["post-103240","post","type-post","status-publish","format-standard","has-post-thumbnail","hentry","category-policial","tag-suipacha","generate-columns","tablet-grid-50","mobile-grid-100","grid-parent","grid-50"],"jetpack_publicize_connections":[],"jetpack_featured_media_url":"https:\/\/www.hoymercedes.com.ar\/principal\/wp-content\/uploads\/2019\/11\/ford-fiesta-detencion-suipacha.jpg","wps_subtitle":"Acci\u00f3n policial ","jetpack_sharing_enabled":true,"_links":{"self":[{"href":"https:\/\/www.hoymercedes.com.ar\/principal\/wp-json\/wp\/v2\/posts\/103240","targetHints":{"allow":["GET"]}}],"collection":[{"href":"https:\/\/www.hoymercedes.com.ar\/principal\/wp-json\/wp\/v2\/posts"}],"about":[{"href":"https:\/\/www.hoymercedes.com.ar\/principal\/wp-json\/wp\/v2\/types\/post"}],"author":[{"embeddable":true,"href":"https:\/\/www.hoymercedes.com.ar\/principal\/wp-json\/wp\/v2\/users\/1"}],"replies":[{"embeddable":true,"href":"https:\/\/www.hoymercedes.com.ar\/principal\/wp-json\/wp\/v2\/comments?post=103240"}],"version-history":[{"count":0,"href":"https:\/\/www.hoymercedes.com.ar\/principal\/wp-json\/wp\/v2\/posts\/103240\/revisions"}],"wp:featuredmedia":[{"embeddable":true,"href":"https:\/\/www.hoymercedes.com.ar\/principal\/wp-json\/wp\/v2\/media\/103230"}],"wp:attachment":[{"href":"https:\/\/www.hoymercedes.com.ar\/principal\/wp-json\/wp\/v2\/media?parent=103240"}],"wp:term":[{"taxonomy":"category","embeddable":true,"href":"https:\/\/www.hoymercedes.com.ar\/principal\/wp-json\/wp\/v2\/categories?post=103240"},{"taxonomy":"post_tag","embeddable":true,"href":"https:\/\/www.hoymercedes.com.ar\/principal\/wp-json\/wp\/v2\/tags?post=103240"}],"curies":[{"name":"wp","href":"https:\/\/api.w.org\/{rel}","templated":true}]}}